{"id":1205614,"date":"2026-09-01T04:08:25","date_gmt":"2026-09-01T04:08:25","guid":{"rendered":"https:\/\/dimensionturistica.com\/es\/?p=1205614"},"modified":"2026-09-01T04:08:25","modified_gmt":"2026-09-01T04:08:25","slug":"el-regreso-a-clases-activa-a-los-oficiales-de-transito-en-58-puntos-de-culiacan","status":"publish","type":"post","link":"https:\/\/dimensionturistica.com\/es\/el-regreso-a-clases-activa-a-los-oficiales-de-transito-en-58-puntos-de-culiacan\/","title":{"rendered":"El regreso a clases activa a los oficiales de tr\u00e1nsito en 58 puntos de Culiac\u00e1n"},"content":{"rendered":"<p><strong>Culiac\u00e1n: Un Viaje Inolvidable en el Regreso a Clases<\/strong><\/p>\n<p>El regreso a clases en Culiac\u00e1n se presenta como una temporada de renovada energ\u00eda y movimiento en la ciudad. Con la reanudaci\u00f3n del ciclo escolar, la vida en las calles cobra un nuevo ritmo, y la vibrante capital sinaloense muestra su esencia al recibir a estudiantes y familias en un camino lleno de aprendizajes y nuevas experiencias. <\/p>\n<p>La movilidad es esencial en este periodo, y es aqu\u00ed donde la labor de los agentes de tr\u00e1nsito toma protagonismo. En un esfuerzo por garantizar la seguridad de los j\u00f3venes y aliviar el tr\u00e1fico en puntos cr\u00edticos, se han movilizado en 58 cruceros estrat\u00e9gicos de la ciudad. Este despliegue no solo ayuda a los padres de familia y estudiantes a llegar a sus destinos de forma segura, sino que tambi\u00e9n impulsa un ambiente de transici\u00f3n que invita a redescubrir Culiac\u00e1n.<\/p>\n<p>La ciudad, conocida por su rica cultura y gastronom\u00eda, se convierte en un escenario ideal para aprovechar el regreso a clases. Imag\u00ednate, despu\u00e9s de una semana de estudio, disfrutar de una tarde en uno de los hermosos parques locales o explorar los mercados tradicionales donde la oferta culinaria es rica y variada. Las familias pueden aprovechar para disfrutar de la hospitalidad culiacanense mientras exploran nuevos sabores y experiencias.<\/p>\n<p>Adem\u00e1s del movimiento escolar, Culiac\u00e1n tiene mucho que ofrecer a quienes buscan aventuras m\u00e1s all\u00e1 de las aulas. Desde sus impresionantes espacios naturales, hasta su vibrante vida nocturna, la ciudad se presenta como un destino ideal para aquellos que quieren mezclar un poco de educaci\u00f3n con placer. La cercan\u00eda a la naturaleza, como el parque Las Riberas, brinda un lugar perfecto para que los estudiantes se relajen y se reconecten con su entorno, favoreciendo no solo el bienestar f\u00edsico, sino tambi\u00e9n mental.<\/p>\n<p>La cultura en Culiac\u00e1n es otro pilar que resalta durante esta \u00e9poca. Los museos y galer\u00edas locales ofrecen exposiciones que pueden complementar el aprendizaje en el aula. Un viaje al Museo de Arte de Sinaloa o al Museo Regional se convierte en una pr\u00e1ctica educativa que va m\u00e1s all\u00e1 de los libros, enriqueciendo el conocimiento de los estudiantes con la historia y el arte local.<\/p>\n<p>Pero no se puede olvidar que, con el regreso a clases, tambi\u00e9n se restaura el sentido de comunidad. Las reuniones en la escuela, las actividades extracurriculares y los eventos deportivos son una excelente manera de generar lazos entre amigos y fomentar un sentido de pertenencia. La uni\u00f3n y la colaboraci\u00f3n ser\u00e1n fundamentales en esta nueva etapa.<\/p>\n<p>As\u00ed que, mientras Culiac\u00e1n se reorganiza y cada ni\u00f1o vuelve a la escuela, tambi\u00e9n se percibe un ambiente de esperanza y entusiasmo. Este regreso a clases no solo representa una oportunidad de aprendizaje acad\u00e9mico, sino tambi\u00e9n una invitaci\u00f3n a descubrir y redescubrir la belleza y riqueza que esta ciudad tiene para ofrecer. Al final del d\u00eda, cada momento es una oportunidad para aprender, experimentar y disfrutar de lo que Culiac\u00e1n sigue construyendo con su comunidad.<\/p>\n<p><em> &#8221; Fuentes www.meganoticias.mx &#8221; <\/em><\/p>\n","protected":false},"excerpt":{"rendered":"<p>Culiac\u00e1n: Un Viaje Inolvidable en el Regreso a Clases El regreso a clases en Culiac\u00e1n se presenta como una temporada de renovada energ\u00eda y movimiento en la ciudad. Con la reanudaci\u00f3n del ciclo escolar, la vida en las calles cobra un nuevo ritmo, y la vibrante capital sinaloense muestra su esencia al recibir a estudiantes [&hellip;]<\/p>\n","protected":false},"author":4,"featured_media":1205477,"comment_status":"open","ping_status":"closed","sticky":false,"template":"","format":"standard","meta":{"om_disable_all_campaigns":false,"jnews-multi-image_gallery":[],"jnews_single_post":[],"jnews_primary_category":[],"jnews_social_meta":[],"footnotes":""},"categories":[41],"tags":[67123,543,2600,3336,1347,17602,971,13819,296202,653],"class_list":["post-1205614","post","type-post","status-publish","format-standard","has-post-thumbnail","hentry","category-cruceros","tag-agentes-de-transito","tag-cruceros","tag-culiacan","tag-educacion","tag-movilidad","tag-movilidad-urbana","tag-regreso-a-clases","tag-seguridad-vial","tag-sspytm","tag-transporte"],"_links":{"self":[{"href":"https:\/\/dimensionturistica.com\/es\/wp-json\/wp\/v2\/posts\/1205614","targetHints":{"allow":["GET"]}}],"collection":[{"href":"https:\/\/dimensionturistica.com\/es\/wp-json\/wp\/v2\/posts"}],"about":[{"href":"https:\/\/dimensionturistica.com\/es\/wp-json\/wp\/v2\/types\/post"}],"author":[{"embeddable":true,"href":"https:\/\/dimensionturistica.com\/es\/wp-json\/wp\/v2\/users\/4"}],"replies":[{"embeddable":true,"href":"https:\/\/dimensionturistica.com\/es\/wp-json\/wp\/v2\/comments?post=1205614"}],"version-history":[{"count":1,"href":"https:\/\/dimensionturistica.com\/es\/wp-json\/wp\/v2\/posts\/1205614\/revisions"}],"predecessor-version":[{"id":1205615,"href":"https:\/\/dimensionturistica.com\/es\/wp-json\/wp\/v2\/posts\/1205614\/revisions\/1205615"}],"wp:featuredmedia":[{"embeddable":true,"href":"https:\/\/dimensionturistica.com\/es\/wp-json\/wp\/v2\/media\/1205477"}],"wp:attachment":[{"href":"https:\/\/dimensionturistica.com\/es\/wp-json\/wp\/v2\/media?parent=1205614"}],"wp:term":[{"taxonomy":"category","embeddable":true,"href":"https:\/\/dimensionturistica.com\/es\/wp-json\/wp\/v2\/categories?post=1205614"},{"taxonomy":"post_tag","embeddable":true,"href":"https:\/\/dimensionturistica.com\/es\/wp-json\/wp\/v2\/tags?post=1205614"}],"curies":[{"name":"wp","href":"https:\/\/api.w.org\/{rel}","templated":true}]}}