{"id":1205602,"date":"2026-09-01T03:23:33","date_gmt":"2026-09-01T03:23:33","guid":{"rendered":"https:\/\/dimensionturistica.com\/es\/?p=1205602"},"modified":"2026-09-01T03:23:33","modified_gmt":"2026-09-01T03:23:33","slug":"programas-de-viaje-para-mayores-2026-2027-comunidades-autonomas-a-la-venta-el-14-de-septiembre","status":"publish","type":"post","link":"https:\/\/dimensionturistica.com\/es\/programas-de-viaje-para-mayores-2026-2027-comunidades-autonomas-a-la-venta-el-14-de-septiembre\/","title":{"rendered":"Programas de Viaje para Mayores 2026-2027: Comunidades Aut\u00f3nomas a la Venta el 14 de Septiembre"},"content":{"rendered":"<p><strong>Descubre Nuevos Destinos con los Viajes del Imserso para 2026-2027<\/strong><\/p>\n<p>La emoci\u00f3n de viajar est\u00e1 al alcance de la mano para quienes buscan aventuras accesibles y emocionantes. El programa de viajes del Imserso para la temporada 2026-2027 ha dado el pistoletazo de salida, brindando a los mayores de 65 a\u00f1os la oportunidad de explorar diversas comunidades de Espa\u00f1a a precios reducidos. Esta iniciativa no solo promueve el turismo, sino que tambi\u00e9n favorece la socializaci\u00f3n y el bienestar de los participantes.<\/p>\n<p>Desde el 14 de septiembre, los interesados pueden empezar a hacer reservas, un detalle que ha generado gran expectativa entre quienes desean salir a redescubrir nuestro pa\u00eds. El programa incluye una amplia variedad de destinos, garantizando que cada viajero encuentre una opci\u00f3n que se ajuste a sus gustos y preferencias. Desde las costas soleadas de la Costa del Sol hasta las encantadoras ciudades del norte, hay un lugar ideal para cada tipo de viajero.<\/p>\n<p>Una de las principales caracter\u00edsticas de los viajes del Imserso es su enfoque inclusivo. Se ofrecen paquetes que no solo abarcan alojamientos confortables, sino tambi\u00e9n actividades culturales y recreativas que permiten a los viajeros no solo descubrir los rincones m\u00e1s emblem\u00e1ticos de cada lugar, sino tambi\u00e9n conocer nuevas amistades a trav\u00e9s de experiencias compartidas. El esp\u00edritu de comunidad se refleja en cada excursi\u00f3n, creando la oportunidad de forjar lazos que trascienden la duraci\u00f3n del viaje.<\/p>\n<p>El programa tambi\u00e9n tiene en cuenta la importancia de la accesibilidad. Los itinerarios est\u00e1n dise\u00f1ados para que sean f\u00e1ciles de seguir, con medios de transporte adaptados y alojamientos que cumplen con todas las normativas necesarias para acomodar a personas con movilidad reducida. Esto asegura que la experiencia sea placentera para todos, sin que nadie se quede atr\u00e1s.<\/p>\n<p>Adem\u00e1s de la oferta de destinos nacionales, el Imserso tambi\u00e9n ha incluido propuestas de viajes al extranjero, ampliando las posibilidades de los viajeros dispuestos a salir de la rutina y vivir nuevas culturas. Con itinerarios cuidadosamente planificados, cada viaje promete ser una experiencia \u00fanica e inolvidable.<\/p>\n<p>Es importante destacar que los viajes del Imserso no son solo una forma de disfrutar de unas vacaciones; son una inversi\u00f3n en calidad de vida. Ellos fomentan la actividad f\u00edsica, el aprendizaje constante y el disfrute de la belleza natural y cultural que Espa\u00f1a y otras naciones tienen para ofrecer.<\/p>\n<p>Para quienes deseen participar en este proyecto y aprovechar esta enriquecedora experiencia, es recomendable reservar con antelaci\u00f3n, ya que los espacios suelen llenarse r\u00e1pidamente. As\u00ed que, si tienes 65 a\u00f1os o m\u00e1s y est\u00e1s listo para embarcarte en una nueva aventura, este es el momento perfecto para planificar tu pr\u00f3ximo viaje. <\/p>\n<p>Disfruta de la vida, conoce nuevas personas y desc\u00fabrete a ti mismo a lo largo de los hermosos paisajes que te esperan. Con el Imserso, cada viaje es una nueva historia por contar, llena de descubrimientos y momentos memorables. \u00a1No dejes que la oportunidad pase de largo!<\/p>\n<p><em> &#8221; Fuentes www.65ymas.com &#8221; <\/em><\/p>\n","protected":false},"excerpt":{"rendered":"<p>Descubre Nuevos Destinos con los Viajes del Imserso para 2026-2027 La emoci\u00f3n de viajar est\u00e1 al alcance de la mano para quienes buscan aventuras accesibles y emocionantes. El programa de viajes del Imserso para la temporada 2026-2027 ha dado el pistoletazo de salida, brindando a los mayores de 65 a\u00f1os la oportunidad de explorar diversas [&hellip;]<\/p>\n","protected":false},"author":4,"featured_media":1205603,"comment_status":"open","ping_status":"closed","sticky":false,"template":"","format":"standard","meta":{"om_disable_all_campaigns":false,"jnews-multi-image_gallery":[],"jnews_single_post":[],"jnews_primary_category":[],"jnews_social_meta":[],"footnotes":""},"categories":[39],"tags":[55723,22814,6324,813,3584,5606,544,545],"class_list":["post-1205602","post","type-post","status-publish","format-standard","has-post-thumbnail","hentry","category-viajes","tag-55723","tag-22814","tag-ccaa","tag-imserso","tag-oferta","tag-septiembre","tag-turismo","tag-viajes"],"_links":{"self":[{"href":"https:\/\/dimensionturistica.com\/es\/wp-json\/wp\/v2\/posts\/1205602","targetHints":{"allow":["GET"]}}],"collection":[{"href":"https:\/\/dimensionturistica.com\/es\/wp-json\/wp\/v2\/posts"}],"about":[{"href":"https:\/\/dimensionturistica.com\/es\/wp-json\/wp\/v2\/types\/post"}],"author":[{"embeddable":true,"href":"https:\/\/dimensionturistica.com\/es\/wp-json\/wp\/v2\/users\/4"}],"replies":[{"embeddable":true,"href":"https:\/\/dimensionturistica.com\/es\/wp-json\/wp\/v2\/comments?post=1205602"}],"version-history":[{"count":1,"href":"https:\/\/dimensionturistica.com\/es\/wp-json\/wp\/v2\/posts\/1205602\/revisions"}],"predecessor-version":[{"id":1205604,"href":"https:\/\/dimensionturistica.com\/es\/wp-json\/wp\/v2\/posts\/1205602\/revisions\/1205604"}],"wp:featuredmedia":[{"embeddable":true,"href":"https:\/\/dimensionturistica.com\/es\/wp-json\/wp\/v2\/media\/1205603"}],"wp:attachment":[{"href":"https:\/\/dimensionturistica.com\/es\/wp-json\/wp\/v2\/media?parent=1205602"}],"wp:term":[{"taxonomy":"category","embeddable":true,"href":"https:\/\/dimensionturistica.com\/es\/wp-json\/wp\/v2\/categories?post=1205602"},{"taxonomy":"post_tag","embeddable":true,"href":"https:\/\/dimensionturistica.com\/es\/wp-json\/wp\/v2\/tags?post=1205602"}],"curies":[{"name":"wp","href":"https:\/\/api.w.org\/{rel}","templated":true}]}}