{"id":1205575,"date":"2026-09-01T01:19:50","date_gmt":"2026-09-01T01:19:50","guid":{"rendered":"https:\/\/dimensionturistica.com\/es\/?p=1205575"},"modified":"2026-09-01T01:19:50","modified_gmt":"2026-09-01T01:19:50","slug":"mara-lezama-desmiente-el-uso-de-fondos-publicos-para-viajes-personales","status":"publish","type":"post","link":"https:\/\/dimensionturistica.com\/es\/mara-lezama-desmiente-el-uso-de-fondos-publicos-para-viajes-personales\/","title":{"rendered":"Mara Lezama desmiente el uso de fondos p\u00fablicos para viajes personales."},"content":{"rendered":"<p><strong>Turismo Responsable: Reflexiones desde Quintana Roo<\/strong><\/p>\n<p>Quintana Roo, un para\u00edso donde la selva se encuentra con el mar, atrae a millones de turistas cada a\u00f1o. Sin embargo, en medio de la belleza natural y la riqueza cultural, surgen inquietudes acerca del uso de recursos p\u00fablicos y la gesti\u00f3n del turismo en la regi\u00f3n. Este debate pone de relieve la necesidad de un turismo responsable y sostenible, que priorice la integridad de los destinos y el bienestar de sus habitantes.<\/p>\n<p>La historia reciente en el estado ha dejado claro que la responsabilidad en la administraci\u00f3n de recursos es fundamental para mantener la confianza de la ciudadan\u00eda y de quienes visitan este ed\u00e9n mexicano. Las discusiones sobre el uso adecuado de fondos p\u00fablicos, especialmente en el contexto de un sector que depende en gran medida del turismo, son cada vez m\u00e1s relevantes. Los l\u00edderes locales deben garantizar que las estrategias implementadas beneficien no solo a los visitantes, sino tambi\u00e9n a las comunidades que habitan estas tierras.<\/p>\n<p>Los destinos tur\u00edsticos son m\u00e1s que meros espacios para la recreaci\u00f3n; son ecosistemas fr\u00e1giles que requieren un equilibrio entre la econom\u00eda, el medio ambiente y la cultura. El turismo puede ser un motor de desarrollo, pero tambi\u00e9n puede conducir a la degradaci\u00f3n de recursos si no se gestiona adecuadamente. En este sentido, es crucial fomentar un modelo de turismo que apoye a los emprendedores locales, promueva la sostenibilidad y respete las tradiciones culturales de la regi\u00f3n.<\/p>\n<p>Por otro lado, Quintana Roo tiene una rica herencia que puede potenciar su atractivo tur\u00edstico. Las playas de arena blanca, las maravillas naturales de la selva y los vestigios de antiguas civilizaciones mayas son m\u00e1s que solo puntos de inter\u00e9s; son narrativas que deben ser contadas y preservadas. Los turistas de hoy buscan experiencias aut\u00e9nticas, conectarse con la cultura local y contribuir a un turismo que sea accesible y sostenible a largo plazo.<\/p>\n<p>En respuesta a las inquietudes sobre la transparencia en la gesti\u00f3n p\u00fablica, es esencial que se establezcan canales de comunicaci\u00f3n claros entre las autoridades y la ciudadan\u00eda. La participaci\u00f3n activa de la comunidad en la toma de decisiones puede ser el primer paso hacia un modelo de turismo que no solo genere ingresos, sino que tambi\u00e9n fomente el orgullo y el cuidado por el entorno.<\/p>\n<p>Con cada temporada alta, Quintana Roo tiene la oportunidad de reafirmarse como un destino tur\u00edstico que sabe escuchar y adaptarse. Hacia un futuro pr\u00f3spero, el desaf\u00edo radica en cultivar un turismo que vaya m\u00e1s all\u00e1 del simple disfrute pasajero y que respete la esencia de su gente y su suelo.<\/p>\n<p>As\u00ed, los viajeros que elijan el camino hacia este estado no solo disfrutar\u00e1n de su magn\u00edfica biodiversidad y su vibrante vida cultural, sino que tambi\u00e9n se convertir\u00e1n en parte de una historia m\u00e1s amplia, donde el respeto y la responsabilidad son los verdaderos protagonistas de su experiencia. Enganchados en este viaje, todos juntos podemos escribir un nuevo cap\u00edtulo en el turismo de Quintana Roo.<\/p>\n<p><em> &#8221; Fuentes quintanaroohoy.com &#8221; <\/em><\/p>\n","protected":false},"excerpt":{"rendered":"<p>Turismo Responsable: Reflexiones desde Quintana Roo Quintana Roo, un para\u00edso donde la selva se encuentra con el mar, atrae a millones de turistas cada a\u00f1o. Sin embargo, en medio de la belleza natural y la riqueza cultural, surgen inquietudes acerca del uso de recursos p\u00fablicos y la gesti\u00f3n del turismo en la regi\u00f3n. Este debate [&hellip;]<\/p>\n","protected":false},"author":4,"featured_media":1205576,"comment_status":"open","ping_status":"closed","sticky":false,"template":"","format":"standard","meta":{"om_disable_all_campaigns":false,"jnews-multi-image_gallery":[],"jnews_single_post":[],"jnews_primary_category":[],"jnews_social_meta":[],"footnotes":""},"categories":[39],"tags":[2205,2013,546,11837,12512,92110],"class_list":["post-1205575","post","type-post","status-publish","format-standard","has-post-thumbnail","hentry","category-viajes","tag-corrupcion","tag-mara-lezama","tag-politica","tag-recursos-publicos","tag-transparencia","tag-viajes-privados"],"_links":{"self":[{"href":"https:\/\/dimensionturistica.com\/es\/wp-json\/wp\/v2\/posts\/1205575","targetHints":{"allow":["GET"]}}],"collection":[{"href":"https:\/\/dimensionturistica.com\/es\/wp-json\/wp\/v2\/posts"}],"about":[{"href":"https:\/\/dimensionturistica.com\/es\/wp-json\/wp\/v2\/types\/post"}],"author":[{"embeddable":true,"href":"https:\/\/dimensionturistica.com\/es\/wp-json\/wp\/v2\/users\/4"}],"replies":[{"embeddable":true,"href":"https:\/\/dimensionturistica.com\/es\/wp-json\/wp\/v2\/comments?post=1205575"}],"version-history":[{"count":1,"href":"https:\/\/dimensionturistica.com\/es\/wp-json\/wp\/v2\/posts\/1205575\/revisions"}],"predecessor-version":[{"id":1205577,"href":"https:\/\/dimensionturistica.com\/es\/wp-json\/wp\/v2\/posts\/1205575\/revisions\/1205577"}],"wp:featuredmedia":[{"embeddable":true,"href":"https:\/\/dimensionturistica.com\/es\/wp-json\/wp\/v2\/media\/1205576"}],"wp:attachment":[{"href":"https:\/\/dimensionturistica.com\/es\/wp-json\/wp\/v2\/media?parent=1205575"}],"wp:term":[{"taxonomy":"category","embeddable":true,"href":"https:\/\/dimensionturistica.com\/es\/wp-json\/wp\/v2\/categories?post=1205575"},{"taxonomy":"post_tag","embeddable":true,"href":"https:\/\/dimensionturistica.com\/es\/wp-json\/wp\/v2\/tags?post=1205575"}],"curies":[{"name":"wp","href":"https:\/\/api.w.org\/{rel}","templated":true}]}}