{"id":1205570,"date":"2026-09-01T00:54:23","date_gmt":"2026-09-01T00:54:23","guid":{"rendered":"https:\/\/dimensionturistica.com\/es\/?p=1205570"},"modified":"2026-09-01T00:54:23","modified_gmt":"2026-09-01T00:54:23","slug":"un-collar-excepcional-del-legado-de-una-renombrada-joyeria-fue-sustraido-en-viena-cual-es-el-trasfondo-de-la-ola-de-robos-de-joyas-de-gran-valor-en-museos-europeos","status":"publish","type":"post","link":"https:\/\/dimensionturistica.com\/es\/un-collar-excepcional-del-legado-de-una-renombrada-joyeria-fue-sustraido-en-viena-cual-es-el-trasfondo-de-la-ola-de-robos-de-joyas-de-gran-valor-en-museos-europeos\/","title":{"rendered":"Un collar excepcional del legado de una renombrada joyer\u00eda fue sustra\u00eddo en Viena: \u00bfCu\u00e1l es el trasfondo de la ola de robos de joyas de gran valor en museos europeos?"},"content":{"rendered":"<h3>El Robo de un Tesoro: La Historia Detr\u00e1s del Collar Van Cleef &amp; Arpels<\/h3>\n<p>La joyer\u00eda de lujo es un mundo lleno de glamour y sofisticaci\u00f3n, donde cada pieza cuenta una historia \u00fanica. Sin embargo, a veces, estas historias se ven empa\u00f1adas por sucesos inesperados y dram\u00e1ticos. Recientemente, un emblem\u00e1tico collar de la reconocida casa de joyas Van Cleef &amp; Arpels se convirti\u00f3 en el centro de atenci\u00f3n tras ser robado en Viena, un incidente que ha dejado a muchos at\u00f3nitos.<\/p>\n<p>Este collar, parte de la rica herencia de la marca, es un reflejo de la artesan\u00eda excepcional que ha definido a Van Cleef &amp; Arpels desde su fundaci\u00f3n en 1906. Los dise\u00f1os de la casa son conocidos por su elegancia atemporal y su capacidad de capturar la esencia misma de la belleza. La obra maestra que ahora ha sido objeto de robo no solo era un accesorio sino una representaci\u00f3n del arte en joyer\u00eda, donde la historia, la t\u00e9cnica y la pasi\u00f3n se entrelazan.<\/p>\n<p>El robo ocurri\u00f3 en un contexto inusual, durante una exhibici\u00f3n que celebraba el patrimonio de la marca. Este tipo de eventos, que deber\u00edan ser fiestas para los amantes de la joyer\u00eda, se torn\u00f3 en un episodio alarmante, dejando a los asistentes en estado de shock. La sutileza con la que ocurri\u00f3 el robo ha llevado a muchos a reflexionar sobre la seguridad en el mundo del lujo, especialmente en la presentaci\u00f3n de piezas invaluables.<\/p>\n<p>El collar no solo tiene un valor material significativo, sino que tambi\u00e9n encierra un legado emocional y cultural que trasciende las barreras del tiempo. Originalmente concebido como una muestra del virtuosismo en la elaboraci\u00f3n de joyas, ahora se ha convertido en un s\u00edmbolo de vulnerabilidad en el mercado de lujo. La tristeza y la sorpresa ante el robo resaltan la importancia de proteger nuestros tesoros culturales, que no solo son joyas, sino parte de nuestra historia colectiva.<\/p>\n<p>La respuesta del mundo de la moda y la joyer\u00eda ha sido r\u00e1pida y resonante. En las redes sociales, el incidente ha generado un debate vibrante sobre la seguridad y la \u00e9tica en torno a la exhibici\u00f3n de piezas tan valiosas. Influencers, celebridades y amantes de la moda se han apoderado de la conversaci\u00f3n, analizando no solo el robo en s\u00ed, sino tambi\u00e9n el impacto que esto tiene en la reputaci\u00f3n de marcas ic\u00f3nicas.<\/p>\n<p>\u00bfEs este un llamado de atenci\u00f3n para el mundo de la alta joyer\u00eda? \u00bfQu\u00e9 lecciones se pueden aprender de este evento? La historia del collar de Van Cleef &amp; Arpels ha puesto de manifiesto la necesidad de un equilibrio entre el espect\u00e1culo y la seguridad, y ha dejado a muchos pregunt\u00e1ndose c\u00f3mo proteger mejor nuestras obras maestras en un tiempo donde el atractivo del lujo puede tambi\u00e9n atraer la avaricia.<\/p>\n<p>A medida que se desarrollan m\u00e1s detalles sobre esta intrigante historia, el robo de este collar emblem\u00e1tico sirve como un recordatorio de que, aunque la belleza y la elegancia son imperativos en la moda y el dise\u00f1o de joyas, la seguridad y la protecci\u00f3n del patrimonio cultural deben ser igual de esenciales. Mientras tanto, el mundo espera ansiosamente su regreso, y quienes han sido cautivados por su belleza se mantienen alertas ante las noticias sobre su paradero. La fascinaci\u00f3n por la joyer\u00eda de lujo sigue viva, alimentada ahora con un toque de misterio y suspense que seguramente perdurar\u00e1 en la memoria colectiva.<\/p>\n<p><em> &#8221; Fuentes www.vogue.mx &#8221; <\/em><\/p>\n","protected":false},"excerpt":{"rendered":"<p>El Robo de un Tesoro: La Historia Detr\u00e1s del Collar Van Cleef &amp; Arpels La joyer\u00eda de lujo es un mundo lleno de glamour y sofisticaci\u00f3n, donde cada pieza cuenta una historia \u00fanica. Sin embargo, a veces, estas historias se ven empa\u00f1adas por sucesos inesperados y dram\u00e1ticos. Recientemente, un emblem\u00e1tico collar de la reconocida casa [&hellip;]<\/p>\n","protected":false},"author":14,"featured_media":1205571,"comment_status":"open","ping_status":"closed","sticky":false,"template":"","format":"standard","meta":{"om_disable_all_campaigns":false,"jnews-multi-image_gallery":[],"jnews_single_post":[],"jnews_primary_category":[],"jnews_social_meta":[],"footnotes":""},"categories":[144872],"tags":[56895,2185,131887,296215,5517,296214,1322,21477,986,250264,6822],"class_list":["post-1205570","post","type-post","status-publish","format-standard","has-post-thumbnail","hentry","category-fashion","tag-alta-joyeria","tag-arte","tag-collar","tag-invaluable","tag-joyeria","tag-museos-europeos","tag-patrimonio","tag-robos","tag-seguridad","tag-van-cleef-arpels","tag-viena"],"_links":{"self":[{"href":"https:\/\/dimensionturistica.com\/es\/wp-json\/wp\/v2\/posts\/1205570","targetHints":{"allow":["GET"]}}],"collection":[{"href":"https:\/\/dimensionturistica.com\/es\/wp-json\/wp\/v2\/posts"}],"about":[{"href":"https:\/\/dimensionturistica.com\/es\/wp-json\/wp\/v2\/types\/post"}],"author":[{"embeddable":true,"href":"https:\/\/dimensionturistica.com\/es\/wp-json\/wp\/v2\/users\/14"}],"replies":[{"embeddable":true,"href":"https:\/\/dimensionturistica.com\/es\/wp-json\/wp\/v2\/comments?post=1205570"}],"version-history":[{"count":1,"href":"https:\/\/dimensionturistica.com\/es\/wp-json\/wp\/v2\/posts\/1205570\/revisions"}],"predecessor-version":[{"id":1205572,"href":"https:\/\/dimensionturistica.com\/es\/wp-json\/wp\/v2\/posts\/1205570\/revisions\/1205572"}],"wp:featuredmedia":[{"embeddable":true,"href":"https:\/\/dimensionturistica.com\/es\/wp-json\/wp\/v2\/media\/1205571"}],"wp:attachment":[{"href":"https:\/\/dimensionturistica.com\/es\/wp-json\/wp\/v2\/media?parent=1205570"}],"wp:term":[{"taxonomy":"category","embeddable":true,"href":"https:\/\/dimensionturistica.com\/es\/wp-json\/wp\/v2\/categories?post=1205570"},{"taxonomy":"post_tag","embeddable":true,"href":"https:\/\/dimensionturistica.com\/es\/wp-json\/wp\/v2\/tags?post=1205570"}],"curies":[{"name":"wp","href":"https:\/\/api.w.org\/{rel}","templated":true}]}}