{"id":1205546,"date":"2026-08-31T23:15:15","date_gmt":"2026-08-31T23:15:15","guid":{"rendered":"https:\/\/dimensionturistica.com\/es\/?p=1205546"},"modified":"2026-08-31T23:15:15","modified_gmt":"2026-08-31T23:15:15","slug":"las-travesias-que-aguardaran-a-javier-milei-en-los-proximos-dias","status":"publish","type":"post","link":"https:\/\/dimensionturistica.com\/es\/las-travesias-que-aguardaran-a-javier-milei-en-los-proximos-dias\/","title":{"rendered":"Las traves\u00edas que aguardar\u00e1n a Javier Milei en los pr\u00f3ximos d\u00edas."},"content":{"rendered":"<p><strong>Explorando Nuevas Fronteras: Los Viajes de Javier Milei y su Impacto en el Turismo Argentino<\/strong><\/p>\n<p>El mundo del turismo siempre se ha visto influenciado por los acontecimientos pol\u00edticos y las figuras que marcan la agenda nacional. En esta ocasi\u00f3n, la atenci\u00f3n se centra en Javier Milei, un pol\u00edtico argentin que est\u00e1 a punto de emprender una serie de viajes en el marco de su carrera presidencial. Estos desplazamientos no solo representan un cap\u00edtulo importante en su vida personal y profesional, sino que tambi\u00e9n ofrecen una ventana fascinante al futuro del turismo en Argentina.<\/p>\n<p>A medida que Milei se prepara para visitar varias provincias, su itinerario puede verse como una met\u00e1fora del renacimiento que el turismo argentino est\u00e1 experimentando. Las localidades que \u00e9l recorrer\u00e1 son aut\u00e9nticas joyas culturales y naturales, cada una con su propio atractivo y potencial para cautivar a visitantes de todo el mundo. Desde la belleza paisaj\u00edstica de la Patagonia hasta la vibrante vida urbana de Buenos Aires, hay un inter\u00e9s renovado en explorar y redescubrir los rincones m\u00e1s emblem\u00e1ticos del pa\u00eds.<\/p>\n<p>Uno de los aspectos m\u00e1s interesantes de este recorrido es c\u00f3mo puede influir en la pol\u00edtica de turismo del pa\u00eds. La promoci\u00f3n de los destinos que Milei seleccionar\u00e1 para sus visitas podr\u00eda abrir nuevas oportunidades para el desarrollo local. Al prestar atenci\u00f3n a estas regiones, el pol\u00edtico no solo busca conectar con sus votantes, sino que tambi\u00e9n puede inspirar una mayor inversi\u00f3n en infraestructura tur\u00edstica y conservar tradiciones que atraen a turistas. Por ejemplo, lugares que destacan por su patrimonio cultural o su biodiversidad pueden ser el nuevo foco de atenci\u00f3n en el \u00e1mbito tur\u00edstico, transform\u00e1ndose en imanes para visitantes nacionales e internacionales.<\/p>\n<p>El impacto que tienen las figuras p\u00fablicas en el turismo es indudable. Las visitas de Milei podr\u00edan reavivar el inter\u00e9s por viajar dentro del pa\u00eds, motivando a otros a explorar y descubrir la riqueza natural y cultural de Argentina. En momentos en que el turismo global enfrenta desaf\u00edos, como la incertidumbre econ\u00f3mica y las restricciones sanitarias, contar con embajadores de la cultura local puede hacer una gran diferencia.<\/p>\n<p>Adem\u00e1s, los viajes pol\u00edticos son una extraordinaria oportunidad para destacar la diversidad gastron\u00f3mica del pa\u00eds. La rica tradici\u00f3n culinaria argentina, que var\u00eda de una regi\u00f3n a otra, probablemente ser\u00e1 parte de su recorrido. La conexi\u00f3n entre la pol\u00edtica y la gastronom\u00eda puede ser un excelente aliciente para los viajeros, quienes querr\u00e1n seguir los pasos de Milei y disfrutar de la exquisita oferta local. Desde las parrillas de Buenos Aires hasta los sabores del norte argentino, cada parada ofrece una experiencia \u00fanica que invita al turismo gastron\u00f3mico.<\/p>\n<p>Por \u00faltimo, no se puede pasar por alto el papel de las redes sociales. En la era digital, cada viaje, cada conversaci\u00f3n y cada acci\u00f3n puede ser compartida instant\u00e1neamente, amplificando el impacto de los movimientos pol\u00edticos en el sector tur\u00edstico. Las im\u00e1genes y relatos de las comunidades que Milei visite resonar\u00e1n en el p\u00fablico, inspirando a todo un pa\u00eds a salir y explorar su entorno.<\/p>\n<p>En conclusi\u00f3n, mientras Javier Milei se aventura por los caminos de Argentina, el efecto de sus viajes puede extenderse mucho m\u00e1s all\u00e1 de la pol\u00edtica. Cada lugar que visite tiene el potencial de ser un punto de inflexi\u00f3n para el turismo, un recordatorio de la riqueza cultural y natural del pa\u00eds. Sin duda, el futuro del turismo argentino podr\u00eda estar entrelazado con los pasos de los l\u00edderes que eligen recorrer y redescubrir la vasta y hermosa tierra de Argentina. As\u00ed, la pol\u00edtica y el turismo no son solo caminos paralelos, sino que se cruzan y enriquecen mutuamente, creando un panorama vibrante y lleno de oportunidades para todos.<\/p>\n<p><em> &#8221; Fuentes bardeo.news &#8221; <\/em><\/p>\n","protected":false},"excerpt":{"rendered":"<p>Explorando Nuevas Fronteras: Los Viajes de Javier Milei y su Impacto en el Turismo Argentino El mundo del turismo siempre se ha visto influenciado por los acontecimientos pol\u00edticos y las figuras que marcan la agenda nacional. En esta ocasi\u00f3n, la atenci\u00f3n se centra en Javier Milei, un pol\u00edtico argentin que est\u00e1 a punto de emprender [&hellip;]<\/p>\n","protected":false},"author":4,"featured_media":1205547,"comment_status":"open","ping_status":"closed","sticky":false,"template":"","format":"standard","meta":{"om_disable_all_campaigns":false,"jnews-multi-image_gallery":[],"jnews_single_post":[],"jnews_primary_category":[],"jnews_social_meta":[],"footnotes":""},"categories":[39],"tags":[707,871,768,724,111368,705,546,545],"class_list":["post-1205546","post","type-post","status-publish","format-standard","has-post-thumbnail","hentry","category-viajes","tag-actualidad","tag-agenda","tag-argentina","tag-eventos","tag-javier-milei","tag-noticias","tag-politica","tag-viajes"],"_links":{"self":[{"href":"https:\/\/dimensionturistica.com\/es\/wp-json\/wp\/v2\/posts\/1205546","targetHints":{"allow":["GET"]}}],"collection":[{"href":"https:\/\/dimensionturistica.com\/es\/wp-json\/wp\/v2\/posts"}],"about":[{"href":"https:\/\/dimensionturistica.com\/es\/wp-json\/wp\/v2\/types\/post"}],"author":[{"embeddable":true,"href":"https:\/\/dimensionturistica.com\/es\/wp-json\/wp\/v2\/users\/4"}],"replies":[{"embeddable":true,"href":"https:\/\/dimensionturistica.com\/es\/wp-json\/wp\/v2\/comments?post=1205546"}],"version-history":[{"count":1,"href":"https:\/\/dimensionturistica.com\/es\/wp-json\/wp\/v2\/posts\/1205546\/revisions"}],"predecessor-version":[{"id":1205548,"href":"https:\/\/dimensionturistica.com\/es\/wp-json\/wp\/v2\/posts\/1205546\/revisions\/1205548"}],"wp:featuredmedia":[{"embeddable":true,"href":"https:\/\/dimensionturistica.com\/es\/wp-json\/wp\/v2\/media\/1205547"}],"wp:attachment":[{"href":"https:\/\/dimensionturistica.com\/es\/wp-json\/wp\/v2\/media?parent=1205546"}],"wp:term":[{"taxonomy":"category","embeddable":true,"href":"https:\/\/dimensionturistica.com\/es\/wp-json\/wp\/v2\/categories?post=1205546"},{"taxonomy":"post_tag","embeddable":true,"href":"https:\/\/dimensionturistica.com\/es\/wp-json\/wp\/v2\/tags?post=1205546"}],"curies":[{"name":"wp","href":"https:\/\/api.w.org\/{rel}","templated":true}]}}