{"id":1205543,"date":"2026-08-31T23:11:06","date_gmt":"2026-08-31T23:11:06","guid":{"rendered":"https:\/\/dimensionturistica.com\/es\/?p=1205543"},"modified":"2026-08-31T23:11:06","modified_gmt":"2026-08-31T23:11:06","slug":"de-la-indumentaria-nupcial-a-los-homenajes-a-naruto-esta-ceremonia-italiana-fue-disenada-a-la-perfeccion","status":"publish","type":"post","link":"https:\/\/dimensionturistica.com\/es\/de-la-indumentaria-nupcial-a-los-homenajes-a-naruto-esta-ceremonia-italiana-fue-disenada-a-la-perfeccion\/","title":{"rendered":"De la indumentaria nupcial a los homenajes a Naruto, esta ceremonia italiana fue dise\u00f1ada a la perfecci\u00f3n"},"content":{"rendered":"<p><strong>El V\u00ednculo Perfecto entre Elegancia y Estilo: La Boda de Francesca Michielin y Davide Spigarolo<\/strong><\/p>\n<p>En un mundo donde el amor se celebra a trav\u00e9s de gestos espectaculares y detalles inolvidables, la reciente boda de la talentosa cantante Francesca Michielin y Davide Spigarolo resalta como un ejemplo de c\u00f3mo unir la creatividad, la m\u00fasica y la moda en un evento \u00fanico.<\/p>\n<p>La ceremonia se llev\u00f3 a cabo en un impresionante entorno que fusiona la belleza natural con la sofisticaci\u00f3n contempor\u00e1nea, creando un escenario id\u00edlico para un d\u00eda que todos estaban esperando. Con un dise\u00f1o meticulosamente elaborado, cada rinc\u00f3n del evento fue pensado al detalle para reflejar la esencia de la pareja, destacando una est\u00e9tica que combina la tradici\u00f3n con un toque moderno.<\/p>\n<p>Francesca, conocida no solo por su impresionante voz, sino tambi\u00e9n por su sentido del estilo, eligi\u00f3 un vestido que redefine los c\u00e1nones de la moda nupcial. La prenda, dise\u00f1ada por un renombrado dise\u00f1ador italiano, destac\u00f3 por su corte impecable y su delicada confecci\u00f3n. Con detalles que inclu\u00edan bordados exquisitos y un velo que ca\u00eda suavemente, la novia irrumpi\u00f3 en la ceremonia irradiando confianza y elegancia. Este atuendo no solo captur\u00f3 la atenci\u00f3n, sino que tambi\u00e9n se convirti\u00f3 en un s\u00edmbolo de la fusi\u00f3n perfecta entre arte y moda.<\/p>\n<p>El look del novio, Davide Spigarolo, complement\u00f3 a la perfecci\u00f3n el estilo de Francesca. Optando por un traje cl\u00e1sico con un giro contempor\u00e1neo, su elecci\u00f3n demostr\u00f3 que el estilo masculino tambi\u00e9n puede ser audaz y de vanguardia. Los detalles seleccionados en su indumentaria a\u00f1adieron un aire de distinci\u00f3n, haciendo que ambos resplandecieran en este d\u00eda tan especial.<\/p>\n<p>Los invitados a la boda, compuestos por familiares y amigos cercanos, tambi\u00e9n se destacaron por sus elecciones de moda. La asistencia de figuras del mundo del entretenimiento y la moda elev\u00f3 a\u00fan m\u00e1s la est\u00e9tica del evento, mostrando una variedad de trajes que iban desde lo cl\u00e1sico hasta lo avant-garde. Cada atuendo elegido contaba una historia, contribuyendo a la atm\u00f3sfera vibrante y llena de amor de la celebraci\u00f3n.<\/p>\n<p>La decoraci\u00f3n del lugar jug\u00f3 un papel fundamental en la creaci\u00f3n del ambiente adecuado. Con un enfoque en la sostenibilidad y un dise\u00f1o est\u00e9tico que incorporaba elementos naturales y toques art\u00edsticos, el escenario pareci\u00f3 cobrar vida. Flores frescas, luces c\u00e1lidas y un uso inteligente de los espacios hicieron que cada momento fuera digno de una fotograf\u00eda, capturando la belleza del amor en su forma m\u00e1s pura.<\/p>\n<p>A medida que avanzaba la velada, la m\u00fasica, fundamental en la vida de la pareja, se convirti\u00f3 en el hilo conductor de la celebraci\u00f3n. Interpretaciones en vivo de ritmos que resonaban con sus corazones sirvieron como un recordatorio constante de la pasi\u00f3n compartida entre Francesca y Davide, creando una sinfon\u00eda emotiva que uni\u00f3 a todos los presentes.<\/p>\n<p>Sin lugar a dudas, la boda de Francesca Michielin y Davide Spigarolo no fue solo un evento social, sino una celebraci\u00f3n del amor en todas sus formas. Desde la moda hasta la m\u00fasica, cada elemento reflej\u00f3 su singular estilo y personalidad, dejando un legado que perdurar\u00e1 en la memoria de quienes tuvieron la fortuna de ser parte de este d\u00eda m\u00e1gico.<\/p>\n<p>Con este enlace, el mundo de la moda y la m\u00fasica se encontr\u00f3 en perfecta sinton\u00eda, mostrando que cuando se trata de celebrar el amor, cada detalle cuenta y cada elecci\u00f3n es un reflejo de la belleza del viaje compartido. La historia de Francesca y Davide se sumar\u00e1 a la narrativa del amor moderno, inspirando a futuras generaciones a celebrar sus propias historias con el mismo fervor y creatividad.<\/p>\n<p><em> &#8221; Fuentes www.vogue.mx &#8221; <\/em><\/p>\n","protected":false},"excerpt":{"rendered":"<p>El V\u00ednculo Perfecto entre Elegancia y Estilo: La Boda de Francesca Michielin y Davide Spigarolo En un mundo donde el amor se celebra a trav\u00e9s de gestos espectaculares y detalles inolvidables, la reciente boda de la talentosa cantante Francesca Michielin y Davide Spigarolo resalta como un ejemplo de c\u00f3mo unir la creatividad, la m\u00fasica y [&hellip;]<\/p>\n","protected":false},"author":14,"featured_media":1205544,"comment_status":"open","ping_status":"closed","sticky":false,"template":"","format":"standard","meta":{"om_disable_all_campaigns":false,"jnews-multi-image_gallery":[],"jnews_single_post":[],"jnews_primary_category":[],"jnews_social_meta":[],"footnotes":""},"categories":[144872],"tags":[46244,1527,136343,239278,7758,1692,659,67661,239970,229187,37824],"class_list":["post-1205543","post","type-post","status-publish","format-standard","has-post-thumbnail","hentry","category-fashion","tag-boda","tag-ceremonia","tag-cultura-pop","tag-diseno-personalizado","tag-estilo","tag-italia","tag-moda","tag-naruto","tag-tendencias-de-boda","tag-vestido-de-novia","tag-vestidos-de-novia"],"_links":{"self":[{"href":"https:\/\/dimensionturistica.com\/es\/wp-json\/wp\/v2\/posts\/1205543","targetHints":{"allow":["GET"]}}],"collection":[{"href":"https:\/\/dimensionturistica.com\/es\/wp-json\/wp\/v2\/posts"}],"about":[{"href":"https:\/\/dimensionturistica.com\/es\/wp-json\/wp\/v2\/types\/post"}],"author":[{"embeddable":true,"href":"https:\/\/dimensionturistica.com\/es\/wp-json\/wp\/v2\/users\/14"}],"replies":[{"embeddable":true,"href":"https:\/\/dimensionturistica.com\/es\/wp-json\/wp\/v2\/comments?post=1205543"}],"version-history":[{"count":1,"href":"https:\/\/dimensionturistica.com\/es\/wp-json\/wp\/v2\/posts\/1205543\/revisions"}],"predecessor-version":[{"id":1205545,"href":"https:\/\/dimensionturistica.com\/es\/wp-json\/wp\/v2\/posts\/1205543\/revisions\/1205545"}],"wp:featuredmedia":[{"embeddable":true,"href":"https:\/\/dimensionturistica.com\/es\/wp-json\/wp\/v2\/media\/1205544"}],"wp:attachment":[{"href":"https:\/\/dimensionturistica.com\/es\/wp-json\/wp\/v2\/media?parent=1205543"}],"wp:term":[{"taxonomy":"category","embeddable":true,"href":"https:\/\/dimensionturistica.com\/es\/wp-json\/wp\/v2\/categories?post=1205543"},{"taxonomy":"post_tag","embeddable":true,"href":"https:\/\/dimensionturistica.com\/es\/wp-json\/wp\/v2\/tags?post=1205543"}],"curies":[{"name":"wp","href":"https:\/\/api.w.org\/{rel}","templated":true}]}}