{"id":120553,"date":"2021-05-03T13:35:33","date_gmt":"2021-05-03T13:35:33","guid":{"rendered":"https:\/\/dimensionturistica.com\/es\/?p=120553"},"modified":"2021-05-03T13:35:33","modified_gmt":"2021-05-03T13:35:33","slug":"kiko-rivera-de-nuevo-en-espana-se-pronuncia-tras-su-unfollow-en-instagram-a-su-prima-anabel-pantoja","status":"publish","type":"post","link":"https:\/\/dimensionturistica.com\/es\/kiko-rivera-de-nuevo-en-espana-se-pronuncia-tras-su-unfollow-en-instagram-a-su-prima-anabel-pantoja\/","title":{"rendered":"Kiko Rivera, de nuevo en Espa\u00f1a, se pronuncia tras su unfollow en Instagram a su prima Anabel Pantoja"},"content":{"rendered":"<p> <br \/>\n<\/p>\n<div>\n<div class=\"visual__image  image_container\"><img decoding=\"async\" alt=\"02\/03\/2020 Kiko Rivera, en una imagen  de archivo&#13;&#10;EUROPA ESPA\u00d1A SOCIEDAD&#13;&#10;\" height=\"2775\" width=\"3700\" src=\"https:\/\/www.infobae.com\/new-resizer\/Jb6A1Chk_JidlJadEXdx5EcJN2c=\/420x315\/filters:format(jpg):quality(85)\/cloudfront-us-east-1.images.arcpublishing.com\/infobae\/34W2QZYRH5CPLK6HEPMDVNCUTI.jpg\" srcset=\"https:\/\/www.infobae.com\/new-resizer\/Jb6A1Chk_JidlJadEXdx5EcJN2c=\/420x315\/filters:format(jpg):quality(85)\/cloudfront-us-east-1.images.arcpublishing.com\/infobae\/34W2QZYRH5CPLK6HEPMDVNCUTI.jpg 420w,https:\/\/www.infobae.com\/new-resizer\/h8isWMS4I7hm1wmou8nPDFKpE6o=\/768x576\/filters:format(jpg):quality(85)\/cloudfront-us-east-1.images.arcpublishing.com\/infobae\/34W2QZYRH5CPLK6HEPMDVNCUTI.jpg 768w,https:\/\/www.infobae.com\/new-resizer\/oYwPWh2VECeQnU-soP5FOexUm-U=\/992x744\/filters:format(jpg):quality(85)\/cloudfront-us-east-1.images.arcpublishing.com\/infobae\/34W2QZYRH5CPLK6HEPMDVNCUTI.jpg 992w,https:\/\/www.infobae.com\/new-resizer\/HEvg9BCd6SMRgr-swdwFGjkEb-A=\/1200x900\/filters:format(jpg):quality(85)\/cloudfront-us-east-1.images.arcpublishing.com\/infobae\/34W2QZYRH5CPLK6HEPMDVNCUTI.jpg 1200w\" sizes=\"auto, (min-width: 800px) 50vw, 90vw\" loading=\"lazy\"\/><figcaption>02\/03\/2020 Kiko Rivera, en una imagen  de archivo&#13;<br \/>\nEUROPA ESPA\u00d1A SOCIEDAD&#13;<br \/>\n<\/figcaption><\/div>\n<p class=\"paragraph\">MADRID, 3 (CHANCE)<\/p>\n<p>Despu\u00e9s de vivir una intensa aventura en Nepal junto a Jes\u00fas Calleja, con quien ha presumido de complicidad durante la grabaci\u00f3n de una de las pr\u00f3ximas entregas del programa que presenta el aventurero en Cuatro, &#8216;Planeta Calleja&#8217;, Kiko Rivera ya est\u00e1 de regreso en Espa\u00f1a. Una vuelta no exenta de pol\u00e9mica tras su unfollow en Instagram a su prima Anabel, por su ir\u00f3nica felicitaci\u00f3n a Isabel Pantoja por el D\u00eda de la Madre, y por su demanda a su t\u00edo Agust\u00edn, que se filtr\u00f3 cuando \u00e9l ya hab\u00eda iniciado su viaje.<\/p>\n<p>Aunque muy cansado porque &#8220;la vuelta a casa ha sido un poco larga&#8221;, Kiko ha definido su viaje con Jes\u00fas Calleja a Nepal como una &#8220;experiencia brutal&#8221; que le ha servido para reflexionar largo y tendido sobre las personas con las que puede contar en su vida. Entre ellas parece que ya no est\u00e1 su prima Anabel, casi una hermana para \u00e9l, a la que ha dejado de seguir en Instagram.<\/p>\n<p>Un unfollow que ha sorprendido a Anabel que, en conexi\u00f3n con el programa &#8216;Socialit\u00e9&#8217; este domingo confesaba que se hab\u00eda quedado en shock pero que a\u00fan as\u00ed ella seguir\u00eda apoyando a su primo. Unas palabras a las que Kiko, entre risas, ha respondido con un &#8220;\u00a1guau! Pues muy bien&#8221;, confesando que le parece &#8220;perfecto&#8221; que su prima celebrase con Isabel Pantoja el d\u00eda de la madre: &#8220;Me alegro&#8221;.<\/p>\n<p>De lo m\u00e1s misterioso, Kiko ha adelantado que a su madre y a su t\u00edo Agust\u00edn &#8211; al que denunci\u00f3 por estafa antes de irse de viaje &#8211; &#8220;les espera una semanita bastante movida, bastante movida&#8221;, sin aclarar si habr\u00e1 novedades judiciales en su guerra contra la tonadillera, sobre cuyo intento de secuestro en Panam\u00e1, revelado por &#8216;Socialit\u00e9&#8217;, el Dj no sab\u00eda nada: &#8220;No ten\u00eda ni idea, es la primera vez que lo escucho&#8221;.<\/p>\n<p>Horas despu\u00e9s, y ya en Sevilla, Kiko confesaba estar &#8220;cansado&#8221; pero deseando reencontrarse con Irene y con sus hijas Ana y Carlota, a las que ha echado de menos durante su aventura.<\/p>\n<p>Sin querer pronunciarse sobre su demanda a su t\u00edo Agust\u00edn o sobre la reaparici\u00f3n de su madre &#8211; muy delgada y visiblemente triste &#8211; en la presentaci\u00f3n de su nuevo programa, Kiko s\u00ed ha querido comentar qu\u00e9 le ha parecido que la tonadillera, una vez m\u00e1s, mandase un ramo de flores a la tumba de Paquirri eliminando a su hijo de la dedicatoria: &#8220;Cada uno es como es&#8221;, ha afirmado, dejando entrever que no le sorprende este nuevo feo de Pantoja en su aniversario de boda con el malogrado torero.<\/p>\n<\/div>\n<p><script defer=\"\">!function(f,b,e,v,n,t,s) {if(f.fbq)return;n=f.fbq=function(){n.callMethod? n.callMethod.apply(n,arguments):n.queue.push(arguments)}; if(!f._fbq)f._fbq=n;n.push=n;n.loaded=!0;n.version='2.0'; n.queue=[];t=b.createElement(e);t.async=!0; t.src=v;s=b.getElementsByTagName(e)[0]; s.parentNode.insertBefore(t,s)}(window, document,'script', 'https:\/\/connect.facebook.net\/en_US\/fbevents.js'); fbq('init', '336383993555320'); fbq('track', 'PageView'); fbq('track', 'ViewContent');<\/script><br \/>\n<br \/><\/p>\n<p><em> &#8221; Fuentes www.infobae.com &#8221; <\/em><\/p>\n","protected":false},"excerpt":{"rendered":"<p>02\/03\/2020 Kiko Rivera, en una imagen de archivo&#13; EUROPA ESPA\u00d1A SOCIEDAD&#13; MADRID, 3 (CHANCE) Despu\u00e9s de vivir una intensa aventura en Nepal junto a Jes\u00fas Calleja, con quien ha presumido de complicidad durante la grabaci\u00f3n de una de las pr\u00f3ximas entregas del programa que presenta el aventurero en Cuatro, &#8216;Planeta Calleja&#8217;, Kiko Rivera ya est\u00e1 [&hellip;]<\/p>\n","protected":false},"author":4,"featured_media":120554,"comment_status":"open","ping_status":"closed","sticky":false,"template":"","format":"standard","meta":{"om_disable_all_campaigns":false,"jnews-multi-image_gallery":[],"jnews_single_post":[],"jnews_primary_category":[],"jnews_social_meta":[],"footnotes":""},"categories":[40],"tags":[],"class_list":["post-120553","post","type-post","status-publish","format-standard","has-post-thumbnail","hentry","category-industria"],"_links":{"self":[{"href":"https:\/\/dimensionturistica.com\/es\/wp-json\/wp\/v2\/posts\/120553","targetHints":{"allow":["GET"]}}],"collection":[{"href":"https:\/\/dimensionturistica.com\/es\/wp-json\/wp\/v2\/posts"}],"about":[{"href":"https:\/\/dimensionturistica.com\/es\/wp-json\/wp\/v2\/types\/post"}],"author":[{"embeddable":true,"href":"https:\/\/dimensionturistica.com\/es\/wp-json\/wp\/v2\/users\/4"}],"replies":[{"embeddable":true,"href":"https:\/\/dimensionturistica.com\/es\/wp-json\/wp\/v2\/comments?post=120553"}],"version-history":[{"count":0,"href":"https:\/\/dimensionturistica.com\/es\/wp-json\/wp\/v2\/posts\/120553\/revisions"}],"wp:featuredmedia":[{"embeddable":true,"href":"https:\/\/dimensionturistica.com\/es\/wp-json\/wp\/v2\/media\/120554"}],"wp:attachment":[{"href":"https:\/\/dimensionturistica.com\/es\/wp-json\/wp\/v2\/media?parent=120553"}],"wp:term":[{"taxonomy":"category","embeddable":true,"href":"https:\/\/dimensionturistica.com\/es\/wp-json\/wp\/v2\/categories?post=120553"},{"taxonomy":"post_tag","embeddable":true,"href":"https:\/\/dimensionturistica.com\/es\/wp-json\/wp\/v2\/tags?post=120553"}],"curies":[{"name":"wp","href":"https:\/\/api.w.org\/{rel}","templated":true}]}}