{"id":1205529,"date":"2026-08-31T22:20:29","date_gmt":"2026-08-31T22:20:29","guid":{"rendered":"https:\/\/dimensionturistica.com\/es\/?p=1205529"},"modified":"2026-08-31T22:20:29","modified_gmt":"2026-08-31T22:20:29","slug":"este-es-un-acercamiento-a-la-humanidad-apoya-a-familias-reunificadas-y-separadas-en-los-angeles-con-su-celebracion-anual","status":"publish","type":"post","link":"https:\/\/dimensionturistica.com\/es\/este-es-un-acercamiento-a-la-humanidad-apoya-a-familias-reunificadas-y-separadas-en-los-angeles-con-su-celebracion-anual\/","title":{"rendered":"Este Es Un Acercamiento a la Humanidad Apoya a Familias Reunificadas y Separadas en Los \u00c1ngeles con su Celebraci\u00f3n Anual"},"content":{"rendered":"<p><strong>La Moda Con Prop\u00f3sito: Un Viaje Hacia la Humanidad en 2026<\/strong><\/p>\n<p>En un mundo donde la industria de la moda enfrenta constantes desaf\u00edos, la necesidad de redefinir su esencia se vuelve apremiante. La moda no es solo una declaraci\u00f3n est\u00e9tica; es un reflejo de la sociedad, un hilo conductor que conecta culturas, visiones y, sobre todo, personas. A medida que nos adentramos en 2026, surge una oportunidad \u00fanica para reimaginar la industria y poner en el centro lo verdaderamente importante: la humanidad.<\/p>\n<p>La transformaci\u00f3n comienza en el momento en que la moda deja de ser un mero accesorio y se convierte en un veh\u00edculo de cambio. Las grandes casas de moda est\u00e1n comenzando a adoptar un enfoque m\u00e1s inclusivo, donde las diferencias se celebran y la diversidad se convierte en la norma. Esta evoluci\u00f3n no solo se refleja en las pasarelas, sino tambi\u00e9n en las campa\u00f1as publicitarias y en las decisiones de dise\u00f1o. La sostenibilidad y la \u00e9tica emergen como pilares fundamentales de un nuevo paradigma que reivindica el respeto por el planeta y por las comunidades que lo habitan.<\/p>\n<p>El 2026 plantea una visi\u00f3n en la que la moda se convierte en una herramienta de empoderamiento. Dise\u00f1adores emergentes y marcas consolidadas est\u00e1n tomando la iniciativa para colaborar con artesanos locales, aprovechando conocimientos ancestrales que, de otro modo, podr\u00edan perderse. Esta sinergia no solo enriquece las colecciones, sino que tambi\u00e9n genera un impacto positivo en las econom\u00edas locales, promoviendo un ciclo de consumo m\u00e1s responsable y consciente.<\/p>\n<p>En esta nueva era, la tecnolog\u00eda juega un papel fundamental, permitiendo que el dise\u00f1o y la producci\u00f3n sean m\u00e1s accesibles y sostenibles. Innovaciones como la impresi\u00f3n 3D y la moda digital est\u00e1n revolucionando la forma en que concebimos las prendas y, junto con ellas, rompen las barreras tradicionales de la industria. La intersecci\u00f3n entre arte y tecnolog\u00eda trasciende las convenciones y abre las puertas a un futuro donde cada pieza de ropa cuenta una historia, una conexi\u00f3n \u00fanica entre el creador, el usuario y, por supuesto, el entorno que nos rodea.<\/p>\n<p>Adem\u00e1s, una de las tendencias m\u00e1s emocionantes es el resurgimiento de la moda \u00e9tica, donde la transparencia en la cadena de suministro se convierte en un est\u00e1ndar, no en una excepci\u00f3n. Los consumidores del ma\u00f1ana exigen saber de d\u00f3nde proviene su ropa y bajo qu\u00e9 condiciones fue producida. Esta exigencia resulta en un cambio de paradigma: un paso firme hacia la responsabilidad colectiva, donde cada elecci\u00f3n de compra se convierte en un acto de justicia social.<\/p>\n<p>Las plataformas de redes sociales tambi\u00e9n han cobrado protagonismo en esta din\u00e1mica. Se han transformado en espacios para el activismo, donde las voces desde las periferias de la industria ganan visibilidad. Influencers y creadores de contenido est\u00e1n utilizando su alcance para abogar por la inclusi\u00f3n, el respeto por los derechos humanos y la sostenibilidad, convirti\u00e9ndose en verdaderos agentes de cambio.<\/p>\n<p>A medida que avanzamos hacia el 2026, es crucial que tanto dise\u00f1adores como consumidores se unan en esta misi\u00f3n com\u00fan: hacer de la moda un espacio accesible, \u00e9tico y humano. La moda tiene el poder de unir y de transformar. La pregunta que ahora queda es: \u00bfestamos dispuestos a responder a ese llamado? Con cada prenda que elegimos, con cada marca que apoyamos, estamos forjando el futuro de una industria que no solo se trata de lo que llevamos puesto, sino de lo que representa.<\/p>\n<p>La historia de la moda est\u00e1 en constante evoluci\u00f3n y, en este cap\u00edtulo, el poder reside en la conexi\u00f3n. En 2026, la moda no solo hablar\u00e1 por s\u00ed misma; hablar\u00e1 por nosotros, record\u00e1ndonos que la humanidad es el tejido m\u00e1s valioso en la trama de nuestras vidas.<\/p>\n<p><em> &#8221; Fuentes www.vogue.mx &#8221; <\/em><\/p>\n","protected":false},"excerpt":{"rendered":"<p>La Moda Con Prop\u00f3sito: Un Viaje Hacia la Humanidad en 2026 En un mundo donde la industria de la moda enfrenta constantes desaf\u00edos, la necesidad de redefinir su esencia se vuelve apremiante. La moda no es solo una declaraci\u00f3n est\u00e9tica; es un reflejo de la sociedad, un hilo conductor que conecta culturas, visiones y, sobre [&hellip;]<\/p>\n","protected":false},"author":14,"featured_media":1205530,"comment_status":"open","ping_status":"closed","sticky":false,"template":"","format":"standard","meta":{"om_disable_all_campaigns":false,"jnews-multi-image_gallery":[],"jnews_single_post":[],"jnews_primary_category":[],"jnews_social_meta":[],"footnotes":""},"categories":[144872],"tags":[118007,116456,296207,296205,169597,296208,4821,296206,142911,373],"class_list":["post-1205529","post","type-post","status-publish","format-standard","has-post-thumbnail","hentry","category-fashion","tag-advocacy","tag-annual-event","tag-community-outreach","tag-family-reunification","tag-humanitarian-aid","tag-immigrant-families","tag-los-angeles","tag-social-support","tag-splitscreenimageleftinset","tag-web"],"_links":{"self":[{"href":"https:\/\/dimensionturistica.com\/es\/wp-json\/wp\/v2\/posts\/1205529","targetHints":{"allow":["GET"]}}],"collection":[{"href":"https:\/\/dimensionturistica.com\/es\/wp-json\/wp\/v2\/posts"}],"about":[{"href":"https:\/\/dimensionturistica.com\/es\/wp-json\/wp\/v2\/types\/post"}],"author":[{"embeddable":true,"href":"https:\/\/dimensionturistica.com\/es\/wp-json\/wp\/v2\/users\/14"}],"replies":[{"embeddable":true,"href":"https:\/\/dimensionturistica.com\/es\/wp-json\/wp\/v2\/comments?post=1205529"}],"version-history":[{"count":1,"href":"https:\/\/dimensionturistica.com\/es\/wp-json\/wp\/v2\/posts\/1205529\/revisions"}],"predecessor-version":[{"id":1205531,"href":"https:\/\/dimensionturistica.com\/es\/wp-json\/wp\/v2\/posts\/1205529\/revisions\/1205531"}],"wp:featuredmedia":[{"embeddable":true,"href":"https:\/\/dimensionturistica.com\/es\/wp-json\/wp\/v2\/media\/1205530"}],"wp:attachment":[{"href":"https:\/\/dimensionturistica.com\/es\/wp-json\/wp\/v2\/media?parent=1205529"}],"wp:term":[{"taxonomy":"category","embeddable":true,"href":"https:\/\/dimensionturistica.com\/es\/wp-json\/wp\/v2\/categories?post=1205529"},{"taxonomy":"post_tag","embeddable":true,"href":"https:\/\/dimensionturistica.com\/es\/wp-json\/wp\/v2\/tags?post=1205529"}],"curies":[{"name":"wp","href":"https:\/\/api.w.org\/{rel}","templated":true}]}}