{"id":1205524,"date":"2026-08-31T22:20:08","date_gmt":"2026-08-31T22:20:08","guid":{"rendered":"https:\/\/dimensionturistica.com\/es\/?p=1205524"},"modified":"2026-08-31T22:20:08","modified_gmt":"2026-08-31T22:20:08","slug":"lincoln-se-une-a-gema-la-semana-cultural-de-san-miguel-de-allende","status":"publish","type":"post","link":"https:\/\/dimensionturistica.com\/es\/lincoln-se-une-a-gema-la-semana-cultural-de-san-miguel-de-allende\/","title":{"rendered":"Lincoln se une a GEMA, la semana cultural de San Miguel de Allende"},"content":{"rendered":"\n<p class=\"wp-block-paragraph\">Del 26 al 30 de agosto, San Miguel de Allende reafirma su posici\u00f3n como epicentro de hospitalidad y cultura con la llegada de GEM A (Gastronom\u00eda, Enolog\u00eda, Mixolog\u00eda y Arte), un encuentro que re\u00fane las m\u00e1s selectas expresiones culinarias, vitivin\u00edcolas y creativas de M\u00e9xico y el mundo con la presencia de Lincoln junto con Hedon\u00e9 Experience . Esta semana cultural internacional se consolida como una plataforma de clase mundial concebida para celebrar la riqueza viva de Guanajuato en una atm\u00f3sfera de apreciaci\u00f3n \u00edntima y sofisticada.<\/p>\n\n\n\n<p class=\"wp-block-paragraph\">El programa integra una cuidada agenda de cenas maridaje a cuatro manos con chefs de<\/p>\n\n\n\n<p class=\"wp-block-paragraph\">renombre, catas guiadas con las etiquetas vin\u00edcolas m\u00e1s emblem\u00e1ticas del Baj\u00edo, intervenciones art\u00edsticas en vivo y experiencias de cocteler\u00eda de autor dise\u00f1adas para dial ogar con la arquitectura colonial y la historia del destino.<\/p>\n\n\n\n<figure class=\"wp-block-gallery has-nested-images columns-default is-cropped wp-block-gallery-1 is-layout-flex wp-block-gallery-is-layout-flex\">\n<figure class=\"wp-block-image size-large\"><img decoding=\"async\" width=\"500\" height=\"232\" data-id=\"1205525\" src=\"https:\/\/dimensionturistica.com\/es\/wp-content\/uploads\/2026\/08\/8linc.jpg\" alt=\"\" class=\"wp-image-1205525\" srcset=\"https:\/\/dimensionturistica.com\/es\/wp-content\/uploads\/2026\/08\/8linc.jpg 500w, https:\/\/dimensionturistica.com\/es\/wp-content\/uploads\/2026\/08\/8linc-300x139.jpg 300w\" sizes=\"(max-width: 500px) 100vw, 500px\" \/><\/figure>\n<\/figure>\n\n\n\n<p class=\"wp-block-paragraph\">Esta alianza nace de una profunda afinidad de valores: el culto al detalle, la curadur\u00eda rigurosa y el disfrute sereno sin ostentaci\u00f3n. Mientras Hedon\u00e9 Experience articula la narrativa y el dise\u00f1o de cada momento sensorial dentro del festival, Lincoln apor ta su visi\u00f3n de bienestar y hospitalidad, donde la sofisticaci\u00f3n se experimenta a trav\u00e9s de la armon\u00eda y la calma.<\/p>\n\n\n\n<p class=\"wp-block-paragraph\">\u201cEn Lincoln entendemos que el verdadero lujo reside en la armon\u00eda de los sentidos y en los momentos que invitan a la pausa. GEMA comparte esa misma devoci\u00f3n por la maestr\u00eda y la<\/p>\n\n\n\n<p class=\"wp-block-paragraph\">precisi\u00f3n, convirtiendo cada detalle en una experiencia memorable y profundame nte humana\u201d, destac\u00f3 William V\u00e9lez, Director de Lincoln para M\u00e9xico, Puerto Rico, Am\u00e9rica Central y el Caribe.<\/p>\n\n\n\n<figure class=\"wp-block-gallery has-nested-images columns-default is-cropped wp-block-gallery-2 is-layout-flex wp-block-gallery-is-layout-flex\">\n<figure class=\"wp-block-image size-large\"><img decoding=\"async\" width=\"330\" height=\"187\" data-id=\"1205527\" src=\"https:\/\/dimensionturistica.com\/es\/wp-content\/uploads\/2026\/08\/4linc.jpg\" alt=\"\" class=\"wp-image-1205527\" srcset=\"https:\/\/dimensionturistica.com\/es\/wp-content\/uploads\/2026\/08\/4linc.jpg 330w, https:\/\/dimensionturistica.com\/es\/wp-content\/uploads\/2026\/08\/4linc-300x170.jpg 300w\" sizes=\"(max-width: 330px) 100vw, 330px\" \/><\/figure>\n<\/figure>\n\n\n\n<p class=\"wp-block-paragraph\">GEMA no busca impresionar con volumen, sino con excelencia en cada matiz. Del 26 al 30 de agosto, San Miguel de Allende ser\u00e1 el escenario donde el arte, la alta gastronom\u00eda y la visi\u00f3n de Lincoln y Hedon\u00e9 Experience convergen para celebrar el lujo en su ex presi\u00f3n m\u00e1s pura.<\/p>\n","protected":false},"excerpt":{"rendered":"<p>Del 26 al 30 de agosto, San Miguel de Allende reafirma su posici\u00f3n como epicentro de hospitalidad y cultura con la llegada de GEM A (Gastronom\u00eda, Enolog\u00eda, Mixolog\u00eda y Arte), un encuentro que re\u00fane las m\u00e1s selectas expresiones culinarias, vitivin\u00edcolas y creativas de M\u00e9xico y el mundo con la presencia de Lincoln junto con Hedon\u00e9 [&hellip;]<\/p>\n","protected":false},"author":1,"featured_media":1205526,"comment_status":"open","ping_status":"closed","sticky":false,"template":"","format":"standard","meta":{"om_disable_all_campaigns":false,"jnews-multi-image_gallery":[],"jnews_single_post":[],"jnews_primary_category":[],"jnews_social_meta":[],"footnotes":""},"categories":[39],"tags":[],"class_list":["post-1205524","post","type-post","status-publish","format-standard","has-post-thumbnail","hentry","category-viajes"],"_links":{"self":[{"href":"https:\/\/dimensionturistica.com\/es\/wp-json\/wp\/v2\/posts\/1205524","targetHints":{"allow":["GET"]}}],"collection":[{"href":"https:\/\/dimensionturistica.com\/es\/wp-json\/wp\/v2\/posts"}],"about":[{"href":"https:\/\/dimensionturistica.com\/es\/wp-json\/wp\/v2\/types\/post"}],"author":[{"embeddable":true,"href":"https:\/\/dimensionturistica.com\/es\/wp-json\/wp\/v2\/users\/1"}],"replies":[{"embeddable":true,"href":"https:\/\/dimensionturistica.com\/es\/wp-json\/wp\/v2\/comments?post=1205524"}],"version-history":[{"count":1,"href":"https:\/\/dimensionturistica.com\/es\/wp-json\/wp\/v2\/posts\/1205524\/revisions"}],"predecessor-version":[{"id":1205528,"href":"https:\/\/dimensionturistica.com\/es\/wp-json\/wp\/v2\/posts\/1205524\/revisions\/1205528"}],"wp:featuredmedia":[{"embeddable":true,"href":"https:\/\/dimensionturistica.com\/es\/wp-json\/wp\/v2\/media\/1205526"}],"wp:attachment":[{"href":"https:\/\/dimensionturistica.com\/es\/wp-json\/wp\/v2\/media?parent=1205524"}],"wp:term":[{"taxonomy":"category","embeddable":true,"href":"https:\/\/dimensionturistica.com\/es\/wp-json\/wp\/v2\/categories?post=1205524"},{"taxonomy":"post_tag","embeddable":true,"href":"https:\/\/dimensionturistica.com\/es\/wp-json\/wp\/v2\/tags?post=1205524"}],"curies":[{"name":"wp","href":"https:\/\/api.w.org\/{rel}","templated":true}]}}