{"id":1205505,"date":"2026-08-31T21:29:02","date_gmt":"2026-08-31T21:29:02","guid":{"rendered":"https:\/\/dimensionturistica.com\/es\/?p=1205505"},"modified":"2026-08-31T21:29:02","modified_gmt":"2026-08-31T21:29:02","slug":"victoria-beckham-y-amal-clooney-desvelan-el-vestido-negro-perfecto-para-lucir-en-septiembre-de-2026","status":"publish","type":"post","link":"https:\/\/dimensionturistica.com\/es\/victoria-beckham-y-amal-clooney-desvelan-el-vestido-negro-perfecto-para-lucir-en-septiembre-de-2026\/","title":{"rendered":"Victoria Beckham y Amal Clooney desvelan el vestido negro perfecto para lucir en septiembre de 2026."},"content":{"rendered":"<p><strong>El Renacer del Vestido Negro: Estrellas que Marcan Tendencia<\/strong><\/p>\n<p>Septiembre es un mes de renovaciones y descubrimientos en el mundo de la moda, y la reciente aparici\u00f3n de dos \u00edconos de estilo, Victoria Beckham y Amal Clooney, ha elevado la temperatura en la pasarela del street style. Ambas celebridades optaron por un cl\u00e1sico infalible: el vestido negro elegante, demostrando que esta prenda atemporal sigue siendo un pilar esencial del armario de cualquier fashionista.<\/p>\n<p>Victoria Beckham, conocida por su fino sentido est\u00e9tico, eligi\u00f3 un dise\u00f1o que resalta su figura con l\u00edneas limpias y un corte sofisticado. El vestido, que combina elegancia con un toque moderno, se complement\u00f3 con accesorios minimalistas que realzan su look sin restarle protagonismo. Esta elecci\u00f3n no solo resalta su liderazgo en el \u00e1mbito de la moda, sino que reafirma su compromiso con la sustentabilidad al priorizar piezas que trascienden las temporadas.<\/p>\n<p>Por otro lado, Amal Clooney, abogada y activista de renombre, present\u00f3 una versi\u00f3n del vestido negro que destaca por su romanticismo y detalle. Con un dise\u00f1o que incorpora elementos tradicionales revisados a la luz de la contemporaneidad, Amal demuestra que la elegancia puede ir de la mano de la innovaci\u00f3n. Los acentos en su atuendo brindan un aire de sofisticaci\u00f3n que la posiciona como un referente de estilo, dejando una huella imborrable en cada evento al que asiste.<\/p>\n<p>Ambas figuras emblem\u00e1ticas han sabido interpretar el concepto del \u201clittle black dress\u201d en formas \u00fanicas, estableciendo un di\u00e1logo entre el pasado y el presente. Este cl\u00e1sico renace cada temporada, y su versatilidad permite que pase de una cena formal a una reuni\u00f3n casual con total elegancia.<\/p>\n<p>En la actualidad, el vestido negro no es solo una prenda de vestir, es un lienzo que proyecta la personalidad de quien lo lleva. Desde los tejidos elegantes hasta los cortes vanguardistas, cada elecci\u00f3n dice algo sobre su portadora. La atenci\u00f3n al detalle, la calidad de la confecci\u00f3n y la intenci\u00f3n de cada accesorio son elementos que marcan la diferencia entre un atuendo cotidiano y uno memorable.<\/p>\n<p>El dressing para eventos ya no se limita a seguir las tendencias ef\u00edmeras; se ha convertido en una forma de autoexpresi\u00f3n. El fen\u00f3meno del vestido negro se hace a\u00fan m\u00e1s relevante cuando los \u00edconos de la moda lo utilizan como veh\u00edculo para transmitir mensajes de fuerza y confianza. Es, sin duda, una prenda que empodera.<\/p>\n<p>El eco que dejan Beckham y Clooney no termina en lo est\u00e9tico. Su elecci\u00f3n de atuendos elegantes y significativos arroja luz sobre la importancia de seleccionar ropa que no solo luzca bien, sino que tambi\u00e9n hable de nuestro estilo de vida, valores y aspiraciones.<\/p>\n<p>El mundo de la moda siempre est\u00e1 en movimiento, pero existen piezas que permanecen fijas en el firmamento de la elegancia. El vestido negro es uno de esos elementos que nunca pasan de moda. Para quienes buscan inspiraci\u00f3n o desean actualizar su guardarropa, este cl\u00e1sico siempre ser\u00e1 una apuesta segura. As\u00ed que, si a\u00fan no tienes tu versi\u00f3n de un \u2018little black dress\u2019, septiembre es el mes ideal para darse un capricho y redescubrir la magia de esta prenda.<\/p>\n<p>Ya sea que recorra las calles de una gran ciudad o brille en una gala, la elegancia del vestido negro habla por s\u00ed misma. Sin lugar a dudas, este mes ha dejado claro que, en el armario de una mujer, siempre debe haber un vestido negro esperando para ser lucido.<\/p>\n<p><em> &#8221; Fuentes www.vogue.mx &#8221; <\/em><\/p>\n","protected":false},"excerpt":{"rendered":"<p>El Renacer del Vestido Negro: Estrellas que Marcan Tendencia Septiembre es un mes de renovaciones y descubrimientos en el mundo de la moda, y la reciente aparici\u00f3n de dos \u00edconos de estilo, Victoria Beckham y Amal Clooney, ha elevado la temperatura en la pasarela del street style. Ambas celebridades optaron por un cl\u00e1sico infalible: el [&hellip;]<\/p>\n","protected":false},"author":14,"featured_media":1205506,"comment_status":"open","ping_status":"closed","sticky":false,"template":"","format":"standard","meta":{"om_disable_all_campaigns":false,"jnews-multi-image_gallery":[],"jnews_single_post":[],"jnews_primary_category":[],"jnews_social_meta":[],"footnotes":""},"categories":[144872],"tags":[198504,47,73806,7758,14971,296203,2182,201257,47135,29834],"class_list":["post-1205505","post","type-post","status-publish","format-standard","has-post-thumbnail","hentry","category-fashion","tag-amal-clooney","tag-celebrities","tag-elegancia","tag-estilo","tag-looks","tag-moda-septiembre-2026","tag-tendencias","tag-vestido-negro","tag-vestidos","tag-victoria-beckham"],"_links":{"self":[{"href":"https:\/\/dimensionturistica.com\/es\/wp-json\/wp\/v2\/posts\/1205505","targetHints":{"allow":["GET"]}}],"collection":[{"href":"https:\/\/dimensionturistica.com\/es\/wp-json\/wp\/v2\/posts"}],"about":[{"href":"https:\/\/dimensionturistica.com\/es\/wp-json\/wp\/v2\/types\/post"}],"author":[{"embeddable":true,"href":"https:\/\/dimensionturistica.com\/es\/wp-json\/wp\/v2\/users\/14"}],"replies":[{"embeddable":true,"href":"https:\/\/dimensionturistica.com\/es\/wp-json\/wp\/v2\/comments?post=1205505"}],"version-history":[{"count":1,"href":"https:\/\/dimensionturistica.com\/es\/wp-json\/wp\/v2\/posts\/1205505\/revisions"}],"predecessor-version":[{"id":1205507,"href":"https:\/\/dimensionturistica.com\/es\/wp-json\/wp\/v2\/posts\/1205505\/revisions\/1205507"}],"wp:featuredmedia":[{"embeddable":true,"href":"https:\/\/dimensionturistica.com\/es\/wp-json\/wp\/v2\/media\/1205506"}],"wp:attachment":[{"href":"https:\/\/dimensionturistica.com\/es\/wp-json\/wp\/v2\/media?parent=1205505"}],"wp:term":[{"taxonomy":"category","embeddable":true,"href":"https:\/\/dimensionturistica.com\/es\/wp-json\/wp\/v2\/categories?post=1205505"},{"taxonomy":"post_tag","embeddable":true,"href":"https:\/\/dimensionturistica.com\/es\/wp-json\/wp\/v2\/tags?post=1205505"}],"curies":[{"name":"wp","href":"https:\/\/api.w.org\/{rel}","templated":true}]}}