{"id":1205495,"date":"2026-08-31T21:16:16","date_gmt":"2026-08-31T21:16:16","guid":{"rendered":"https:\/\/dimensionturistica.com\/es\/?p=1205495"},"modified":"2026-08-31T21:16:16","modified_gmt":"2026-08-31T21:16:16","slug":"fundacion-cmr-es-beneficiada-por-el-instituto-del-deporte-de-la-cdmx-en-el-marco-del-xliii-maraton-de-la-ciudad-de-mexico","status":"publish","type":"post","link":"https:\/\/dimensionturistica.com\/es\/fundacion-cmr-es-beneficiada-por-el-instituto-del-deporte-de-la-cdmx-en-el-marco-del-xliii-maraton-de-la-ciudad-de-mexico\/","title":{"rendered":"Fundaci\u00f3n CMR es beneficiada por el Instituto del Deporte de la CDMX en el marco del XLIII Marat\u00f3n de la Ciudad de M\u00e9xico"},"content":{"rendered":"\n<p class=\"wp-block-paragraph\">En el marco de las actividades del XLIII Marat\u00f3n de la Ciudad de M\u00e9xico, el Instituto del Deporte (INDEPORTE) impuls\u00f3 la participaci\u00f3n social a favor de Fundaci\u00f3n CMR para fortalecer la nutrici\u00f3n infantil en la capital. Tras una convocatoria exhaustiva, la fundaci\u00f3n fue seleccionada por primera vez para formar parte del programa oficial \u201cCorre con Causa\u201d, compartiendo esta distinci\u00f3n con 14 organizaciones comprometidas con la transformaci\u00f3n social.<\/p>\n\n\n\n<figure class=\"wp-block-gallery has-nested-images columns-default is-cropped wp-block-gallery-1 is-layout-flex wp-block-gallery-is-layout-flex\">\n<figure class=\"wp-block-image size-large\"><img decoding=\"async\" width=\"500\" height=\"408\" data-id=\"1205496\" src=\"https:\/\/dimensionturistica.com\/es\/wp-content\/uploads\/2026\/08\/4FUNDACION.jpg\" alt=\"\" class=\"wp-image-1205496\" srcset=\"https:\/\/dimensionturistica.com\/es\/wp-content\/uploads\/2026\/08\/4FUNDACION.jpg 500w, https:\/\/dimensionturistica.com\/es\/wp-content\/uploads\/2026\/08\/4FUNDACION-300x245.jpg 300w\" sizes=\"(max-width: 500px) 100vw, 500px\" \/><\/figure>\n<\/figure>\n\n\n\n<p class=\"wp-block-paragraph\">\u201cLa estructuraci\u00f3n de alianzas que maximizan el aprovechamiento de los recursos, adem\u00e1s de permitir la obtenci\u00f3n de un donativo econ\u00f3mico clave, tambi\u00e9n coadyuva a visibilizar nuestra labor ante m\u00e1s de 30,000 corredores y miles de familias que se suman al evento. Agradecemos al Director Erick Hern\u00e1ndez y al Lic. Jorge Castro, del \u00e1rea de Eventos, por todo su respaldo institucional para la gesti\u00f3n de este beneficio\u201d, destac\u00f3 Alejandra Montes de Oca, Gerente y Responsable de Fundaci\u00f3n CMR.<\/p>\n\n\n\n<p class=\"wp-block-paragraph\">Esta iniciativa representa un modelo de inversi\u00f3n social articulad a donde distintos actores suman capacidades y recursos espec\u00edficos. Gracias al apoyo de los donantes y al esfuerzo de 50 corredores con causa, se asegurar\u00e1 la mejora sustancial en la alimentaci\u00f3n de 1,850 ni\u00f1as y ni\u00f1os atendidos a trav\u00e9s del comedor comunitario de la fundaci\u00f3n en la alcald\u00eda \u00c1lvaro Obreg\u00f3n.<\/p>\n\n\n\n<p class=\"wp-block-paragraph\">Nutrici\u00f3n infantil y desarrollo comunitario<\/p>\n\n\n\n<figure class=\"wp-block-gallery has-nested-images columns-default is-cropped wp-block-gallery-2 is-layout-flex wp-block-gallery-is-layout-flex\">\n<figure class=\"wp-block-image size-large\"><img decoding=\"async\" width=\"500\" height=\"867\" data-id=\"1205500\" src=\"https:\/\/dimensionturistica.com\/es\/wp-content\/uploads\/2026\/08\/66FUNDACION.jpg\" alt=\"\" class=\"wp-image-1205500\" srcset=\"https:\/\/dimensionturistica.com\/es\/wp-content\/uploads\/2026\/08\/66FUNDACION.jpg 500w, https:\/\/dimensionturistica.com\/es\/wp-content\/uploads\/2026\/08\/66FUNDACION-173x300.jpg 173w\" sizes=\"(max-width: 500px) 100vw, 500px\" \/><\/figure>\n<\/figure>\n\n\n\n<p class=\"wp-block-paragraph\">El comedor de \u00c1lvaro Obreg\u00f3n opera de lunes a viernes como un espacio seguro donde los peque\u00f1os reciben alimentos balanceados indispensables para su crecimiento y aprendizaje. Acciones como estas van directo al bienestar de las familias, generan impacto real y sostenido en las comunidades que m\u00e1s lo necesitan. Aunado a ello, fortalece la construcci\u00f3n de la infraestructura del tejido social con visi\u00f3n de largo plazo, al involucrar de manera activa a madres y padres de familia en la preparaci\u00f3n de alimentos, din\u00e1micas comunitarias y la sostenibilidad del centro. Esto es lo que convierte la buena voluntad en resultados concretos y medibles.<\/p>\n\n\n\n<figure class=\"wp-block-gallery has-nested-images columns-default is-cropped wp-block-gallery-3 is-layout-flex wp-block-gallery-is-layout-flex\">\n<figure class=\"wp-block-image size-large\"><img decoding=\"async\" width=\"500\" height=\"666\" data-id=\"1205501\" src=\"https:\/\/dimensionturistica.com\/es\/wp-content\/uploads\/2026\/08\/5FUNDACION.jpg\" alt=\"\" class=\"wp-image-1205501\" srcset=\"https:\/\/dimensionturistica.com\/es\/wp-content\/uploads\/2026\/08\/5FUNDACION.jpg 500w, https:\/\/dimensionturistica.com\/es\/wp-content\/uploads\/2026\/08\/5FUNDACION-225x300.jpg 225w\" sizes=\"(max-width: 500px) 100vw, 500px\" \/><\/figure>\n<\/figure>\n\n\n\n<p class=\"wp-block-paragraph\">Presencia institucional en el Marat\u00f3n CDMX<\/p>\n\n\n\n<p class=\"wp-block-paragraph\">Fundaci\u00f3n CMR estar\u00e1 presente en la Expo Marat\u00f3n CDMX, ubicada en los Salones Maya del World Trade Center, del 27 al 29 de agosto de 2026. Se invita a los asistentes a visitar su stand para conocer m\u00e1s sobre sus proyectos alimentarios. Asimismo, el equipo de la fundaci\u00f3n se desplegar\u00e1 a lo largo de la ruta el d\u00eda de la carrera para alentar y reconocer la entrega de cada corredor.<\/p>\n","protected":false},"excerpt":{"rendered":"<p>En el marco de las actividades del XLIII Marat\u00f3n de la Ciudad de M\u00e9xico, el Instituto del Deporte (INDEPORTE) impuls\u00f3 la participaci\u00f3n social a favor de Fundaci\u00f3n CMR para fortalecer la nutrici\u00f3n infantil en la capital. Tras una convocatoria exhaustiva, la fundaci\u00f3n fue seleccionada por primera vez para formar parte del programa oficial \u201cCorre con [&hellip;]<\/p>\n","protected":false},"author":1,"featured_media":1205502,"comment_status":"open","ping_status":"closed","sticky":false,"template":"","format":"standard","meta":{"om_disable_all_campaigns":false,"jnews-multi-image_gallery":[],"jnews_single_post":[],"jnews_primary_category":[],"jnews_social_meta":[],"footnotes":""},"categories":[43],"tags":[],"class_list":["post-1205495","post","type-post","status-publish","format-standard","has-post-thumbnail","hentry","category-gourmet"],"_links":{"self":[{"href":"https:\/\/dimensionturistica.com\/es\/wp-json\/wp\/v2\/posts\/1205495","targetHints":{"allow":["GET"]}}],"collection":[{"href":"https:\/\/dimensionturistica.com\/es\/wp-json\/wp\/v2\/posts"}],"about":[{"href":"https:\/\/dimensionturistica.com\/es\/wp-json\/wp\/v2\/types\/post"}],"author":[{"embeddable":true,"href":"https:\/\/dimensionturistica.com\/es\/wp-json\/wp\/v2\/users\/1"}],"replies":[{"embeddable":true,"href":"https:\/\/dimensionturistica.com\/es\/wp-json\/wp\/v2\/comments?post=1205495"}],"version-history":[{"count":1,"href":"https:\/\/dimensionturistica.com\/es\/wp-json\/wp\/v2\/posts\/1205495\/revisions"}],"predecessor-version":[{"id":1205503,"href":"https:\/\/dimensionturistica.com\/es\/wp-json\/wp\/v2\/posts\/1205495\/revisions\/1205503"}],"wp:featuredmedia":[{"embeddable":true,"href":"https:\/\/dimensionturistica.com\/es\/wp-json\/wp\/v2\/media\/1205502"}],"wp:attachment":[{"href":"https:\/\/dimensionturistica.com\/es\/wp-json\/wp\/v2\/media?parent=1205495"}],"wp:term":[{"taxonomy":"category","embeddable":true,"href":"https:\/\/dimensionturistica.com\/es\/wp-json\/wp\/v2\/categories?post=1205495"},{"taxonomy":"post_tag","embeddable":true,"href":"https:\/\/dimensionturistica.com\/es\/wp-json\/wp\/v2\/tags?post=1205495"}],"curies":[{"name":"wp","href":"https:\/\/api.w.org\/{rel}","templated":true}]}}