{"id":1205484,"date":"2026-08-31T20:54:34","date_gmt":"2026-08-31T20:54:34","guid":{"rendered":"https:\/\/dimensionturistica.com\/es\/?p=1205484"},"modified":"2026-08-31T20:54:34","modified_gmt":"2026-08-31T20:54:34","slug":"conmemora-bomberg-mas-de-un-siglo-de-historia-azulcrema-con-una-edicion-limitada-en-fibra-de-carbono-y-set-de-doble-correa","status":"publish","type":"post","link":"https:\/\/dimensionturistica.com\/es\/conmemora-bomberg-mas-de-un-siglo-de-historia-azulcrema-con-una-edicion-limitada-en-fibra-de-carbono-y-set-de-doble-correa\/","title":{"rendered":"Conmemora \u201cBomberg\u201d m\u00e1s de un siglo de historia azulcrema con una edici\u00f3n limitada en Fibra de Carbono y set de doble correa"},"content":{"rendered":"\n<p class=\"wp-block-paragraph\">&nbsp;Para conmemorar el 110 aniversario de la instituci\u00f3n m\u00e1s laureada y trascendente del f\u00fatbol mexicano, BOMBERG presenta la edici\u00f3n conmemorativa BOMBERG x Club Am\u00e9rica. Esta pieza de alta precisi\u00f3n materializa m\u00e1s de un siglo de gloria, dominio deportivo y lealtad incondicional.<\/p>\n\n\n\n<figure class=\"wp-block-gallery has-nested-images columns-default is-cropped wp-block-gallery-1 is-layout-flex wp-block-gallery-is-layout-flex\">\n<figure class=\"wp-block-image size-large\"><img decoding=\"async\" width=\"500\" height=\"219\" data-id=\"1205485\" src=\"https:\/\/dimensionturistica.com\/es\/wp-content\/uploads\/2026\/08\/2AME.jpg\" alt=\"\" class=\"wp-image-1205485\" srcset=\"https:\/\/dimensionturistica.com\/es\/wp-content\/uploads\/2026\/08\/2AME.jpg 500w, https:\/\/dimensionturistica.com\/es\/wp-content\/uploads\/2026\/08\/2AME-300x131.jpg 300w\" sizes=\"(max-width: 500px) 100vw, 500px\" \/><\/figure>\n<\/figure>\n\n\n\n<p class=\"wp-block-paragraph\">110 a\u00f1os de historia no se cuentan, se llevan en la mu\u00f1eca. Esta colaboraci\u00f3n exclusiva est\u00e1 forjada para aquellos aficionados que no debaten la grandeza de su equipo, sino que la asumen y la portan con orgullo: Grandes de Coraz\u00f3n.<\/p>\n\n\n\n<p class=\"wp-block-paragraph\">Captura de Pantalla 2026-08-28 a la(s) 9.41.52.png<\/p>\n\n\n\n<p class=\"wp-block-paragraph\">La Ingenier\u00eda en fibra de carbono y ADN azulcrema<\/p>\n\n\n\n<figure class=\"wp-block-gallery has-nested-images columns-default is-cropped wp-block-gallery-2 is-layout-flex wp-block-gallery-is-layout-flex\">\n<figure class=\"wp-block-image size-large\"><img decoding=\"async\" width=\"500\" height=\"222\" data-id=\"1205486\" src=\"https:\/\/dimensionturistica.com\/es\/wp-content\/uploads\/2026\/08\/3AME.jpg\" alt=\"\" class=\"wp-image-1205486\" srcset=\"https:\/\/dimensionturistica.com\/es\/wp-content\/uploads\/2026\/08\/3AME.jpg 500w, https:\/\/dimensionturistica.com\/es\/wp-content\/uploads\/2026\/08\/3AME-300x133.jpg 300w\" sizes=\"(max-width: 500px) 100vw, 500px\" \/><\/figure>\n<\/figure>\n\n\n\n<p class=\"wp-block-paragraph\">El nuevo BOMBERG x Club Am\u00e9rica destaca por su esfera t\u00e9cnica de fibra de carbono tejida en azul profundo, un material de alto rendimiento que aporta textura tridimensional, ligereza y resistencia extrema. Sobre el tejido de carbono cruza las franjas verticales en amarillo y rojo emblem\u00e1ticos del club, acompa\u00f1ada por el monograma hist\u00f3rico CA en aplique pulido de alto relieve.<\/p>\n\n\n\n<p class=\"wp-block-paragraph\">Las manecillas facetadas y los \u00edndices aplicados cuentan con tratamiento Luminova para m\u00e1xima legibilidad, mientras que el segundero central en rojo vibrante incorpora el contrapeso esqueletado con el logotipo BB de la casa suiza. La caja de 42 mm en acero inoxidable 316L presenta un bisel facetado de 12 muescas y acabados combinados en cepillado, pulido y biselado.<\/p>\n\n\n\n<figure class=\"wp-block-gallery has-nested-images columns-default is-cropped wp-block-gallery-3 is-layout-flex wp-block-gallery-is-layout-flex\"><\/figure>\n\n\n\n<figure class=\"wp-block-gallery has-nested-images columns-default is-cropped wp-block-gallery-4 is-layout-flex wp-block-gallery-is-layout-flex\">\n<figure class=\"wp-block-image size-large\"><img decoding=\"async\" width=\"500\" height=\"224\" data-id=\"1205487\" src=\"https:\/\/dimensionturistica.com\/es\/wp-content\/uploads\/2026\/08\/4AME.jpg\" alt=\"\" class=\"wp-image-1205487\" srcset=\"https:\/\/dimensionturistica.com\/es\/wp-content\/uploads\/2026\/08\/4AME.jpg 500w, https:\/\/dimensionturistica.com\/es\/wp-content\/uploads\/2026\/08\/4AME-300x134.jpg 300w\" sizes=\"(max-width: 500px) 100vw, 500px\" \/><\/figure>\n<\/figure>\n\n\n\n<p class=\"wp-block-paragraph\">Los detalles con un significado y de edici\u00f3n limitada<\/p>\n\n\n\n<p class=\"wp-block-paragraph\">En el reverso de la pieza, la tapa exhibe un grabado conmemorativo con el escudo oficial del 110 Aniversario del Club, el lema Grandes de Coraz\u00f3n y la numeraci\u00f3n ONE OF 400. La producci\u00f3n est\u00e1 estrictamente limitada a 400 unidades para todo el mundo, convirtiendo a cada reloj en un objeto de colecci\u00f3n irrepetible para aficionados y coleccionistas.<\/p>\n\n\n\n<p class=\"wp-block-paragraph\">Captura de Pantalla 2026-08-28 a la(s) 9.50.07.png<\/p>\n\n\n\n<p class=\"wp-block-paragraph\">Un set de presentaci\u00f3n monumental con doble correa<\/p>\n\n\n\n<figure class=\"wp-block-gallery has-nested-images columns-default is-cropped wp-block-gallery-5 is-layout-flex wp-block-gallery-is-layout-flex\">\n<figure class=\"wp-block-image size-large\"><img decoding=\"async\" width=\"500\" height=\"223\" data-id=\"1205488\" src=\"https:\/\/dimensionturistica.com\/es\/wp-content\/uploads\/2026\/08\/5AME.jpg\" alt=\"\" class=\"wp-image-1205488\" srcset=\"https:\/\/dimensionturistica.com\/es\/wp-content\/uploads\/2026\/08\/5AME.jpg 500w, https:\/\/dimensionturistica.com\/es\/wp-content\/uploads\/2026\/08\/5AME-300x134.jpg 300w\" sizes=\"(max-width: 500px) 100vw, 500px\" \/><\/figure>\n<\/figure>\n\n\n\n<p class=\"wp-block-paragraph\">Cada reloj se entrega dentro de una caja de presentaci\u00f3n especial con los colores del club, decorada con el escudo conmemorativo y el lema Grandes de Coraz\u00f3n.<\/p>\n\n\n\n<p class=\"wp-block-paragraph\">El set est\u00e1 configurado para que cada aficionado porte la pieza a su propio estilo:<\/p>\n\n\n\n<p class=\"wp-block-paragraph\">El reloj viene montado de origen con una correa integrada de silicona azul marino decorada con franjas en amarillo y rojo.<\/p>\n\n\n\n<p class=\"wp-block-paragraph\">Se incluye en el interior una segunda correa de silicona en color amarillo encendido con franjas azul y roja, f\u00e1cilmente intercambiable gracias a sus pasadores r\u00e1pidos.<\/p>\n\n\n\n<figure class=\"wp-block-gallery has-nested-images columns-default is-cropped wp-block-gallery-6 is-layout-flex wp-block-gallery-is-layout-flex\">\n<figure class=\"wp-block-image size-large\"><img decoding=\"async\" width=\"520\" height=\"239\" data-id=\"1205489\" src=\"https:\/\/dimensionturistica.com\/es\/wp-content\/uploads\/2026\/08\/7AME.jpg\" alt=\"\" class=\"wp-image-1205489\" srcset=\"https:\/\/dimensionturistica.com\/es\/wp-content\/uploads\/2026\/08\/7AME.jpg 520w, https:\/\/dimensionturistica.com\/es\/wp-content\/uploads\/2026\/08\/7AME-300x138.jpg 300w\" sizes=\"(max-width: 520px) 100vw, 520px\" \/><\/figure>\n<\/figure>\n\n\n\n<p class=\"wp-block-paragraph\">El conjunto se complementa con un estuche de viaje r\u00edgido tipo roll en amarillo y azul con grabado BOMBERG y el certificado de autenticidad con garant\u00eda internacional.<\/p>\n\n\n\n<p class=\"wp-block-paragraph\">Disponibilidad<\/p>\n\n\n\n<p class=\"wp-block-paragraph\">Disponible a partir del 27 de Agosto de 2026 en M\u00e9xico a trav\u00e9s de la tienda oficial en l\u00ednea bombergwatches.com y tiendas departamentales seleccionadas. Unidades limitadas disponibles para distribuci\u00f3n internacional a trav\u00e9s del portal global de la marca.<\/p>\n","protected":false},"excerpt":{"rendered":"<p>&nbsp;Para conmemorar el 110 aniversario de la instituci\u00f3n m\u00e1s laureada y trascendente del f\u00fatbol mexicano, BOMBERG presenta la edici\u00f3n conmemorativa BOMBERG x Club Am\u00e9rica. Esta pieza de alta precisi\u00f3n materializa m\u00e1s de un siglo de gloria, dominio deportivo y lealtad incondicional. 110 a\u00f1os de historia no se cuentan, se llevan en la mu\u00f1eca. Esta colaboraci\u00f3n [&hellip;]<\/p>\n","protected":false},"author":1,"featured_media":1205490,"comment_status":"open","ping_status":"closed","sticky":false,"template":"","format":"standard","meta":{"om_disable_all_campaigns":false,"jnews-multi-image_gallery":[],"jnews_single_post":[],"jnews_primary_category":[],"jnews_social_meta":[],"footnotes":""},"categories":[144872],"tags":[],"class_list":["post-1205484","post","type-post","status-publish","format-standard","has-post-thumbnail","hentry","category-fashion"],"_links":{"self":[{"href":"https:\/\/dimensionturistica.com\/es\/wp-json\/wp\/v2\/posts\/1205484","targetHints":{"allow":["GET"]}}],"collection":[{"href":"https:\/\/dimensionturistica.com\/es\/wp-json\/wp\/v2\/posts"}],"about":[{"href":"https:\/\/dimensionturistica.com\/es\/wp-json\/wp\/v2\/types\/post"}],"author":[{"embeddable":true,"href":"https:\/\/dimensionturistica.com\/es\/wp-json\/wp\/v2\/users\/1"}],"replies":[{"embeddable":true,"href":"https:\/\/dimensionturistica.com\/es\/wp-json\/wp\/v2\/comments?post=1205484"}],"version-history":[{"count":1,"href":"https:\/\/dimensionturistica.com\/es\/wp-json\/wp\/v2\/posts\/1205484\/revisions"}],"predecessor-version":[{"id":1205491,"href":"https:\/\/dimensionturistica.com\/es\/wp-json\/wp\/v2\/posts\/1205484\/revisions\/1205491"}],"wp:featuredmedia":[{"embeddable":true,"href":"https:\/\/dimensionturistica.com\/es\/wp-json\/wp\/v2\/media\/1205490"}],"wp:attachment":[{"href":"https:\/\/dimensionturistica.com\/es\/wp-json\/wp\/v2\/media?parent=1205484"}],"wp:term":[{"taxonomy":"category","embeddable":true,"href":"https:\/\/dimensionturistica.com\/es\/wp-json\/wp\/v2\/categories?post=1205484"},{"taxonomy":"post_tag","embeddable":true,"href":"https:\/\/dimensionturistica.com\/es\/wp-json\/wp\/v2\/tags?post=1205484"}],"curies":[{"name":"wp","href":"https:\/\/api.w.org\/{rel}","templated":true}]}}