{"id":120547,"date":"2021-05-03T13:27:26","date_gmt":"2021-05-03T13:27:26","guid":{"rendered":"https:\/\/dimensionturistica.com\/es\/?p=120547"},"modified":"2021-05-03T13:27:26","modified_gmt":"2021-05-03T13:27:26","slug":"eximen-tasas-para-gastronomicos-salones-de-fiestas-y-agencias-de-viaje","status":"publish","type":"post","link":"https:\/\/dimensionturistica.com\/es\/eximen-tasas-para-gastronomicos-salones-de-fiestas-y-agencias-de-viaje\/","title":{"rendered":"Eximen tasas para gastron\u00f3micos, salones de fiestas y agencias de viaje"},"content":{"rendered":"<p> <br \/>\n<\/p>\n<div id=\"notapage_texto\" itemprop=\"articleBody\">\n<p><span style=\"font-size:14px;\"><span style=\"font-family:arial,helvetica,sans-serif;\">Dada la situaci\u00f3n epidemiol\u00f3gica precise y ante el escenario de nuevas restricciones en el \u00e1mbito de la Provincia de Buenos Aires, el intendente de Jun\u00edn, Pablo Petrecca, anunci\u00f3 nuevas medidas de acompa\u00f1amiento para los sectores m\u00e1s afectados.<\/span><\/span><\/p>\n<p><span style=\"font-size:14px;\"><span style=\"font-family:arial,helvetica,sans-serif;\">\u00abLamentablemente, hoy estamos nuevamente hablando de restricciones porque no se logr\u00f3 avanzar con el plan de vacunaci\u00f3n, tal como lo hab\u00eda prometido el presidente\u00bb, dijo Petrecca y continu\u00f3: \u00abTransitando m\u00e1s de un a\u00f1o de la pandemia y de la extensa cuarentena sufrida por todos los argentinos, entendemos que el camino pasa por avanzar lo antes posible con la vacunaci\u00f3n de toda la poblaci\u00f3n, en especial y como prioridad de aquellos que son de riesgo\u00bb.<\/span><\/span><\/p>\n<p><span style=\"font-size:14px;\"><span style=\"font-family:arial,helvetica,sans-serif;\">Asimismo, el jefe comunal reiter\u00f3 que tambi\u00e9n es basic \u00abseguir incrementando los testeos, aislar r\u00e1pidamente, concientizar y hacer cumplir cada uno de los protocolos que fueron establecidos para las distintas actividades econ\u00f3micas\u00bb.<\/span><\/span><\/p>\n<p><span style=\"font-size:14px;\"><span style=\"font-family:arial,helvetica,sans-serif;\"><strong>Las medidas<\/strong><br \/>Respecto de las medidas para seguir acompa\u00f1ando a los sectores productivos m\u00e1s perjudicados, el intendente detall\u00f3:<\/span><\/span><\/p>\n<p><span style=\"font-size:14px;\"><span style=\"font-family:arial,helvetica,sans-serif;\">\u00abHabr\u00e1 una eximici\u00f3n de tasas del 100% para las actividades de Eventos, salones de fiestas, cines, guarder\u00edas infantiles, confiter\u00edas bailables, salones de juegos electr\u00f3nicos, agencias de viaje, gastron\u00f3micos; restaurantes, resto pub, birrier\u00edas, hoteles\u00bb.<\/span><\/span><\/p>\n<p><span style=\"font-size:14px;\"><span style=\"font-family:arial,helvetica,sans-serif;\">\u00abAdem\u00e1s, habr\u00e1 una eximici\u00f3n de hasta el 60% para las actividades de gimnasios, natatorios, escuelas de danza, canchas de f\u00fatbol 5 y paddle\u00bb.<\/span><\/span><\/p>\n<p><span style=\"font-size:14px;\"><span style=\"font-family:arial,helvetica,sans-serif;\">\u00abTambi\u00e9n lanzaremos una moratoria, con importantes beneficios y descuentos para los sectores m\u00e1s perjudicados\u00bb.<\/span><\/span><\/p>\n<p><span style=\"font-size:14px;\"><span style=\"font-family:arial,helvetica,sans-serif;\">Siguiendo con la enumeraci\u00f3n de las medidas, Petrecca indic\u00f3: \u00abEstamos lanzando tambi\u00e9n microcr\u00e9ditos especiales vinculados al sector gastron\u00f3micos, destinados a la compra de calefactores e instalaciones para el uso del espacio p\u00fablico en los parklets durante el invierno y ampliamos los montos otorgados en microcr\u00e9ditos vinculados al sector de Eventos\u00bb.<\/span><\/span><\/p>\n<p><span style=\"font-size:14px;\"><span style=\"font-family:arial,helvetica,sans-serif;\">\u00abPor otro lado, suspenderemos por tres meses el cobro del Estacionamiento Medido de la zona 2, que pasar\u00e1 a ser libre y gratuito y continuaremos con el programa de acompa\u00f1amiento al sector cultural, con ayudas econ\u00f3micas y el programa de mecenazgo\u00bb.<\/span><\/span><\/p>\n<p><span style=\"font-size:14px;\"><span style=\"font-family:arial,helvetica,sans-serif;\">Por \u00faltimo, el intendente manifest\u00f3 que, como nuevo reconocimiento al sector de salud del municipio y tal como se viene avanzando en la mejora salarial, en di\u00e1logo con los gremios es que en este mes de mayo, se estar\u00e1 realizando la recategorizaci\u00f3n de todos los enfermeros pertenecientes a las unidades sanitarias y que en junio se estar\u00e1 reforzando con un importante bono perteneciente a los fondos recibidos por los distintos programas sanitarios.<\/span><\/span><\/p>\n<p><span style=\"font-size:14px;\"><span style=\"font-family:arial,helvetica,sans-serif;\">Asimismo, confirm\u00f3 la continuidad del Centro Extrahospitalario Pioneer y la realizaci\u00f3n de testeos r\u00e1pidos municipales de lunes a viernes.<\/span><\/span><\/p>\n<\/p><\/div>\n<p><script>(function (d, s, id) {\n    var js, fjs = d.getElementsByTagName(s)[0];\n    if (d.getElementById(id)) return;\n    js = d.createElement(s); js.id = id;\n    js.src = \"https:\/\/connect.facebook.net\/es_LA\/sdk.js#xfbml=1&version=v2.5&appId=1027751890584945\";\n    fjs.parentNode.insertBefore(js, fjs);\n  }(document, 'script', 'facebook-jssdk'));<\/script><br \/>\n<br \/><\/p>\n<p><em> &#8221; Fuentes www.junindigital.com &#8221; <\/em><\/p>\n","protected":false},"excerpt":{"rendered":"<p>Dada la situaci\u00f3n epidemiol\u00f3gica precise y ante el escenario de nuevas restricciones en el \u00e1mbito de la Provincia de Buenos Aires, el intendente de Jun\u00edn, Pablo Petrecca, anunci\u00f3 nuevas medidas de acompa\u00f1amiento para los sectores m\u00e1s afectados. \u00abLamentablemente, hoy estamos nuevamente hablando de restricciones porque no se logr\u00f3 avanzar con el plan de vacunaci\u00f3n, tal [&hellip;]<\/p>\n","protected":false},"author":4,"featured_media":120548,"comment_status":"open","ping_status":"closed","sticky":false,"template":"","format":"standard","meta":{"om_disable_all_campaigns":false,"jnews-multi-image_gallery":[],"jnews_single_post":[],"jnews_primary_category":[],"jnews_social_meta":[],"footnotes":""},"categories":[40],"tags":[],"class_list":["post-120547","post","type-post","status-publish","format-standard","has-post-thumbnail","hentry","category-industria"],"_links":{"self":[{"href":"https:\/\/dimensionturistica.com\/es\/wp-json\/wp\/v2\/posts\/120547","targetHints":{"allow":["GET"]}}],"collection":[{"href":"https:\/\/dimensionturistica.com\/es\/wp-json\/wp\/v2\/posts"}],"about":[{"href":"https:\/\/dimensionturistica.com\/es\/wp-json\/wp\/v2\/types\/post"}],"author":[{"embeddable":true,"href":"https:\/\/dimensionturistica.com\/es\/wp-json\/wp\/v2\/users\/4"}],"replies":[{"embeddable":true,"href":"https:\/\/dimensionturistica.com\/es\/wp-json\/wp\/v2\/comments?post=120547"}],"version-history":[{"count":0,"href":"https:\/\/dimensionturistica.com\/es\/wp-json\/wp\/v2\/posts\/120547\/revisions"}],"wp:featuredmedia":[{"embeddable":true,"href":"https:\/\/dimensionturistica.com\/es\/wp-json\/wp\/v2\/media\/120548"}],"wp:attachment":[{"href":"https:\/\/dimensionturistica.com\/es\/wp-json\/wp\/v2\/media?parent=120547"}],"wp:term":[{"taxonomy":"category","embeddable":true,"href":"https:\/\/dimensionturistica.com\/es\/wp-json\/wp\/v2\/categories?post=120547"},{"taxonomy":"post_tag","embeddable":true,"href":"https:\/\/dimensionturistica.com\/es\/wp-json\/wp\/v2\/tags?post=120547"}],"curies":[{"name":"wp","href":"https:\/\/api.w.org\/{rel}","templated":true}]}}