{"id":1205461,"date":"2026-08-31T19:46:26","date_gmt":"2026-08-31T19:46:26","guid":{"rendered":"https:\/\/dimensionturistica.com\/es\/?p=1205461"},"modified":"2026-08-31T19:46:26","modified_gmt":"2026-08-31T19:46:26","slug":"disfrute-del-espectaculo-de-rosalia-en-cdmx-y-confirme-que-fue-una-oda-a-la-creatividad","status":"publish","type":"post","link":"https:\/\/dimensionturistica.com\/es\/disfrute-del-espectaculo-de-rosalia-en-cdmx-y-confirme-que-fue-una-oda-a-la-creatividad\/","title":{"rendered":"Disfrut\u00e9 del espect\u00e1culo de Rosal\u00eda en CDMX y confirm\u00e9 que fue una oda a la creatividad"},"content":{"rendered":"<p><strong>La experiencia transformadora de un concierto: un homenaje a la creatividad y la expresi\u00f3n art\u00edstica<\/strong><\/p>\n<p>Recientemente, un evento deslumbrante tuvo lugar en la Ciudad de M\u00e9xico, donde la figura central fue una reconocida artista que ha sabido fusionar la m\u00fasica, la danza, la moda y el arte en una sola experiencia. Su concierto no fue solo un despliegue de talento musical; se present\u00f3 como una aut\u00e9ntica celebraci\u00f3n de la creatividad en todas sus formas.<\/p>\n<p>Desde los primeros acordes, la atm\u00f3sfera se carg\u00f3 de energ\u00eda y expectativa. El escenario, meticulosamente dise\u00f1ado, se convert\u00eda en un lienzo que cobraba vida con cada interpretaci\u00f3n. Las luces, los colores y los efectos visuales crearon un ambiente envolvente que permiti\u00f3 al p\u00fablico sumergirse por completo en el mundo art\u00edstico que la artista hab\u00eda preparado. Cada elemento estaba cuidadosamente dise\u00f1ado, reflejando no solo su visi\u00f3n art\u00edstica, sino tambi\u00e9n su profundo respeto por el legado cultural que representa.<\/p>\n<p>Uno de los aspectos m\u00e1s destacados del evento fue el vestuario, que resonaba con la identidad \u00fanica de la artista. Cada atuendo se transform\u00f3 en una declaraci\u00f3n de intenciones, un espejo del eclecticismo que caracteriza su estilo. La moda se present\u00f3 como una poderosa herramienta de comunicaci\u00f3n, capaz de transmitir emociones y contar historias. La elecci\u00f3n de telas, colores y cortes evoc\u00f3 tanto la cultura popular como la alta costura, posicionando el vestuario como un personaje m\u00e1s dentro del espect\u00e1culo.<\/p>\n<p>Durante la velada, la conexi\u00f3n con el p\u00fablico se palp\u00f3 en el aire. La artista no solo se present\u00f3 como una int\u00e9rprete, sino como una narradora que invitaba a sus espectadores a ser parte de su universo. Las interacciones con la audiencia, la forma en que comparti\u00f3 an\u00e9cdotas y reflexiones, crearon un vinculo que fue m\u00e1s all\u00e1 de lo musical. Se estableci\u00f3 una din\u00e1mica de entrega mutua, donde cada aplauso resonaba como un reconocimiento a la valent\u00eda de presentar un trabajo aut\u00e9ntico y personal.<\/p>\n<p>La inclusi\u00f3n de distintos estilos musicales fue otro aspecto que mantuvo a todos en vilo. Desde el flamenco hasta el pop contempor\u00e1neo, cada g\u00e9nero se fusion\u00f3 en un ritmo contagioso que llev\u00f3 a muchos a bailar y cantar al un\u00edsono. La diversidad y riqueza de sus influencias reflejan un compromiso con la innovaci\u00f3n y la exploraci\u00f3n de nuevos sonidos, manteniendo a la audiencia cautivada y deseosa de m\u00e1s.<\/p>\n<p>Adem\u00e1s, el concierto destac\u00f3 la importancia del arte como una forma de expresi\u00f3n individual y colectiva. En un mundo donde muchas veces se busca la homogeneidad, la artista reafirm\u00f3 el poder de la autenticidad y la originalidad. Cada nota, cada coreograf\u00eda y cada atuendo eran un recordatorio de que el arte es una herramienta fundamental para conectar, sanar y celebrar la vida.<\/p>\n<p>Al final de la noche, los asistentes no solo se llevaron consigo el eco de una melod\u00eda. Saliendo del recinto, muchos sent\u00edan que hab\u00edan sido parte de algo trascendental: una experiencia que no solo deleit\u00f3 sus sentidos, sino que tambi\u00e9n los invit\u00f3 a reflexionar sobre la belleza de la expresi\u00f3n art\u00edstica en sus m\u00faltiples formas. <\/p>\n<p>Este concierto se estableci\u00f3 como un verdadero testimonio de lo que significa amar el arte. Al integrar m\u00fasica, moda y una narrativa poderosa, nos queda claro que cuando el talento se encuentra con la pasi\u00f3n, se genera un fen\u00f3meno que va m\u00e1s all\u00e1 de un simple espect\u00e1culo. Se trata de una celebraci\u00f3n de la vida, la creatividad y la fuerza de la comunidad art\u00edstica, aspectos que deber\u00edan ser siempre preservados y enaltecidos.<\/p>\n<p><em> &#8221; Fuentes www.vogue.mx &#8221; <\/em><\/p>\n","protected":false},"excerpt":{"rendered":"<p>La experiencia transformadora de un concierto: un homenaje a la creatividad y la expresi\u00f3n art\u00edstica Recientemente, un evento deslumbrante tuvo lugar en la Ciudad de M\u00e9xico, donde la figura central fue una reconocida artista que ha sabido fusionar la m\u00fasica, la danza, la moda y el arte en una sola experiencia. Su concierto no fue [&hellip;]<\/p>\n","protected":false},"author":14,"featured_media":1205462,"comment_status":"open","ping_status":"closed","sticky":false,"template":"","format":"standard","meta":{"om_disable_all_campaigns":false,"jnews-multi-image_gallery":[],"jnews_single_post":[],"jnews_primary_category":[],"jnews_social_meta":[],"footnotes":""},"categories":[144872],"tags":[6647,2185,1689,6812,662,1371,723,3647,2282,48940],"class_list":["post-1205461","post","type-post","status-publish","format-standard","has-post-thumbnail","hentry","category-fashion","tag-amor","tag-arte","tag-cdmx","tag-concierto","tag-cultura","tag-entretenimiento","tag-evento","tag-experiencia","tag-musica","tag-rosalia"],"_links":{"self":[{"href":"https:\/\/dimensionturistica.com\/es\/wp-json\/wp\/v2\/posts\/1205461","targetHints":{"allow":["GET"]}}],"collection":[{"href":"https:\/\/dimensionturistica.com\/es\/wp-json\/wp\/v2\/posts"}],"about":[{"href":"https:\/\/dimensionturistica.com\/es\/wp-json\/wp\/v2\/types\/post"}],"author":[{"embeddable":true,"href":"https:\/\/dimensionturistica.com\/es\/wp-json\/wp\/v2\/users\/14"}],"replies":[{"embeddable":true,"href":"https:\/\/dimensionturistica.com\/es\/wp-json\/wp\/v2\/comments?post=1205461"}],"version-history":[{"count":1,"href":"https:\/\/dimensionturistica.com\/es\/wp-json\/wp\/v2\/posts\/1205461\/revisions"}],"predecessor-version":[{"id":1205463,"href":"https:\/\/dimensionturistica.com\/es\/wp-json\/wp\/v2\/posts\/1205461\/revisions\/1205463"}],"wp:featuredmedia":[{"embeddable":true,"href":"https:\/\/dimensionturistica.com\/es\/wp-json\/wp\/v2\/media\/1205462"}],"wp:attachment":[{"href":"https:\/\/dimensionturistica.com\/es\/wp-json\/wp\/v2\/media?parent=1205461"}],"wp:term":[{"taxonomy":"category","embeddable":true,"href":"https:\/\/dimensionturistica.com\/es\/wp-json\/wp\/v2\/categories?post=1205461"},{"taxonomy":"post_tag","embeddable":true,"href":"https:\/\/dimensionturistica.com\/es\/wp-json\/wp\/v2\/tags?post=1205461"}],"curies":[{"name":"wp","href":"https:\/\/api.w.org\/{rel}","templated":true}]}}