{"id":1205437,"date":"2026-08-31T18:14:25","date_gmt":"2026-08-31T18:14:25","guid":{"rendered":"https:\/\/dimensionturistica.com\/es\/?p=1205437"},"modified":"2026-08-31T18:14:25","modified_gmt":"2026-08-31T18:14:25","slug":"viajes-para-mayores-2026-2027-fechas-de-reserva-y-consejos-para-prepararte-antes-de-la-apertura-de-ventas","status":"publish","type":"post","link":"https:\/\/dimensionturistica.com\/es\/viajes-para-mayores-2026-2027-fechas-de-reserva-y-consejos-para-prepararte-antes-de-la-apertura-de-ventas\/","title":{"rendered":"Viajes para mayores 2026-2027: fechas de reserva y consejos para prepararte antes de la apertura de ventas."},"content":{"rendered":"<p><strong>Turismo para Mayores: Un Viaje inolvidable con Imserso en 2026-2027<\/strong><\/p>\n<p>El turismo para mayores es un sector en crecimiento que no solo busca descansar y desconectar, sino tambi\u00e9n enriquecer la vida social y cultural de sus participantes. El Programa de Termalismo y Viajes del Imserso para el a\u00f1o 2026-2027 promete ofrecer experiencias \u00fanicas a las personas mayores, convirti\u00e9ndose en una oportunidad perfecta para explorar Espa\u00f1a y el exterior.<\/p>\n<p><strong>Apertura de Reservas: \u00a1No Te Lo Pierdas!<\/strong><\/p>\n<p>Las reservas para los programas de viaje del Imserso generalmente se abren a finales de septiembre, as\u00ed que ya es hora de empezar a prepararse. Si est\u00e1s interesado en participar, te recomendamos que no dejes nada al azar. Alistarse con antelaci\u00f3n facilitar\u00e1 tu acceso a las experiencias m\u00e1s demandadas. Considera crear una lista de tus destinos preferidos y estar atento a las fechas precisas de la apertura de reservas.<\/p>\n<p><strong>Destinos Incre\u00edbles al Alcance de la Mano<\/strong><\/p>\n<p>El Imserso ofrece un cat\u00e1logo de destinos fascinantes que van desde las playas soleadas de la Costa del Sol hasta los paisajes monta\u00f1osos de los Pirineos. Espa\u00f1a es rica en cultura, historia y gastronom\u00eda, y cada viaje es una ocasi\u00f3n para descubrir algo nuevo. \u00bfHas pensado en unas vacaciones en el norte, disfrutando de la magia de Galicia o la verde Asturias? O tal vez prefieras perderte en la belleza de las islas Baleares o Canarias. Las opciones son amplias y variadas, adapt\u00e1ndose a todos los gustos.<\/p>\n<p>Adem\u00e1s de los viajes nacionales, hay propuestas que te llevar\u00e1n a explorar diferentes pa\u00edses de Europa. Desde recorridos culturales en ciudades emblem\u00e1ticas hasta estancias en balnearios de renombre, cada viaje est\u00e1 dise\u00f1ado para hacerlo sentir rejuvenecido y conectado con el mundo.<\/p>\n<p><strong>Requisitos y Consejos para Viajar<\/strong><\/p>\n<p>Antes de gestionar tu reserva, es importante estar al tanto de algunos requisitos, como la edad m\u00ednima para participar (generalmente a partir de los 60 a\u00f1os) y la necesidad de ser usuarios del sistema de prestaci\u00f3n del Imserso. Un detalle no menor es que estos paquetes suelen incluir servicios que facilitan el viaje, como acompa\u00f1antes y asistencia.<\/p>\n<p>Recuerda que es fundamental hacer una revisi\u00f3n m\u00e9dica si planeas participar en un viaje de termalismo, as\u00ed podr\u00e1s disfrutar plenamente de los tratamientos y actividades. La preparaci\u00f3n es clave: revisa qu\u00e9 documentos necesitar\u00e1s, organiza tu maleta y aseg\u00farate de llevar todo lo necesario para tu comodidad durante el viaje.<\/p>\n<p><strong>La Importancia de Conectar y Socializar<\/strong><\/p>\n<p>M\u00e1s all\u00e1 de los paisajes y la gastronom\u00eda, uno de los valores m\u00e1s importantes de estos viajes es la oportunidad de conocer a otras personas. Crear nuevas amistades, compartir experiencias y contribuir a una comunidad vibrante son aspectos que enriquecen el alma y mejoran la calidad de vida.<\/p>\n<p>El turismo para mayores con Imserso no es solo una forma de escapar de la rutina; es un modo de vida que celebra el esp\u00edritu aventurero, la curiosidad y las ganas de aprender. Cada viaje es una promesa de memorias inolvidables que se quedar\u00e1n contigo para siempre.<\/p>\n<p><strong>Prepar\u00e9monos para la Aventura<\/strong><\/p>\n<p>As\u00ed que, si eres un viajero entusiasta o est\u00e1s contemplando la idea de explorar nuevos horizontes, mantente atento a la apertura de reservas del Imserso para el a\u00f1o 2026-2027. Es el momento ideal para animar a amigos y familiares a que se embarquen en esta aventura. La vida es corta y el mundo est\u00e1 lleno de experiencias esperando por ti. \u00a1Prep\u00e1rate para la pr\u00f3xima gran aventura y haz de esta temporada un cap\u00edtulo memorable en tu libro de vida!<\/p>\n<p><em> &#8221; Sources www.larazon.es &#8221; <\/em><\/p>\n","protected":false},"excerpt":{"rendered":"<p>Turismo para Mayores: Un Viaje inolvidable con Imserso en 2026-2027 El turismo para mayores es un sector en crecimiento que no solo busca descansar y desconectar, sino tambi\u00e9n enriquecer la vida social y cultural de sus participantes. El Programa de Termalismo y Viajes del Imserso para el a\u00f1o 2026-2027 promete ofrecer experiencias \u00fanicas a las [&hellip;]<\/p>\n","protected":false},"author":4,"featured_media":1178624,"comment_status":"open","ping_status":"closed","sticky":false,"template":"","format":"standard","meta":{"om_disable_all_campaigns":false,"jnews-multi-image_gallery":[],"jnews_single_post":[],"jnews_primary_category":[],"jnews_social_meta":[],"footnotes":""},"categories":[40],"tags":[55723,22814,813,27823,15103,11963,9332,544,2622,545],"class_list":["post-1205437","post","type-post","status-publish","format-standard","has-post-thumbnail","hentry","category-industria","tag-55723","tag-22814","tag-imserso","tag-ofertas-de-viaje","tag-preparacion","tag-reservar","tag-senior","tag-turismo","tag-venta","tag-viajes"],"_links":{"self":[{"href":"https:\/\/dimensionturistica.com\/es\/wp-json\/wp\/v2\/posts\/1205437","targetHints":{"allow":["GET"]}}],"collection":[{"href":"https:\/\/dimensionturistica.com\/es\/wp-json\/wp\/v2\/posts"}],"about":[{"href":"https:\/\/dimensionturistica.com\/es\/wp-json\/wp\/v2\/types\/post"}],"author":[{"embeddable":true,"href":"https:\/\/dimensionturistica.com\/es\/wp-json\/wp\/v2\/users\/4"}],"replies":[{"embeddable":true,"href":"https:\/\/dimensionturistica.com\/es\/wp-json\/wp\/v2\/comments?post=1205437"}],"version-history":[{"count":1,"href":"https:\/\/dimensionturistica.com\/es\/wp-json\/wp\/v2\/posts\/1205437\/revisions"}],"predecessor-version":[{"id":1205438,"href":"https:\/\/dimensionturistica.com\/es\/wp-json\/wp\/v2\/posts\/1205437\/revisions\/1205438"}],"wp:featuredmedia":[{"embeddable":true,"href":"https:\/\/dimensionturistica.com\/es\/wp-json\/wp\/v2\/media\/1178624"}],"wp:attachment":[{"href":"https:\/\/dimensionturistica.com\/es\/wp-json\/wp\/v2\/media?parent=1205437"}],"wp:term":[{"taxonomy":"category","embeddable":true,"href":"https:\/\/dimensionturistica.com\/es\/wp-json\/wp\/v2\/categories?post=1205437"},{"taxonomy":"post_tag","embeddable":true,"href":"https:\/\/dimensionturistica.com\/es\/wp-json\/wp\/v2\/tags?post=1205437"}],"curies":[{"name":"wp","href":"https:\/\/api.w.org\/{rel}","templated":true}]}}