{"id":1205387,"date":"2026-08-31T15:26:35","date_gmt":"2026-08-31T15:26:35","guid":{"rendered":"https:\/\/dimensionturistica.com\/es\/?p=1205387"},"modified":"2026-08-31T15:26:35","modified_gmt":"2026-08-31T15:26:35","slug":"la-pequena-muerte-de-colombia-entre-los-25-nuevos-talentos-del-diseno-a-nivel-global","status":"publish","type":"post","link":"https:\/\/dimensionturistica.com\/es\/la-pequena-muerte-de-colombia-entre-los-25-nuevos-talentos-del-diseno-a-nivel-global\/","title":{"rendered":"La Peque\u00f1a Muerte de Colombia entre los 25+ Nuevos Talentos del Dise\u00f1o a Nivel Global"},"content":{"rendered":"<h3>Nuevas Voces en la Moda: Los Dise\u00f1adores Emergentes que Definir\u00e1n el Futuro<\/h3>\n<p>En un mundo donde la moda evoluciona a un ritmo vertiginoso, surge la oportunidad de descubrir talentos frescos que prometen redefinir las tendencias a nivel global. La escena de la moda se encuentra en constante cambio, y es precisamente en este entorno donde emergen dise\u00f1adores innovadores, dispuestos a dejar su huella sobre las pasarelas y en las calles. A continuaci\u00f3n, exploramos el talento de algunos de los dise\u00f1adores emergentes m\u00e1s destacados que, se espera, den de qu\u00e9 hablar en los pr\u00f3ximos a\u00f1os.<\/p>\n<h4>Una Mirada Internacional<\/h4>\n<p>En el contexto actual, el talento se manifiesta en diversas geograf\u00edas, trayendo consigo una rica variedad de culturas, atav\u00edos y enfoques que enriquecen la narrativa de la moda. Desde las bulliciosas calles de Tokio hasta las coloridas plazas de M\u00e9xico, estas nuevas voces aprovechan sus ra\u00edces para contar historias visuales a trav\u00e9s de sus creaciones.<\/p>\n<h4>Innovaci\u00f3n Textil<\/h4>\n<p>Uno de los sellos distintivos de muchos de estos dise\u00f1adores es el uso ingenioso de materiales. Los textiles sostenibles est\u00e1n en el centro de atenci\u00f3n, donde el compromiso con el medio ambiente se combina con la est\u00e9tica vanguardista. Las siluetas son atrevidas, los patrones son sorprendentes y las paletas crom\u00e1ticas reflejan tanto la naturaleza como la sofisticaci\u00f3n urbana.<\/p>\n<h4>La Fusi\u00f3n de Tradici\u00f3n y Modernidad<\/h4>\n<p>Muchos de los creativos emergentes rinden homenaje a sus tradiciones culturales, fusionando elementos cl\u00e1sicos con un enfoque contempor\u00e1neo. Esta simbiosis no solo revitaliza pr\u00e1cticas artesanales, sino que tambi\u00e9n brinda un aire fresco y aut\u00e9ntico a las colecciones, haciendo que cada pieza sea m\u00e1s que un simple atuendo: es un di\u00e1logo entre el pasado y el futuro.<\/p>\n<h4>Impacto Social y Cultural<\/h4>\n<p>Los dise\u00f1adores de la nueva ola son conscientes de su papel en la sociedad. A trav\u00e9s de sus colecciones, abordan temas relevantes como la equidad, la identidad y la inclusi\u00f3n, desafiando estereotipos y promoviendo una narrativa que mira hacia una moda m\u00e1s accesible y respetuosa. En cada costura, se siente el compromiso por crear un impacto positivo.<\/p>\n<h4>La Influencia de la Tecnolog\u00eda<\/h4>\n<p>La tecnolog\u00eda juega un papel crucial en este renacimiento de la moda. Desde la impresi\u00f3n 3D hasta el uso de inteligencia artificial para el dise\u00f1o, estos talentos est\u00e1n redefiniendo los l\u00edmites de la creatividad. Plataformas digitales permiten a estos dise\u00f1adores conectar con p\u00fablicos globales, fomentando una comunidad vibrante que trasciende fronteras.<\/p>\n<h4>El Futuro est\u00e1 Aqu\u00ed<\/h4>\n<p>En un panorama donde cada estructura y patr\u00f3n cuenta una historia, estos dise\u00f1adores emergentes no solo est\u00e1n influyendo en las tendencias, sino tambi\u00e9n en c\u00f3mo se percibe la moda en el contexto global. Lo que vemos hoy es solo el inicio de una narrativa emocionante que promete seguir capturando la atenci\u00f3n del mundo en los a\u00f1os venideros.<\/p>\n<p>La moda es un espejo de la sociedad y, a medida que estos creativos contin\u00faan desafiando las normas y reivindicando sus ra\u00edces, podemos esperar una evoluci\u00f3n impresionante en la forma en que interpretamos y vivimos la moda. La pr\u00f3xima vez que te vistas, recuerda que cada elecci\u00f3n que hacemos es un acto de creaci\u00f3n y una historia en s\u00ed misma.<\/p>\n<p><em> &#8221; Fuentes www.vogue.mx &#8221; <\/em><\/p>\n","protected":false},"excerpt":{"rendered":"<p>Nuevas Voces en la Moda: Los Dise\u00f1adores Emergentes que Definir\u00e1n el Futuro En un mundo donde la moda evoluciona a un ritmo vertiginoso, surge la oportunidad de descubrir talentos frescos que prometen redefinir las tendencias a nivel global. La escena de la moda se encuentra en constante cambio, y es precisamente en este entorno donde [&hellip;]<\/p>\n","protected":false},"author":14,"featured_media":1205388,"comment_status":"open","ping_status":"closed","sticky":false,"template":"","format":"standard","meta":{"om_disable_all_campaigns":false,"jnews-multi-image_gallery":[],"jnews_single_post":[],"jnews_primary_category":[],"jnews_social_meta":[],"footnotes":""},"categories":[144872],"tags":[2185,771,12005,662,26524,296171,3743,7758,659,2182,50356,238075],"class_list":["post-1205387","post","type-post","status-publish","format-standard","has-post-thumbnail","hentry","category-fashion","tag-arte","tag-colombia","tag-creatividad","tag-cultura","tag-disenadores","tag-disenadores-emergentes","tag-diseno","tag-estilo","tag-moda","tag-tendencias","tag-vogue","tag-vogue-latinoamerica"],"_links":{"self":[{"href":"https:\/\/dimensionturistica.com\/es\/wp-json\/wp\/v2\/posts\/1205387","targetHints":{"allow":["GET"]}}],"collection":[{"href":"https:\/\/dimensionturistica.com\/es\/wp-json\/wp\/v2\/posts"}],"about":[{"href":"https:\/\/dimensionturistica.com\/es\/wp-json\/wp\/v2\/types\/post"}],"author":[{"embeddable":true,"href":"https:\/\/dimensionturistica.com\/es\/wp-json\/wp\/v2\/users\/14"}],"replies":[{"embeddable":true,"href":"https:\/\/dimensionturistica.com\/es\/wp-json\/wp\/v2\/comments?post=1205387"}],"version-history":[{"count":1,"href":"https:\/\/dimensionturistica.com\/es\/wp-json\/wp\/v2\/posts\/1205387\/revisions"}],"predecessor-version":[{"id":1205389,"href":"https:\/\/dimensionturistica.com\/es\/wp-json\/wp\/v2\/posts\/1205387\/revisions\/1205389"}],"wp:featuredmedia":[{"embeddable":true,"href":"https:\/\/dimensionturistica.com\/es\/wp-json\/wp\/v2\/media\/1205388"}],"wp:attachment":[{"href":"https:\/\/dimensionturistica.com\/es\/wp-json\/wp\/v2\/media?parent=1205387"}],"wp:term":[{"taxonomy":"category","embeddable":true,"href":"https:\/\/dimensionturistica.com\/es\/wp-json\/wp\/v2\/categories?post=1205387"},{"taxonomy":"post_tag","embeddable":true,"href":"https:\/\/dimensionturistica.com\/es\/wp-json\/wp\/v2\/tags?post=1205387"}],"curies":[{"name":"wp","href":"https:\/\/api.w.org\/{rel}","templated":true}]}}