{"id":1205376,"date":"2026-08-31T14:35:27","date_gmt":"2026-08-31T14:35:27","guid":{"rendered":"https:\/\/dimensionturistica.com\/es\/?p=1205376"},"modified":"2026-08-31T14:35:27","modified_gmt":"2026-08-31T14:35:27","slug":"se-suspende-horizontes-la-muestra-de-john-galliano-para-la-proxima-met-gala-2027","status":"publish","type":"post","link":"https:\/\/dimensionturistica.com\/es\/se-suspende-horizontes-la-muestra-de-john-galliano-para-la-proxima-met-gala-2027\/","title":{"rendered":"Se suspende &#8220;Horizontes&#8221;, la muestra de John Galliano para la pr\u00f3xima MET Gala 2027."},"content":{"rendered":"<p><strong>La Gran Ausencia: La Cancelaci\u00f3n de la Exposici\u00f3n de John Galliano en la Met Gala 2027<\/strong><\/p>\n<p>El mundo de la moda siempre est\u00e1 en movimiento, ofreciendo novedades y sorpresas que generan debates apasionantes. Sin embargo, en un giro inesperado de los acontecimientos, una de las exposiciones m\u00e1s esperadas se ha visto cancelada. La presentaci\u00f3n de John Galliano en la Met Gala 2027, que promet\u00eda ser un hito en la historia de la moda, no se llevar\u00e1 a cabo. Esta noticia ha resonado en el coraz\u00f3n de la comunidad fashionista, provocando una mezcla de sorpresa y desilusi\u00f3n.<\/p>\n<p>La Met Gala, tradicionalmente un evento que marca el inicio de la exhibici\u00f3n del Costume Institute del Museo Metropolitano de Arte de Nueva York, es una plataforma emblem\u00e1tica para las propuestas m\u00e1s audaces y creativas del sector. Este a\u00f1o, se hab\u00eda anticipado que la exhibici\u00f3n sobre Galliano explorar\u00eda su vasta influencia en la moda contempor\u00e1nea, destacando su talento para desafiar normas y reinventar el concepto de elegancia. Desde su innovador enfoque hacia la sastrer\u00eda hasta su capacidad para contar historias a trav\u00e9s de sus obras, Galliano es indiscutiblemente una figura central en la narrativa de la moda.<\/p>\n<p>La decisi\u00f3n de cancelar la exposici\u00f3n ha desencadenado una serie de especulaciones. \u00bfCu\u00e1les ser\u00e1n las razones detr\u00e1s de esta medida? Si bien no se han aclarado los motivos espec\u00edficos, la industria de la moda es conocida por sus din\u00e1micas cambiantes y sus intangibles desaf\u00edos. La historia de Galliano, marcada por momentos brillantes y controversias notables, plantea cuestiones sobre la percepci\u00f3n y la recepci\u00f3n de la creatividad en un mundo que a menudo se mueve entre la admiraci\u00f3n y el rechazo.<\/p>\n<p>Los seguidores de Galliano, as\u00ed como los amantes de la moda, se ven afectados por esta decisi\u00f3n. Los colegas dise\u00f1adores, los cr\u00edticos y los fashionistas que esperaban ver la innovaci\u00f3n y la expresi\u00f3n art\u00edstica de Galliano ahora enfrentan una abrupta interrupci\u00f3n en su anticipaci\u00f3n. La Met Gala no solo representa una celebraci\u00f3n de la moda, sino tambi\u00e9n una oportunidad para la reflexi\u00f3n cultural y social. Cada a\u00f1o, el evento se convierte en un punto de encuentro donde la historia y el futuro se entrelazan, forjando un di\u00e1logo entre la tradici\u00f3n y la vanguardia.<\/p>\n<p>La cancelaci\u00f3n de este esperado evento lanza una sombra sobre el futuro de las exposiciones de moda. \u00bfSe cerrar\u00e1n las puertas a otros dise\u00f1adores innovadores cuya obra desaf\u00eda los l\u00edmites? La comunidad creativa est\u00e1 en constante evoluci\u00f3n, y es vital que existan espacios donde la audacia y la exploraci\u00f3n puedan florecer. La necesidad de un foro seguro y respetuoso para la expresi\u00f3n art\u00edstica cobra m\u00e1s sentido que nunca.<\/p>\n<p>A medida que la noticia se difunde, las redes sociales se convierten en un hervidero de reacciones. La comunidad de la moda, conocida por su pasi\u00f3n y compromiso, no se har\u00e1 de la vista gorda ante esta significativa interrupci\u00f3n en el calendario de eventos. As\u00ed, el di\u00e1logo y la conversaci\u00f3n en torno a Galliano y su legado contin\u00faan, manteniendo viva la llama de la curiosidad y el inter\u00e9s.<\/p>\n<p>La moda es un ecosistema vibrante que no puede ser contenido. A pesar de la cancelaci\u00f3n, los admiradores de John Galliano y del arte de la moda encuentran maneras de conectarse y de apreciar la esencia de su trabajo. El impacto de esta decisi\u00f3n puede ser inmediato, pero el legado de un artista es m\u00e1s fuerte que cualquier evento. La creatividad siempre encontrar\u00e1 una manera de salir a la luz, desafiando expectativas y sorprendiendo a todos en el camino. La cancelaci\u00f3n puede haber cerrado una puerta, pero el mundo de la moda est\u00e1 lleno de caminos por descubrir.<\/p>\n<p>Este desenlace nos recuerda que cada temporada trae consigo nuevas oportunidades, y que la esencia de la moda reside en su capacidad de adaptarse, renovarse y, sobre todo, seguir sorprendiendo. Aunque la Met Gala de 2027 no ser\u00e1 la plataforma esperada para la maestr\u00eda de Galliano, el di\u00e1logo y la admiraci\u00f3n hacia su legado siguen vigentes, dejando una huella profunda en el mundo de la moda.<\/p>\n<p><em> &#8221; Fuentes www.vogue.mx &#8221; <\/em><\/p>\n","protected":false},"excerpt":{"rendered":"<p>La Gran Ausencia: La Cancelaci\u00f3n de la Exposici\u00f3n de John Galliano en la Met Gala 2027 El mundo de la moda siempre est\u00e1 en movimiento, ofreciendo novedades y sorpresas que generan debates apasionantes. Sin embargo, en un giro inesperado de los acontecimientos, una de las exposiciones m\u00e1s esperadas se ha visto cancelada. La presentaci\u00f3n de [&hellip;]<\/p>\n","protected":false},"author":14,"featured_media":1190370,"comment_status":"open","ping_status":"closed","sticky":false,"template":"","format":"standard","meta":{"om_disable_all_campaigns":false,"jnews-multi-image_gallery":[],"jnews_single_post":[],"jnews_primary_category":[],"jnews_social_meta":[],"footnotes":""},"categories":[144872],"tags":[22814,2185,1119,3743,9609,9266,247731,167701,659],"class_list":["post-1205376","post","type-post","status-publish","format-standard","has-post-thumbnail","hentry","category-fashion","tag-22814","tag-arte","tag-cancelacion","tag-diseno","tag-exposicion","tag-horizons","tag-john-galliano","tag-met-gala","tag-moda"],"_links":{"self":[{"href":"https:\/\/dimensionturistica.com\/es\/wp-json\/wp\/v2\/posts\/1205376","targetHints":{"allow":["GET"]}}],"collection":[{"href":"https:\/\/dimensionturistica.com\/es\/wp-json\/wp\/v2\/posts"}],"about":[{"href":"https:\/\/dimensionturistica.com\/es\/wp-json\/wp\/v2\/types\/post"}],"author":[{"embeddable":true,"href":"https:\/\/dimensionturistica.com\/es\/wp-json\/wp\/v2\/users\/14"}],"replies":[{"embeddable":true,"href":"https:\/\/dimensionturistica.com\/es\/wp-json\/wp\/v2\/comments?post=1205376"}],"version-history":[{"count":1,"href":"https:\/\/dimensionturistica.com\/es\/wp-json\/wp\/v2\/posts\/1205376\/revisions"}],"predecessor-version":[{"id":1205377,"href":"https:\/\/dimensionturistica.com\/es\/wp-json\/wp\/v2\/posts\/1205376\/revisions\/1205377"}],"wp:featuredmedia":[{"embeddable":true,"href":"https:\/\/dimensionturistica.com\/es\/wp-json\/wp\/v2\/media\/1190370"}],"wp:attachment":[{"href":"https:\/\/dimensionturistica.com\/es\/wp-json\/wp\/v2\/media?parent=1205376"}],"wp:term":[{"taxonomy":"category","embeddable":true,"href":"https:\/\/dimensionturistica.com\/es\/wp-json\/wp\/v2\/categories?post=1205376"},{"taxonomy":"post_tag","embeddable":true,"href":"https:\/\/dimensionturistica.com\/es\/wp-json\/wp\/v2\/tags?post=1205376"}],"curies":[{"name":"wp","href":"https:\/\/api.w.org\/{rel}","templated":true}]}}