{"id":1205357,"date":"2026-08-31T13:33:36","date_gmt":"2026-08-31T13:33:36","guid":{"rendered":"https:\/\/dimensionturistica.com\/es\/?p=1205357"},"modified":"2026-08-31T13:33:36","modified_gmt":"2026-08-31T13:33:36","slug":"relatos-de-deportados-sobre-sus-dolorosos-trayectos-a-africa-cadenas-un-refrigerador-y-violencia","status":"publish","type":"post","link":"https:\/\/dimensionturistica.com\/es\/relatos-de-deportados-sobre-sus-dolorosos-trayectos-a-africa-cadenas-un-refrigerador-y-violencia\/","title":{"rendered":"Relatos de deportados sobre sus dolorosos trayectos a \u00c1frica: cadenas, un &#8216;refrigerador&#8217; y violencia"},"content":{"rendered":"<h3>Las sombras del viaje: historias desgarradoras que cruzan continentes<\/h3>\n<p>En un mundo interconectado, donde la posibilidad de moverse de un pa\u00eds a otro parece m\u00e1s accesible que nunca, la realidad de quienes huyen de situaciones desesperadas es a menudo opaca y llena de sufrimiento. A lo largo de \u00c1frica, miles de personas se embarcan en peligrosos viajes en busca de una vida mejor, enfrent\u00e1ndose a riesgos inenarrables y condiciones inhumanas. Las historias de aquellos deportados revelan las verdades duras y escalofriantes de la migraci\u00f3n contempor\u00e1nea, donde la esperanza se conjuga con el miedo.<\/p>\n<p>Muchos de estos viajeros han experimentado el horror de ser atrapados y encarcelados en condiciones inhumanas. Relatos de grilletes, congeladores y golpizas son comunes entre quienes han sobrevivido a esta odisea. La traves\u00eda comienza en sus pa\u00edses de origen, donde la pobreza, la violencia y la falta de oportunidades han forzado a hombres y mujeres a dejar atr\u00e1s todo lo que conocen. Sin embargo, el camino que toman no solo est\u00e1 marcado por el deseo de libertad, sino tambi\u00e9n por el sufrimiento y la opresi\u00f3n.<\/p>\n<p>Las historias emergen desde los rincones m\u00e1s oscuros del Ed\u00e9n tur\u00edstico, desenmascarando una cruda realidad que frecuentemente se ignora. A lo largo de los caminos polvorientos hacia Europa, estos migrantes se enfrentan a bandas criminales que lucran con su desesperaci\u00f3n. La trata de personas se convierte en un negocio, y aquellos que deber\u00edan ser rescatadores se transforman en captores. En medio de esta tragedia humana, los viajeros no solo pierden su dignidad, sino que tambi\u00e9n se ven obligados a soportar abusos indescriptibles mientras buscan una chispa de esperanza.<\/p>\n<p>Sin embargo, la historia no termina en el sufrimiento. A pesar de las adversidades y las barreras, muchos migrantes logran atravesar fronteras y finalmente llegan a su destino. Su viaje, marcado por la resiliencia y la valent\u00eda, tambi\u00e9n trae consigo historias de solidaridad y bondad de aquellos que extienden la mano al pr\u00f3jimo en tiempos de necesidad. En medio de los traumas, surgen gestos de apoyo que iluminan las sombras de sus viajes. La humanidad se manifiesta en una conexi\u00f3n simple pero poderosa que desaf\u00eda el odio y la desconfianza.<\/p>\n<p>El aumento del turismo a lo largo de las rutas migratorias ha llevado a un renovado inter\u00e9s en las historias de quienes las traversan. Las comunidades en las que los migrantes aterricen a menudo se ven transformadas por la diversidad y las experiencias que traen consigo. Las ciudades, al abrir sus puertas a estas nuevas historias de vida, enriquecen su cultura y crean un di\u00e1logo que va m\u00e1s all\u00e1 de las fronteras. Sin embargo, es esencial recordar que detr\u00e1s de cada n\u00famero en las estad\u00edsticas migratorias hay una vida que ha luchado, ha sufrido y, en algunos casos, ha triunfado.<\/p>\n<p>La experiencia de estos migrantes nos invita a reflexionar sobre la naturaleza del viaje. Viajar va m\u00e1s all\u00e1 de visitar nuevos paisajes; se trata de conocer y comprender la humanidad en su forma m\u00e1s cruda, pero tambi\u00e9n m\u00e1s hermosa. Al hacerlo, no solo se enriquecen nuestras vidas, sino que tambi\u00e9n se tejen historias que nos conectan a todos en un destino compartido.<\/p>\n<p>La pr\u00f3xima vez que planees un viaje, recuerda que la aventura no es solo sobre exploraci\u00f3n; es tambi\u00e9n sobre la empat\u00eda y la comprensi\u00f3n de las realidades que enfrentan tantos en su camino hacia la esperanza. Las historias de estos migrantes son un llamado a la acci\u00f3n, un recordatorio de que detr\u00e1s de cada viaje hay una historia que debe ser contada. Abramos nuestros corazones y mentes para escuchar, aprender y, al final, ser parte de un mundo en el que todos podamos viajar sin miedo.<\/p>\n<p><em> &#8221; Fuentes www.clarin.com &#8221; <\/em><\/p>\n","protected":false},"excerpt":{"rendered":"<p>Las sombras del viaje: historias desgarradoras que cruzan continentes En un mundo interconectado, donde la posibilidad de moverse de un pa\u00eds a otro parece m\u00e1s accesible que nunca, la realidad de quienes huyen de situaciones desesperadas es a menudo opaca y llena de sufrimiento. A lo largo de \u00c1frica, miles de personas se embarcan en [&hellip;]<\/p>\n","protected":false},"author":4,"featured_media":1205358,"comment_status":"open","ping_status":"closed","sticky":false,"template":"","format":"standard","meta":{"om_disable_all_campaigns":false,"jnews-multi-image_gallery":[],"jnews_single_post":[],"jnews_primary_category":[],"jnews_social_meta":[],"footnotes":""},"categories":[39],"tags":[2408,168756,38502,5008,3959,296164,8293,16254,97646,1755],"class_list":["post-1205357","post","type-post","status-publish","format-standard","has-post-thumbnail","hentry","category-viajes","tag-africa","tag-confrontacion","tag-deportacion","tag-derechos-humanos","tag-experiencias","tag-grilletes","tag-migracion","tag-relatos","tag-sufrimiento","tag-violencia"],"_links":{"self":[{"href":"https:\/\/dimensionturistica.com\/es\/wp-json\/wp\/v2\/posts\/1205357","targetHints":{"allow":["GET"]}}],"collection":[{"href":"https:\/\/dimensionturistica.com\/es\/wp-json\/wp\/v2\/posts"}],"about":[{"href":"https:\/\/dimensionturistica.com\/es\/wp-json\/wp\/v2\/types\/post"}],"author":[{"embeddable":true,"href":"https:\/\/dimensionturistica.com\/es\/wp-json\/wp\/v2\/users\/4"}],"replies":[{"embeddable":true,"href":"https:\/\/dimensionturistica.com\/es\/wp-json\/wp\/v2\/comments?post=1205357"}],"version-history":[{"count":1,"href":"https:\/\/dimensionturistica.com\/es\/wp-json\/wp\/v2\/posts\/1205357\/revisions"}],"predecessor-version":[{"id":1205359,"href":"https:\/\/dimensionturistica.com\/es\/wp-json\/wp\/v2\/posts\/1205357\/revisions\/1205359"}],"wp:featuredmedia":[{"embeddable":true,"href":"https:\/\/dimensionturistica.com\/es\/wp-json\/wp\/v2\/media\/1205358"}],"wp:attachment":[{"href":"https:\/\/dimensionturistica.com\/es\/wp-json\/wp\/v2\/media?parent=1205357"}],"wp:term":[{"taxonomy":"category","embeddable":true,"href":"https:\/\/dimensionturistica.com\/es\/wp-json\/wp\/v2\/categories?post=1205357"},{"taxonomy":"post_tag","embeddable":true,"href":"https:\/\/dimensionturistica.com\/es\/wp-json\/wp\/v2\/tags?post=1205357"}],"curies":[{"name":"wp","href":"https:\/\/api.w.org\/{rel}","templated":true}]}}