{"id":1205346,"date":"2026-08-31T12:54:36","date_gmt":"2026-08-31T12:54:36","guid":{"rendered":"https:\/\/dimensionturistica.com\/es\/?p=1205346"},"modified":"2026-08-31T12:54:36","modified_gmt":"2026-08-31T12:54:36","slug":"la-habana-recibe-siete-toneladas-de-asistencia-humanitaria-de-open-arms","status":"publish","type":"post","link":"https:\/\/dimensionturistica.com\/es\/la-habana-recibe-siete-toneladas-de-asistencia-humanitaria-de-open-arms\/","title":{"rendered":"La Habana recibe siete toneladas de asistencia humanitaria de Open Arms"},"content":{"rendered":"<p><strong>Navegando hacia la Esperanza: El Velero Astral y su Misi\u00f3n Solidaria en el Mar Caribe<\/strong><\/p>\n<p>En un mundo donde las traves\u00edas mar\u00edtimas suelen evocar im\u00e1genes de vacaciones id\u00edlicas y paisajes de ensue\u00f1o, existe otra realidad, marcada por la lucha y la vulnerabilidad. En el coraz\u00f3n del Caribe, un velero llamado Astral se ha convertido en un faro de esperanza para muchos que buscan una vida mejor. Esta embarcaci\u00f3n, impulsada por la organizaci\u00f3n humanitaria Open Arms, ha cruzado mares con un prop\u00f3sito claro: ofrecer ayuda a quienes arriesgan todo para huir de situaciones cr\u00edticas en sus pa\u00edses de origen. <\/p>\n<p>El Astral es m\u00e1s que un simple barco; es un s\u00edmbolo de resistencia y solidaridad. Su misi\u00f3n comienza en las costas del Caribe, donde la desesperanza empuja a miles a dejar atr\u00e1s sus hogares en busca de un futuro m\u00e1s prometedor. A bordo del Astral, equipos de voluntarios trabajan incansablemente para proporcionar asistencia a estos migrantes, enfrent\u00e1ndose a desaf\u00edos log\u00edsticos y emocionales mientras recorren aguas que en ocasiones pueden ser traicioneras.<\/p>\n<p>Al llegar a las costas de Cuba, el velero se convierte en una estaci\u00f3n de auxilio. All\u00ed, sus tripulantes ofrecen no solo alimentos y medicinas, sino tambi\u00e9n un abrazo solidario a quienes se sienten perdidos. La labor que realizan es fundamental, no solo por la asistencia f\u00edsica, sino tambi\u00e9n porque brindan esperanza a quienes han vivido experiencias desgarradoras. Las historias de vida que surgen en estas traves\u00edas son un recordatorio del coraje humano y la b\u00fasqueda constante de dignidad.<\/p>\n<p>El contexto en el que opera el Astral es complejo. La realidad de la migraci\u00f3n en la regi\u00f3n es un fen\u00f3meno multifac\u00e9tico que se intensifica con el tiempo. Factores como la crisis econ\u00f3mica, la inestabilidad pol\u00edtica y las adversidades sociales han llevado a un incremento en el n\u00famero de personas que optan por embarcarse en esta peligrosa aventura. El Mediterr\u00e1neo ha sido hist\u00f3ricamente el epicentro del drama migratorio, pero en la actualidad, el Caribe tambi\u00e9n se enfrenta a una crisis humanitaria que demanda atenci\u00f3n y acci\u00f3n.<\/p>\n<p>El compromiso de Open Arms y del Astral no se limita \u00fanicamente a rescatar a quienes navegan en riesgo; su misi\u00f3n tambi\u00e9n busca generar conciencia sobre estas problem\u00e1ticas. Al visibilizar las historias de quienes se encuentran en el mar, la organizaci\u00f3n invita a la sociedad a reflexionar sobre la responsabilidad compartida que todos tenemos hacia los m\u00e1s vulnerables. Es un llamado a la acci\u00f3n que trasciende fronteras y nos recuerda que la empat\u00eda es una herramienta poderosa en tiempos de crisis.<\/p>\n<p>Para los amantes del turismo responsable, una visita al Astral podr\u00eda ser una experiencia trasformadora. Participar en actividades de voluntariado, conocer de cerca la misi\u00f3n del barco y escuchar las historias que emergen del mar puede brindar una nueva perspectiva sobre los desaf\u00edos que enfrentan muchas personas en el mundo. Adem\u00e1s, es una oportunidad para contribuir a una causa noble y ser parte de un cambio positivo, aunque sea en peque\u00f1a escala.<\/p>\n<p>As\u00ed, el velero Astral no solo navega por aguas caribe\u00f1as, sino que tambi\u00e9n surca las olas de la conciencia colectiva. Cada traves\u00eda es una lecci\u00f3n sobre resiliencia y humanidad, record\u00e1ndonos que, a pesar de las adversidades, siempre hay lugar para la esperanza. En un mundo donde a menudo parece que las diferencias nos separan, esta embarcaci\u00f3n demuestra que, en el fondo, todos compartimos el mismo deseo de un ma\u00f1ana mejor. navegar hacia la esperanza.<\/p>\n<p><em> &#8221; Fuentes www.14ymedio.com &#8221; <\/em><\/p>\n","protected":false},"excerpt":{"rendered":"<p>Navegando hacia la Esperanza: El Velero Astral y su Misi\u00f3n Solidaria en el Mar Caribe En un mundo donde las traves\u00edas mar\u00edtimas suelen evocar im\u00e1genes de vacaciones id\u00edlicas y paisajes de ensue\u00f1o, existe otra realidad, marcada por la lucha y la vulnerabilidad. En el coraz\u00f3n del Caribe, un velero llamado Astral se ha convertido en [&hellip;]<\/p>\n","protected":false},"author":4,"featured_media":1205347,"comment_status":"open","ping_status":"closed","sticky":false,"template":"","format":"standard","meta":{"om_disable_all_campaigns":false,"jnews-multi-image_gallery":[],"jnews_single_post":[],"jnews_primary_category":[],"jnews_social_meta":[],"footnotes":""},"categories":[41],"tags":[29587,296159,204855,296161,296158,7952,8293,85401,9796,296160,9673],"class_list":["post-1205346","post","type-post","status-publish","format-standard","has-post-thumbnail","hentry","category-cruceros","tag-ayuda-humanitaria","tag-ayuda-humanitaria-a-cuba","tag-crisis-humanitaria","tag-donativos","tag-donativos-a-cuba","tag-la-habana","tag-migracion","tag-open-arms","tag-solidaridad","tag-velero-astral","tag-voluntariado"],"_links":{"self":[{"href":"https:\/\/dimensionturistica.com\/es\/wp-json\/wp\/v2\/posts\/1205346","targetHints":{"allow":["GET"]}}],"collection":[{"href":"https:\/\/dimensionturistica.com\/es\/wp-json\/wp\/v2\/posts"}],"about":[{"href":"https:\/\/dimensionturistica.com\/es\/wp-json\/wp\/v2\/types\/post"}],"author":[{"embeddable":true,"href":"https:\/\/dimensionturistica.com\/es\/wp-json\/wp\/v2\/users\/4"}],"replies":[{"embeddable":true,"href":"https:\/\/dimensionturistica.com\/es\/wp-json\/wp\/v2\/comments?post=1205346"}],"version-history":[{"count":1,"href":"https:\/\/dimensionturistica.com\/es\/wp-json\/wp\/v2\/posts\/1205346\/revisions"}],"predecessor-version":[{"id":1205348,"href":"https:\/\/dimensionturistica.com\/es\/wp-json\/wp\/v2\/posts\/1205346\/revisions\/1205348"}],"wp:featuredmedia":[{"embeddable":true,"href":"https:\/\/dimensionturistica.com\/es\/wp-json\/wp\/v2\/media\/1205347"}],"wp:attachment":[{"href":"https:\/\/dimensionturistica.com\/es\/wp-json\/wp\/v2\/media?parent=1205346"}],"wp:term":[{"taxonomy":"category","embeddable":true,"href":"https:\/\/dimensionturistica.com\/es\/wp-json\/wp\/v2\/categories?post=1205346"},{"taxonomy":"post_tag","embeddable":true,"href":"https:\/\/dimensionturistica.com\/es\/wp-json\/wp\/v2\/tags?post=1205346"}],"curies":[{"name":"wp","href":"https:\/\/api.w.org\/{rel}","templated":true}]}}