{"id":1205318,"date":"2026-08-31T11:08:23","date_gmt":"2026-08-31T11:08:23","guid":{"rendered":"https:\/\/dimensionturistica.com\/es\/?p=1205318"},"modified":"2026-08-31T11:08:23","modified_gmt":"2026-08-31T11:08:23","slug":"predicciones-astrologicas-de-aries-para-septiembre-2026-lo-que-depara-este-mes-para-tu-signo-zodiacal","status":"publish","type":"post","link":"https:\/\/dimensionturistica.com\/es\/predicciones-astrologicas-de-aries-para-septiembre-2026-lo-que-depara-este-mes-para-tu-signo-zodiacal\/","title":{"rendered":"Predicciones Astrol\u00f3gicas de Aries para Septiembre 2026: Lo que depara este mes para tu signo zodiacal"},"content":{"rendered":"<p><strong>Aries: Transformaci\u00f3n y Estilo en Septiembre 2026<\/strong><\/p>\n<p>Septiembre ha llegado, y con \u00e9l, la oportunidad de renovaci\u00f3n para los nativos de Aries. Este mes se presenta como un ciclo de transformaci\u00f3n personal que, sin duda, se reflejar\u00e1 en la manera en que los Aries abordar\u00e1n su estilo y presencia en el mundo de la moda.<\/p>\n<p>En primer lugar, la energ\u00eda ariana caracterizada por su audacia y dinamismo se ver\u00e1 intensificada, impulsando a estos individuos a experimentar con looks que resalten su personalidad. Las tendencias de este mes est\u00e1n marcadas por la originalidad y la necesidad de destacar. Es el momento ideal de elegir prendas que no solo sean llamativas, sino que cuenten una historia. Desde piezas statement hasta accesorios \u00fanicos, la clave est\u00e1 en la autenticidad.<\/p>\n<p><strong>Los Colores de la Pasi\u00f3n<\/strong><\/p>\n<p>Los tonos que dominar\u00e1n este mes para Aries estar\u00e1n llenos de intensidad. Colores como el rojo fuego, el naranja vibrante y el azul el\u00e9ctrico se presentan como elecciones infalibles. Estos colores no solo capturar\u00e1n la atenci\u00f3n, sino que tambi\u00e9n simbolizan la independencia y la fortaleza que caracterizan al signo. Al complementar atuendos con estas paletas crom\u00e1ticas, se lograr\u00e1 un impacto visual fuerte y positivo, ideal para aquellos momentos en los que se busca dejar una huella.<\/p>\n<p><strong>Materiales y Texturas: La Importancia del Toque<\/strong><\/p>\n<p>Apostar por texturas es crucial durante este mes. Los tejidos brillantes y los acabados met\u00e1licos resonar\u00e1n profundamente con la energ\u00eda de Aries. Tambi\u00e9n se recomienda incorporar materiales que ofrezcan una mezcla de comodidad y estilo, como la seda o el terciopelo. Este enfoque no solo elevar\u00e1 el look, sino que tambi\u00e9n permitir\u00e1 una movilidad adecuada, esencial para la naturaleza activa de los Aries.<\/p>\n<p><strong>Accessorios: La Clave del Detalle<\/strong><\/p>\n<p>Los complementos son fundamentales para cerrar cualquier look. Los Aries deben atreverse con accesorios atrevidos que sorprendan y fascinen. Pendientes grandes, collares llamativos o bolsos de dise\u00f1o peculiar pueden ser el toque perfecto para transformar lo cotidiano en extraordinario. Las gafas de sol con formas inusuales tambi\u00e9n entran en juego, ofreciendo un gui\u00f1o a la personalidad vibrante de este signo.<\/p>\n<p><strong>El Reciclaje como Nueva Tendencia<\/strong><\/p>\n<p>Septiembre es, adem\u00e1s, un mes ideal para reflexionar sobre la sostenibilidad en la moda. Los Aries pueden aprovechar esta energ\u00eda renovadora para revisar su guardarropa y actualizarlo de manera consciente. Incorporar piezas de segunda mano o artesanales no solo aporta singularidad a los looks, sino que tambi\u00e9n refleja un compromiso con el medio ambiente, aline\u00e1ndose con la b\u00fasqueda de autenticidad que caracteriza a este signo.<\/p>\n<p><strong>En el Horizonte: Ocasiones para Brillar<\/strong><\/p>\n<p>Finalmente, a lo largo de septiembre, Aries tendr\u00e1 m\u00faltiples oportunidades para lucirse. Desde eventos sociales hasta citas importantes, cada ocasi\u00f3n ser\u00e1 perfecta para explorar nuevas est\u00e9ticas. No subestimes el poder de un buen atuendo; es una herramienta y un lenguaje que puede abrir puertas y conectar con otros. Con la energ\u00eda positiva y transformadora que fluye, los Aries est\u00e1n destinados a ser el centro de atenci\u00f3n.<\/p>\n<p>Con un mes tan lleno de promesas y oportunidades, Aries se encuentra en un camino hacia un estilo m\u00e1s aut\u00e9ntico, audaz y consciente. La moda es una extensi\u00f3n de la personalidad, y septiembre 2026 promete ser un mes vibrante que dejar\u00e1 una impronta en el armario y el coraz\u00f3n de todos los nacidos bajo este signo. \u00a1Es hora de brillar!<\/p>\n<p><em> &#8221; Fuentes www.vogue.mx &#8221; <\/em><\/p>\n","protected":false},"excerpt":{"rendered":"<p>Aries: Transformaci\u00f3n y Estilo en Septiembre 2026 Septiembre ha llegado, y con \u00e9l, la oportunidad de renovaci\u00f3n para los nativos de Aries. Este mes se presenta como un ciclo de transformaci\u00f3n personal que, sin duda, se reflejar\u00e1 en la manera en que los Aries abordar\u00e1n su estilo y presencia en el mundo de la moda. [&hellip;]<\/p>\n","protected":false},"author":14,"featured_media":1205319,"comment_status":"open","ping_status":"closed","sticky":false,"template":"","format":"standard","meta":{"om_disable_all_campaigns":false,"jnews-multi-image_gallery":[],"jnews_single_post":[],"jnews_primary_category":[],"jnews_social_meta":[],"footnotes":""},"categories":[144872],"tags":[13091,6503,6502,6038,206627,6417,252640,18485,227531],"class_list":["post-1205318","post","type-post","status-publish","format-standard","has-post-thumbnail","hentry","category-fashion","tag-aries","tag-astrologia","tag-horoscopo","tag-horoscopos","tag-horoscopos-mensuales","tag-predicciones","tag-septiembre-2026","tag-signo-zodiacal","tag-zodiacales"],"_links":{"self":[{"href":"https:\/\/dimensionturistica.com\/es\/wp-json\/wp\/v2\/posts\/1205318","targetHints":{"allow":["GET"]}}],"collection":[{"href":"https:\/\/dimensionturistica.com\/es\/wp-json\/wp\/v2\/posts"}],"about":[{"href":"https:\/\/dimensionturistica.com\/es\/wp-json\/wp\/v2\/types\/post"}],"author":[{"embeddable":true,"href":"https:\/\/dimensionturistica.com\/es\/wp-json\/wp\/v2\/users\/14"}],"replies":[{"embeddable":true,"href":"https:\/\/dimensionturistica.com\/es\/wp-json\/wp\/v2\/comments?post=1205318"}],"version-history":[{"count":1,"href":"https:\/\/dimensionturistica.com\/es\/wp-json\/wp\/v2\/posts\/1205318\/revisions"}],"predecessor-version":[{"id":1205320,"href":"https:\/\/dimensionturistica.com\/es\/wp-json\/wp\/v2\/posts\/1205318\/revisions\/1205320"}],"wp:featuredmedia":[{"embeddable":true,"href":"https:\/\/dimensionturistica.com\/es\/wp-json\/wp\/v2\/media\/1205319"}],"wp:attachment":[{"href":"https:\/\/dimensionturistica.com\/es\/wp-json\/wp\/v2\/media?parent=1205318"}],"wp:term":[{"taxonomy":"category","embeddable":true,"href":"https:\/\/dimensionturistica.com\/es\/wp-json\/wp\/v2\/categories?post=1205318"},{"taxonomy":"post_tag","embeddable":true,"href":"https:\/\/dimensionturistica.com\/es\/wp-json\/wp\/v2\/tags?post=1205318"}],"curies":[{"name":"wp","href":"https:\/\/api.w.org\/{rel}","templated":true}]}}