{"id":120531,"date":"2021-05-03T13:11:12","date_gmt":"2021-05-03T13:11:12","guid":{"rendered":"https:\/\/dimensionturistica.com\/es\/?p=120531"},"modified":"2021-05-03T13:11:12","modified_gmt":"2021-05-03T13:11:12","slug":"sin-dinero-para-operar-la-promocion-turistica-de-mexico","status":"publish","type":"post","link":"https:\/\/dimensionturistica.com\/es\/sin-dinero-para-operar-la-promocion-turistica-de-mexico\/","title":{"rendered":"Sin dinero para operar, la promoci\u00f3n tur\u00edstica de M\u00e9xico"},"content":{"rendered":"<p> <br \/>\n<\/p>\n<div>\n<p>El Consejo de diplomacia tur\u00edstica, creado ante la desaparici\u00f3n del Consejo de Promoci\u00f3n tur\u00edstica de M\u00e9xico, por parte del gobierno federal, tiene las manos atadas, pues no cuenta con ning\u00fan tipo de presupuesto, para operar y llevar a cabo su funci\u00f3n, reconoci\u00f3<br \/>Braulio Arsuaga, presidente del Consejo Nacional del Empresarial Tur\u00edsticos (CNET).<\/p>\n<p>Expres\u00f3 que por ende tampoco cuentan con los recursos econ\u00f3micos, para llevar a cabo la promoci\u00f3n de los destinos tur\u00edsticos de M\u00e9xico, en el extranjero, lo cual s\u00ed afecta a la industria.<\/p>\n<p>Dijo que incluso los directivos de la p\u00e1gina \u201cVisit M\u00e9xico\u201d, no se han presentado en las reuniones con empresarios tur\u00edsticos, a pesar de que afirman que la p\u00e1gina encargada de promoci\u00f3n de nuestro pa\u00eds, tiene buenas cifras.<\/p>\n<\/div>\n<p><script type=\"text\/javascript\">!function(f,b,e,v,n,t,s){if(f.fbq)return;n=f.fbq=function(){n.callMethod?n.callMethod.apply(n,arguments):n.queue.push(arguments)};if(!f._fbq)f._fbq=n;n.push=n;n.loaded=!0;n.version='2.0';n.queue=[];t=b.createElement(e);t.async=!0;t.src=v;s=b.getElementsByTagName(e)[0];s.parentNode.insertBefore(t,s)}(window,document,'script','https:\/\/connect.facebook.net\/en_US\/fbevents.js')<\/script><br \/>\n<br \/><\/p>\n<p><em> &#8221; Fuentes radioformulaqr.com &#8221; <\/em><\/p>\n","protected":false},"excerpt":{"rendered":"<p>El Consejo de diplomacia tur\u00edstica, creado ante la desaparici\u00f3n del Consejo de Promoci\u00f3n tur\u00edstica de M\u00e9xico, por parte del gobierno federal, tiene las manos atadas, pues no cuenta con ning\u00fan tipo de presupuesto, para operar y llevar a cabo su funci\u00f3n, reconoci\u00f3Braulio Arsuaga, presidente del Consejo Nacional del Empresarial Tur\u00edsticos (CNET). Expres\u00f3 que por ende [&hellip;]<\/p>\n","protected":false},"author":4,"featured_media":120532,"comment_status":"open","ping_status":"closed","sticky":false,"template":"","format":"standard","meta":{"om_disable_all_campaigns":false,"jnews-multi-image_gallery":[],"jnews_single_post":[],"jnews_primary_category":[],"jnews_social_meta":[],"footnotes":""},"categories":[40],"tags":[],"class_list":["post-120531","post","type-post","status-publish","format-standard","has-post-thumbnail","hentry","category-industria"],"_links":{"self":[{"href":"https:\/\/dimensionturistica.com\/es\/wp-json\/wp\/v2\/posts\/120531","targetHints":{"allow":["GET"]}}],"collection":[{"href":"https:\/\/dimensionturistica.com\/es\/wp-json\/wp\/v2\/posts"}],"about":[{"href":"https:\/\/dimensionturistica.com\/es\/wp-json\/wp\/v2\/types\/post"}],"author":[{"embeddable":true,"href":"https:\/\/dimensionturistica.com\/es\/wp-json\/wp\/v2\/users\/4"}],"replies":[{"embeddable":true,"href":"https:\/\/dimensionturistica.com\/es\/wp-json\/wp\/v2\/comments?post=120531"}],"version-history":[{"count":0,"href":"https:\/\/dimensionturistica.com\/es\/wp-json\/wp\/v2\/posts\/120531\/revisions"}],"wp:featuredmedia":[{"embeddable":true,"href":"https:\/\/dimensionturistica.com\/es\/wp-json\/wp\/v2\/media\/120532"}],"wp:attachment":[{"href":"https:\/\/dimensionturistica.com\/es\/wp-json\/wp\/v2\/media?parent=120531"}],"wp:term":[{"taxonomy":"category","embeddable":true,"href":"https:\/\/dimensionturistica.com\/es\/wp-json\/wp\/v2\/categories?post=120531"},{"taxonomy":"post_tag","embeddable":true,"href":"https:\/\/dimensionturistica.com\/es\/wp-json\/wp\/v2\/tags?post=120531"}],"curies":[{"name":"wp","href":"https:\/\/api.w.org\/{rel}","templated":true}]}}