{"id":1205300,"date":"2026-08-31T09:35:04","date_gmt":"2026-08-31T09:35:04","guid":{"rendered":"https:\/\/dimensionturistica.com\/es\/?p=1205300"},"modified":"2026-08-31T09:35:04","modified_gmt":"2026-08-31T09:35:04","slug":"los-principales-viajes-se-programaran-mas-adelante-este-verano-y-transforman-la-lista-de-destinos","status":"publish","type":"post","link":"https:\/\/dimensionturistica.com\/es\/los-principales-viajes-se-programaran-mas-adelante-este-verano-y-transforman-la-lista-de-destinos\/","title":{"rendered":"Los principales viajes se programar\u00e1n m\u00e1s adelante este verano y transforman la lista de destinos."},"content":{"rendered":"<h3>Los Nuevos Destinos de Verano: Redefiniendo la Aventura Tur\u00edstica<\/h3>\n<p>El verano est\u00e1 en pleno apogeo y, con \u00e9l, una transformaci\u00f3n significativa en las preferencias de los viajeros ha emergido. A medida que las restricciones de movilidad se han ido relajando, han surgido nuevas tendencias que est\u00e1n cambiando el mapa de los destinos tur\u00edsticos tradicionales. Este a\u00f1o, los grandes viajes se est\u00e1n reservando con un enfoque renovado, lo que promete experiencias \u00fanicas y memorables para los aventureros de todo el mundo.<\/p>\n<h4>La Evoluci\u00f3n de las Preferencias Tur\u00edsticas<\/h4>\n<p>El turismo, como lo conoc\u00edamos antes de la pandemia, ha experimentado una metamorfosis. Los viajeros est\u00e1n m\u00e1s interesados en explorar lugares menos concurridos y han comenzado a priorizar experiencias aut\u00e9nticas sobre el lujo absoluto. Este cambio est\u00e1 impulsando a muchos a buscar destinos alternativos que ofrecen una mezcla de cultura, naturaleza y aventura. En lugar de las t\u00edpicas playas abarrotadas, se observa una inclinaci\u00f3n hacia lugares que permiten la desconexi\u00f3n y la inmersi\u00f3n en la vida local.<\/p>\n<h4>Nuevos Destinos en el Horizonte<\/h4>\n<p>Entre las nuevas joyas que est\u00e1n ganando popularidad, se encuentran destinos que pueden haber estado en la sombra, pero que ahora brillan con luz propia. Regiones como los Alpes Eslovenos o la costa de Albania est\u00e1n captando la atenci\u00f3n de los viajeros que buscan una combinaci\u00f3n de belleza natural y rica historia. Estas \u00e1reas no solo destacan por sus paisajes impresionantes, sino que tambi\u00e9n ofrecen oportunidades para actividades al aire libre, como senderismo, ciclismo y exploraci\u00f3n cultural.<\/p>\n<p>En el continente americano, lugares como Per\u00fa, menos transitados que en a\u00f1os anteriores, est\u00e1n viendo un renacer. La m\u00edstica de Machu Picchu sigue siendo un im\u00e1n, pero ahora m\u00e1s viajeros se aventuran a conocer tambi\u00e9n otros rincones menos tur\u00edsticos del pa\u00eds, como la regi\u00f3n de Cusco o la belleza salvaje de la Amazon\u00eda peruana.<\/p>\n<h4>La B\u00fasqueda de Experiencias \u00danicas<\/h4>\n<p>Las experiencias personalizadas son el nuevo mantra del viajero contempor\u00e1neo. Ya no se trata solo de visitar monumentos famosos; los turistas buscan sumergirse en la cultura local. Cursos de cocina, talleres de artesan\u00eda, o incluso la participaci\u00f3n en festivales culturales son actividades que est\u00e1n en auge. Este deseo de conexi\u00f3n aut\u00e9ntica ha llevado a un auge en el turismo comunitario, donde los viajeros pueden interactuar con las comunidades locales de una manera respetuosa y enriquecedora.<\/p>\n<h4>Sostenibilidad: Un Imperativo Tur\u00edstico<\/h4>\n<p>Otro factor que est\u00e1 moldeando la narrativa del turismo actual es la sostenibilidad. Los viajeros son cada vez m\u00e1s conscientes del impacto que sus desplazamientos tienen en el medio ambiente y est\u00e1n optando por destinos que priorizan pr\u00e1cticas sostenibles. Desde alojamientos ecol\u00f3gicos hasta excursiones que fomentan la conservaci\u00f3n, la b\u00fasqueda de un turismo responsable es un deseo com\u00fan entre los nuevos viajeros.<\/p>\n<h4>Conclusiones<\/h4>\n<p>El panorama del turismo contempor\u00e1neo est\u00e1 en un estado de continua evoluci\u00f3n. Los grandes viajes de verano se han transformado, reflejando un anhelo por experiencias m\u00e1s significativas y aut\u00e9nticas. A medida que los viajeros se aventuran m\u00e1s all\u00e1 de los caminos trillados, nuestros mapas se redibujan, ofreciendo nuevas narrativas de descubrimiento, conexi\u00f3n y responsabilidad social. La aventura est\u00e1 m\u00e1s viva que nunca, y los destinos menos conocidos est\u00e1n listos para recibir a aquellos que buscan explorar el mundo con una nueva perspectiva. \u00a1Prep\u00e1rate para dejarte llevar por la corriente de esta emocionante transformaci\u00f3n!<\/p>\n<p><em> &#8221; Sources www.pressdigital.es &#8221; <\/em><\/p>\n","protected":false},"excerpt":{"rendered":"<p>Los Nuevos Destinos de Verano: Redefiniendo la Aventura Tur\u00edstica El verano est\u00e1 en pleno apogeo y, con \u00e9l, una transformaci\u00f3n significativa en las preferencias de los viajeros ha emergido. A medida que las restricciones de movilidad se han ido relajando, han surgido nuevas tendencias que est\u00e1n cambiando el mapa de los destinos tur\u00edsticos tradicionales. Este [&hellip;]<\/p>\n","protected":false},"author":4,"featured_media":1205301,"comment_status":"open","ping_status":"closed","sticky":false,"template":"","format":"standard","meta":{"om_disable_all_campaigns":false,"jnews-multi-image_gallery":[],"jnews_single_post":[],"jnews_primary_category":[],"jnews_social_meta":[],"footnotes":""},"categories":[40],"tags":[1228,56308,226595,1610,17116,2182,544,2873,545],"class_list":["post-1205300","post","type-post","status-publish","format-standard","has-post-thumbnail","hentry","category-industria","tag-destinos","tag-exploracion","tag-mundoexplora","tag-planificacion","tag-reservaciones","tag-tendencias","tag-turismo","tag-verano","tag-viajes"],"_links":{"self":[{"href":"https:\/\/dimensionturistica.com\/es\/wp-json\/wp\/v2\/posts\/1205300","targetHints":{"allow":["GET"]}}],"collection":[{"href":"https:\/\/dimensionturistica.com\/es\/wp-json\/wp\/v2\/posts"}],"about":[{"href":"https:\/\/dimensionturistica.com\/es\/wp-json\/wp\/v2\/types\/post"}],"author":[{"embeddable":true,"href":"https:\/\/dimensionturistica.com\/es\/wp-json\/wp\/v2\/users\/4"}],"replies":[{"embeddable":true,"href":"https:\/\/dimensionturistica.com\/es\/wp-json\/wp\/v2\/comments?post=1205300"}],"version-history":[{"count":1,"href":"https:\/\/dimensionturistica.com\/es\/wp-json\/wp\/v2\/posts\/1205300\/revisions"}],"predecessor-version":[{"id":1205302,"href":"https:\/\/dimensionturistica.com\/es\/wp-json\/wp\/v2\/posts\/1205300\/revisions\/1205302"}],"wp:featuredmedia":[{"embeddable":true,"href":"https:\/\/dimensionturistica.com\/es\/wp-json\/wp\/v2\/media\/1205301"}],"wp:attachment":[{"href":"https:\/\/dimensionturistica.com\/es\/wp-json\/wp\/v2\/media?parent=1205300"}],"wp:term":[{"taxonomy":"category","embeddable":true,"href":"https:\/\/dimensionturistica.com\/es\/wp-json\/wp\/v2\/categories?post=1205300"},{"taxonomy":"post_tag","embeddable":true,"href":"https:\/\/dimensionturistica.com\/es\/wp-json\/wp\/v2\/tags?post=1205300"}],"curies":[{"name":"wp","href":"https:\/\/api.w.org\/{rel}","templated":true}]}}