{"id":1205294,"date":"2026-08-31T09:19:29","date_gmt":"2026-08-31T09:19:29","guid":{"rendered":"https:\/\/dimensionturistica.com\/es\/?p=1205294"},"modified":"2026-08-31T09:19:29","modified_gmt":"2026-08-31T09:19:29","slug":"milei-inicia-una-semana-de-giras-y-reuniones-clave-en-argentina-y-chile-incluyendo-un-encuentro-con-una-oficial-estadounidense","status":"publish","type":"post","link":"https:\/\/dimensionturistica.com\/es\/milei-inicia-una-semana-de-giras-y-reuniones-clave-en-argentina-y-chile-incluyendo-un-encuentro-con-una-oficial-estadounidense\/","title":{"rendered":"Milei inicia una semana de giras y reuniones clave en Argentina y Chile, incluyendo un encuentro con una oficial estadounidense."},"content":{"rendered":"<p><strong>Explorando el V\u00ednculo entre Argentina y Chile: Una Semana de Encuentros y Oportunidades<\/strong><\/p>\n<p>La rica y variada cultura de Am\u00e9rica del Sur se convierte en el escenario perfecto para la proyecci\u00f3n internacional de Argentina y Chile. En un contexto de creciente inter\u00e9s por fortalecer lazos bilaterales, se anticipa una semana repleta de di\u00e1logos y encuentros que prometen marcar un hito en la cooperaci\u00f3n entre ambas naciones.<\/p>\n<p>La agenda comienza con viajes que no solo unen geograf\u00edas, sino que tambi\u00e9n conectan visiones y aspiraciones. Los encuentros entre l\u00edderes pol\u00edticos no son solo cuestiones diplom\u00e1ticas; son oportunidades para tejer lazos de amistad, comercio y cultura. En este sentido, Argentina y Chile tienen mucho que ofrecer y compartir, desde sus tradiciones hasta sus avances en diversas \u00e1reas, como el desarrollo sustentable y la innovaci\u00f3n tecnol\u00f3gica.<\/p>\n<p>Uno de los momentos m\u00e1s esperados de esta semana se vivir\u00e1 con una importante reuni\u00f3n con una funcionaria del gobierno estadounidense. Este encuentro no solo simboliza el respaldo de un pa\u00eds hist\u00f3rico, sino que tambi\u00e9n representa una oportunidad para que Argentina y Chile se posicionen estrat\u00e9gicamente en el escenario internacional. La cooperaci\u00f3n con un pa\u00eds como Estados Unidos abre la puerta a oportunidades de inversi\u00f3n y desarrollo, un aspecto crucial para ambos pa\u00edses que buscan fortalecer sus econom\u00edas y atraer turistas.<\/p>\n<p>Adem\u00e1s de las pol\u00edticas y negociaciones que se llevar\u00e1n a cabo, esta semana se convierte en un llamado a los viajeros y aventureros para explorar la belleza y diversidad que Argentina y Chile ofrecen. Desde la imponente Patagonia con sus glaciares on\u00edricos hasta la vibrante vida urbana de Buenos Aires y Santiago, los paisajes son tan variados como las culturas que los habitan. <\/p>\n<p>Los turistas tienen la oportunidad de disfrutar no solo de la belleza natural, sino tambi\u00e9n de una gastronom\u00eda en auge que fusiona influencias locales e internacionales. Platos t\u00edpicos como el asado argentino no solo son una experiencia culinaria, sino una celebraci\u00f3n de la comunidad y la hospitalidad.<\/p>\n<p>As\u00ed, mientras los l\u00edderes se re\u00fanen para discutir el futuro, los viajeros pueden sumergirse en el presente vibrante de estos dos pa\u00edses. La m\u00fasica, el arte y la danza tradicionales invitan a sumarse a una experiencia cultural que es dif\u00edcil de replicar en otro lugar. Desde un tango en Buenos Aires hasta una cueca en Chile, cada paso es una conexi\u00f3n con la identidad de estas naciones.<\/p>\n<p>En conclusi\u00f3n, la semana que se avecina no es solo un cap\u00edtulo m\u00e1s en la pol\u00edtica de Argentina y Chile, sino una oportunidad para que el mundo las mire con nuevos ojos. Un viaje a estos pa\u00edses no solo ofrece paisajes deslumbrantes, sino la promesa de un futuro en el que la colaboraci\u00f3n y la comunidad se convierten en protagonistas. Para quienes buscan descubrir y experimentar, la puerta est\u00e1 abierta en esta regi\u00f3n que contin\u00faa creciendo y fortaleci\u00e9ndose a trav\u00e9s de intercambios y encuentros significativos. \u00a1No te pierdas la oportunidad de ser parte de esta historia compartida!<\/p>\n<p><em> &#8221; Fuentes www.perfil.com &#8221; <\/em><\/p>\n","protected":false},"excerpt":{"rendered":"<p>Explorando el V\u00ednculo entre Argentina y Chile: Una Semana de Encuentros y Oportunidades La rica y variada cultura de Am\u00e9rica del Sur se convierte en el escenario perfecto para la proyecci\u00f3n internacional de Argentina y Chile. En un contexto de creciente inter\u00e9s por fortalecer lazos bilaterales, se anticipa una semana repleta de di\u00e1logos y encuentros [&hellip;]<\/p>\n","protected":false},"author":4,"featured_media":1205295,"comment_status":"open","ping_status":"closed","sticky":false,"template":"","format":"standard","meta":{"om_disable_all_campaigns":false,"jnews-multi-image_gallery":[],"jnews_single_post":[],"jnews_primary_category":[],"jnews_social_meta":[],"footnotes":""},"categories":[39],"tags":[768,766,8938,296150,36456,7976,545],"class_list":["post-1205294","post","type-post","status-publish","format-standard","has-post-thumbnail","hentry","category-viajes","tag-argentina","tag-chile","tag-encuentros","tag-funcionaria-norteamericana","tag-milei","tag-reunion","tag-viajes"],"_links":{"self":[{"href":"https:\/\/dimensionturistica.com\/es\/wp-json\/wp\/v2\/posts\/1205294","targetHints":{"allow":["GET"]}}],"collection":[{"href":"https:\/\/dimensionturistica.com\/es\/wp-json\/wp\/v2\/posts"}],"about":[{"href":"https:\/\/dimensionturistica.com\/es\/wp-json\/wp\/v2\/types\/post"}],"author":[{"embeddable":true,"href":"https:\/\/dimensionturistica.com\/es\/wp-json\/wp\/v2\/users\/4"}],"replies":[{"embeddable":true,"href":"https:\/\/dimensionturistica.com\/es\/wp-json\/wp\/v2\/comments?post=1205294"}],"version-history":[{"count":1,"href":"https:\/\/dimensionturistica.com\/es\/wp-json\/wp\/v2\/posts\/1205294\/revisions"}],"predecessor-version":[{"id":1205296,"href":"https:\/\/dimensionturistica.com\/es\/wp-json\/wp\/v2\/posts\/1205294\/revisions\/1205296"}],"wp:featuredmedia":[{"embeddable":true,"href":"https:\/\/dimensionturistica.com\/es\/wp-json\/wp\/v2\/media\/1205295"}],"wp:attachment":[{"href":"https:\/\/dimensionturistica.com\/es\/wp-json\/wp\/v2\/media?parent=1205294"}],"wp:term":[{"taxonomy":"category","embeddable":true,"href":"https:\/\/dimensionturistica.com\/es\/wp-json\/wp\/v2\/categories?post=1205294"},{"taxonomy":"post_tag","embeddable":true,"href":"https:\/\/dimensionturistica.com\/es\/wp-json\/wp\/v2\/tags?post=1205294"}],"curies":[{"name":"wp","href":"https:\/\/api.w.org\/{rel}","templated":true}]}}