{"id":1205291,"date":"2026-08-31T09:14:37","date_gmt":"2026-08-31T09:14:37","guid":{"rendered":"https:\/\/dimensionturistica.com\/es\/?p=1205291"},"modified":"2026-08-31T09:14:37","modified_gmt":"2026-08-31T09:14:37","slug":"iberia-se-alia-con-una-importante-agencia-de-viajes-para-maximizar-la-ocupacion-de-sus-vuelos","status":"publish","type":"post","link":"https:\/\/dimensionturistica.com\/es\/iberia-se-alia-con-una-importante-agencia-de-viajes-para-maximizar-la-ocupacion-de-sus-vuelos\/","title":{"rendered":"Iberia se al\u00eda con una importante agencia de viajes para maximizar la ocupaci\u00f3n de sus vuelos."},"content":{"rendered":"<p><strong>Iberia y Viajes El Corte Ingl\u00e9s: Una Alianza Estrat\u00e9gica para la Recuperaci\u00f3n del Turismo<\/strong><\/p>\n<p>La industria del turismo ha enfrentado desaf\u00edos sin precedentes en los \u00faltimos a\u00f1os, pero como el ave f\u00e9nix, comienza a resurgir con estrategias innovadoras y colaboraciones estrat\u00e9gicas. En este contexto, Iberia ha tomado la delantera al asociarse con Viajes El Corte Ingl\u00e9s, un movimiento que promete no solo llenar sus aviones, sino tambi\u00e9n revitalizar la experiencia del viajero.<\/p>\n<p><strong>Cerca de los Clientes<\/strong><\/p>\n<p>La colaboraci\u00f3n entre Iberia y Viajes El Corte Ingl\u00e9s representa una fusi\u00f3n entre la experiencia de una aerol\u00ednea nacional emblem\u00e1tica y la autoridad de uno de los grupos de viajes m\u00e1s reconocidos de Espa\u00f1a. Esta uni\u00f3n se basa en un enfoque centrado en el cliente, donde se busca ofrecer paquetes y experiencias personalizadas adaptadas a las necesidades de cada viajero.<\/p>\n<p>Lo interesante de esta estrategia es que no solo se trata de ofrecer vuelos. La propuesta va m\u00e1s all\u00e1, incluyendo alojamientos, actividades y asesoramiento experto, convirtiendo el proceso de planificaci\u00f3n en una experiencia integral. Los viajeros pueden beneficiarse de una atenci\u00f3n personalizada y de ofertas que combinan lo mejor de ambos mundos, haciendo que decidir su pr\u00f3ximo destino sea m\u00e1s sencillo y atractivo.<\/p>\n<p><strong>Promociones Atractivas para Todos<\/strong><\/p>\n<p>Iberia ha puesto en marcha diversas promociones que, en colaboraci\u00f3n con Viajes El Corte Ingl\u00e9s, est\u00e1n dise\u00f1adas para incentivar a los viajeros a realizar sus reservas. Las tarifas competitivas y las ofertas exclusivas no solo buscan llenar los aviones, sino tambi\u00e9n fomentar el deseo de explorar nuevos destinos. Desde escapadas a ciudades europeas hasta vacaciones ex\u00f3ticas en el Caribe, las opciones son variadas y enriquecedoras.<\/p>\n<p>Adem\u00e1s, el trabajo conjunto entre las dos entidades permite la creaci\u00f3n de paquetes que incluyen tarifas especiales para grupos, lo que puede ser una gran noticia para aquellos que planean viajes en familia o en grupo. Esto no solo facilita el acceso a precios m\u00e1s atractivos, sino que tambi\u00e9n hace que viajar en compa\u00f1\u00eda sea mucho m\u00e1s acogedor.<\/p>\n<p><strong>Un Futuro Sostenible y Consciente<\/strong><\/p>\n<p>La alianza entre Iberia y Viajes El Corte Ingl\u00e9s tambi\u00e9n aborda una preocupaci\u00f3n creciente entre los viajeros contempor\u00e1neos: la sostenibilidad. Ambas compa\u00f1\u00edas est\u00e1n comprometidas con la implementaci\u00f3n de pr\u00e1cticas responsables que minimicen el impacto ambiental del turismo. A trav\u00e9s de esta colaboraci\u00f3n, se est\u00e1n promoviendo iniciativas como la compensaci\u00f3n de emisiones de CO2, que permite a los viajeros contribuir al cuidado del planeta mientras disfrutan de sus aventuras.<\/p>\n<p><strong>La Experiencia del Viajero, en el Centro<\/strong><\/p>\n<p>En \u00faltima instancia, el objetivo de esta alianza es colocar la experiencia del viajero en el centro de la estrategia. Desde el momento de la reserva hasta la llegada a su destino, cada aspecto est\u00e1 dise\u00f1ado para garantizar que el viajero se sienta valorado y atendido. La accesibilidad a informaci\u00f3n relevante, la flexibilidad en las reservas y la atenci\u00f3n al cliente son pilares fundamentales para lograr este enfoque.<\/p>\n<p>Con esta ambiciosa estrategia, Iberia y Viajes El Corte Ingl\u00e9s no solo est\u00e1n remodelando la forma en que viajamos, sino que tambi\u00e9n est\u00e1n sentando las bases para un futuro donde el turismo sea m\u00e1s inclusivo, accesible y responsable. En este din\u00e1mico paisaje, es dif\u00edcil no sentirse emocionado por las nuevas posibilidades que se presentan para los viajeros en busca de sus pr\u00f3ximas aventuras. <\/p>\n<p>As\u00ed que, ya sea que planees una escapada rom\u00e1ntica, un viaje familiar o una aventura en solitario, la alianza entre estas dos potencias del turismo est\u00e1 dise\u00f1ada para convertir tus sue\u00f1os de viaje en realidad. \u00a1Prep\u00e1rate para descubrir el mundo de una manera completamente nueva!<\/p>\n<p><em> &#8221; Sources www.preferente.com &#8221; <\/em><\/p>\n","protected":false},"excerpt":{"rendered":"<p>Iberia y Viajes El Corte Ingl\u00e9s: Una Alianza Estrat\u00e9gica para la Recuperaci\u00f3n del Turismo La industria del turismo ha enfrentado desaf\u00edos sin precedentes en los \u00faltimos a\u00f1os, pero como el ave f\u00e9nix, comienza a resurgir con estrategias innovadoras y colaboraciones estrat\u00e9gicas. En este contexto, Iberia ha tomado la delantera al asociarse con Viajes El Corte [&hellip;]<\/p>\n","protected":false},"author":4,"featured_media":1205292,"comment_status":"open","ping_status":"closed","sticky":false,"template":"","format":"standard","meta":{"om_disable_all_campaigns":false,"jnews-multi-image_gallery":[],"jnews_single_post":[],"jnews_primary_category":[],"jnews_social_meta":[],"footnotes":""},"categories":[40],"tags":[1654,4569,808,16061,947,544,545,4554],"class_list":["post-1205291","post","type-post","status-publish","format-standard","has-post-thumbnail","hentry","category-industria","tag-aviacion","tag-colaboracion","tag-iberia","tag-industria-aerea","tag-transporte-aereo","tag-turismo","tag-viajes","tag-viajes-el-corte-ingles"],"_links":{"self":[{"href":"https:\/\/dimensionturistica.com\/es\/wp-json\/wp\/v2\/posts\/1205291","targetHints":{"allow":["GET"]}}],"collection":[{"href":"https:\/\/dimensionturistica.com\/es\/wp-json\/wp\/v2\/posts"}],"about":[{"href":"https:\/\/dimensionturistica.com\/es\/wp-json\/wp\/v2\/types\/post"}],"author":[{"embeddable":true,"href":"https:\/\/dimensionturistica.com\/es\/wp-json\/wp\/v2\/users\/4"}],"replies":[{"embeddable":true,"href":"https:\/\/dimensionturistica.com\/es\/wp-json\/wp\/v2\/comments?post=1205291"}],"version-history":[{"count":1,"href":"https:\/\/dimensionturistica.com\/es\/wp-json\/wp\/v2\/posts\/1205291\/revisions"}],"predecessor-version":[{"id":1205293,"href":"https:\/\/dimensionturistica.com\/es\/wp-json\/wp\/v2\/posts\/1205291\/revisions\/1205293"}],"wp:featuredmedia":[{"embeddable":true,"href":"https:\/\/dimensionturistica.com\/es\/wp-json\/wp\/v2\/media\/1205292"}],"wp:attachment":[{"href":"https:\/\/dimensionturistica.com\/es\/wp-json\/wp\/v2\/media?parent=1205291"}],"wp:term":[{"taxonomy":"category","embeddable":true,"href":"https:\/\/dimensionturistica.com\/es\/wp-json\/wp\/v2\/categories?post=1205291"},{"taxonomy":"post_tag","embeddable":true,"href":"https:\/\/dimensionturistica.com\/es\/wp-json\/wp\/v2\/tags?post=1205291"}],"curies":[{"name":"wp","href":"https:\/\/api.w.org\/{rel}","templated":true}]}}