{"id":1205282,"date":"2026-08-31T08:31:27","date_gmt":"2026-08-31T08:31:27","guid":{"rendered":"https:\/\/dimensionturistica.com\/es\/?p=1205282"},"modified":"2026-08-31T08:31:27","modified_gmt":"2026-08-31T08:31:27","slug":"septiembre-el-mes-ideal-para-prolongar-el-verano-con-escapadas-breves-lugares-accesibles-y-reservas-con-anticipacion","status":"publish","type":"post","link":"https:\/\/dimensionturistica.com\/es\/septiembre-el-mes-ideal-para-prolongar-el-verano-con-escapadas-breves-lugares-accesibles-y-reservas-con-anticipacion\/","title":{"rendered":"Septiembre: el mes ideal para prolongar el verano con escapadas breves, lugares accesibles y reservas con anticipaci\u00f3n"},"content":{"rendered":"<p><strong>Descubre el Oto\u00f1o en Destinos Cercanos: Escapadas que Alargan el Verano<\/strong><\/p>\n<p>A medida que las temperaturas comienzan a descender y los d\u00edas se acortan, septiembre emerge como el mes ideal para aquellos que buscan una escapada ef\u00edmera que les permita aprovechar los \u00faltimos vestigios del verano. Este mes, a menudo pasado por alto, se convierte en una oportunidad perfecta para escapar de la rutina y descubrir rincones cercanos que, aunque menos concurridos, ofrecen experiencias inolvidables.<\/p>\n<p>Los destinos de proximidad suelen ser la respuesta a un anhelo de aventura en miniatura. Imagina un fin de semana en una playa escondida o en una encantadora villa que combina tradici\u00f3n y modernidad. Ahora es el momento de explorar esos lugares que, en la vor\u00e1gine del verano, pueden haber quedado relegados a un segundo plano, pero que ahora se llenan de encanto en la calma que trae el oto\u00f1o.<\/p>\n<p>Los peque\u00f1os pueblos costeros, con sus playas a\u00fan c\u00e1lidas y sus bares de tapas bohemios, se convierten en el refugio perfecto para los escapistas. Con menos turistas que en julio y agosto, podr\u00e1s disfrutar de un ambiente m\u00e1s relajado y aut\u00e9ntico. Adem\u00e1s, muchos de estos lugares organizan festivales y eventos locales que celebran la cultura y la gastronom\u00eda de la regi\u00f3n, lo que ofrece un sabor aut\u00e9ntico a tu viaje.<\/p>\n<p>Si prefieres la monta\u00f1a, septiembre es el mes ideal para practicar senderismo. Los parques naturales, adornados con el manto multicolor del oto\u00f1o, ofrecen rutas adaptadas a todos los niveles. Imag\u00ednate caminando entre \u00e1rboles que empiezan a vestir sus hojas de tonos dorados y marrones, rodeado del sonido del crujir bajo tus pies. Sin duda, la conexi\u00f3n con la naturaleza es una experiencia revitalizante.<\/p>\n<p>Las escapadas urbanas tambi\u00e9n son una opci\u00f3n atractiva y accesible. Las ciudades menos visitadas en esta \u00e9poca suelen presentar una oferta cultural rica y variada, desde exposiciones de arte hasta ferias gastron\u00f3micas. Podr\u00e1s recorrer sus calles adoquinadas, descubrir mercados locales y disfrutar de la cocina t\u00edpica sin las multitudes de los meses pico. Adem\u00e1s, muchas ciudades ofrecen descuentos en alojamiento y actividades para incentivar el turismo en esta temporada.<\/p>\n<p>Despu\u00e9s de un a\u00f1o ajetreado, \u00bfqui\u00e9n no quiere un respiro? Estas escapadas de fin de semana, breves pero intensas, no solo ofrecen un cambio de escenario, sino que tambi\u00e9n brindan la oportunidad de desconectar y recargar energ\u00edas. Permiten experimentar una conexi\u00f3n m\u00e1s profunda con el destino, favoreciendo momentos \u00fanicos que quedar\u00e1n grabados en la memoria.<\/p>\n<p>Por \u00faltimo, lo mejor de septiembre radica en que su magia se extiende a todos los \u00e1mbitos. Desde la playa hasta la monta\u00f1a, desde el bullicio de las ciudades hasta la tranquilidad del campo, las aventuras son infinitas y est\u00e1n al alcance de todos. As\u00ed que este mes, no dudes en planificar una escapada que te haga sentir vivo, explorar lo cercano y, sobre todo, disfrutar de la riqueza que nos ofrece el ahora.<\/p>\n<p>Cierra la puerta a la rutina y abre la ventana a nuevas experiencias. Septiembre es el mes del descubrimiento, un regalo que nos recuerda que el verano puede alargarse m\u00e1s all\u00e1 de lo que los calendarios indican. Aprovecha esta oportunidad y deja que la aventura te lleve a esos destinos que a\u00fan guardan el calor de la temporada estival. \u00a1Tu pr\u00f3xima escapada te espera!<\/p>\n<p><em> &#8221; Sources www.expreso.info &#8221; <\/em><\/p>\n","protected":false},"excerpt":{"rendered":"<p>Descubre el Oto\u00f1o en Destinos Cercanos: Escapadas que Alargan el Verano A medida que las temperaturas comienzan a descender y los d\u00edas se acortan, septiembre emerge como el mes ideal para aquellos que buscan una escapada ef\u00edmera que les permita aprovechar los \u00faltimos vestigios del verano. Este mes, a menudo pasado por alto, se convierte [&hellip;]<\/p>\n","protected":false},"author":4,"featured_media":1205283,"comment_status":"open","ping_status":"closed","sticky":false,"template":"","format":"standard","meta":{"om_disable_all_campaigns":false,"jnews-multi-image_gallery":[],"jnews_single_post":[],"jnews_primary_category":[],"jnews_social_meta":[],"footnotes":""},"categories":[40],"tags":[63547,296144,3218,9982,5606,2873],"class_list":["post-1205282","post","type-post","status-publish","format-standard","has-post-thumbnail","hentry","category-industria","tag-destinos-cercanos","tag-efimeras","tag-escapadas","tag-reservas-anticipadas","tag-septiembre","tag-verano"],"_links":{"self":[{"href":"https:\/\/dimensionturistica.com\/es\/wp-json\/wp\/v2\/posts\/1205282","targetHints":{"allow":["GET"]}}],"collection":[{"href":"https:\/\/dimensionturistica.com\/es\/wp-json\/wp\/v2\/posts"}],"about":[{"href":"https:\/\/dimensionturistica.com\/es\/wp-json\/wp\/v2\/types\/post"}],"author":[{"embeddable":true,"href":"https:\/\/dimensionturistica.com\/es\/wp-json\/wp\/v2\/users\/4"}],"replies":[{"embeddable":true,"href":"https:\/\/dimensionturistica.com\/es\/wp-json\/wp\/v2\/comments?post=1205282"}],"version-history":[{"count":1,"href":"https:\/\/dimensionturistica.com\/es\/wp-json\/wp\/v2\/posts\/1205282\/revisions"}],"predecessor-version":[{"id":1205284,"href":"https:\/\/dimensionturistica.com\/es\/wp-json\/wp\/v2\/posts\/1205282\/revisions\/1205284"}],"wp:featuredmedia":[{"embeddable":true,"href":"https:\/\/dimensionturistica.com\/es\/wp-json\/wp\/v2\/media\/1205283"}],"wp:attachment":[{"href":"https:\/\/dimensionturistica.com\/es\/wp-json\/wp\/v2\/media?parent=1205282"}],"wp:term":[{"taxonomy":"category","embeddable":true,"href":"https:\/\/dimensionturistica.com\/es\/wp-json\/wp\/v2\/categories?post=1205282"},{"taxonomy":"post_tag","embeddable":true,"href":"https:\/\/dimensionturistica.com\/es\/wp-json\/wp\/v2\/tags?post=1205282"}],"curies":[{"name":"wp","href":"https:\/\/api.w.org\/{rel}","templated":true}]}}