{"id":1205195,"date":"2026-08-31T01:43:33","date_gmt":"2026-08-31T01:43:33","guid":{"rendered":"https:\/\/dimensionturistica.com\/es\/?p=1205195"},"modified":"2026-08-31T01:43:33","modified_gmt":"2026-08-31T01:43:33","slug":"el-ultimo-complemento-de-kendall-jenner-finn-jenner-elordi","status":"publish","type":"post","link":"https:\/\/dimensionturistica.com\/es\/el-ultimo-complemento-de-kendall-jenner-finn-jenner-elordi\/","title":{"rendered":"El \u00daltimo Complemento de Kendall Jenner: \u00bfFinn Jenner-Elordi?"},"content":{"rendered":"<h3>El Accesorio M\u00e1s Chic de la Temporada: Kendall Jenner y Su Nuevo Compa\u00f1ero<\/h3>\n<p>En el din\u00e1mico mundo de la moda, siempre hay un lugar para la innovaci\u00f3n y la sorpresa. Recientemente, la famosa modelo Kendall Jenner ha captado la atenci\u00f3n de los medios y de los amantes del estilo con una tendencia que ha deslumbrado tanto en pasarelas como en redes sociales: la incorporaci\u00f3n de su perro, Finn, como un accesorio imprescindible. Este giro inesperado ha puesto de relieve la<\/p>\n<p>vinculaci\u00f3n emocional que muchos tienen con sus mascotas, elev\u00e1ndolas de simples compa\u00f1eros a protagonistas de su estilo personal.<\/p>\n<h4>El poder de un buen accesorio<\/h4>\n<p>Desde bolsos de dise\u00f1o hasta joyas llamativas, el mundo de la moda ha aclamado hist\u00f3ricamente el valor de los accesorios. Sin embargo, la presencia de Finn en las salidas de Kendall sugiere una nueva forma de expresi\u00f3n: la fusi\u00f3n entre el amor por la moda y la conexi\u00f3n emocional con nuestras mascotas. En un instante, la ejemplar modelo transforma su paseo diario en una afirmaci\u00f3n audaz de estilo y ternura. Este enfoque no solo clasifica a Finn como el perro m\u00e1s elegante, sino que tambi\u00e9n presenta una nueva manera de pensar sobre lo que significa ser un \u00edcono de la moda.<\/p>\n<h4>La revoluci\u00f3n del estilo canino<\/h4>\n<p>La tendencia no se limita solo a las personalidades influyentes. Las redes sociales han visto un auge en el contenido relacionado con moda para mascotas, con influenciadores y marcas que han comenzado a crear l\u00edneas especiales de ropa y accesorios para perros. Esta fusi\u00f3n de moda humana y moda canina redefine lo que significa ser estiloso; cada d\u00eda m\u00e1s, se vuelve indispensable mostrar un look coordinado con nuestro amigo peludo.<\/p>\n<h4>La conexi\u00f3n emocional como tendencia<\/h4>\n<p>La relaci\u00f3n entre los due\u00f1os de mascotas y sus animales ha sido tema recurrente; cada vez m\u00e1s personas buscan incluir a sus compa\u00f1eros en sus vidas de una manera m\u00e1s significativa. Este fen\u00f3meno no solo se relaciona con la moda, sino tambi\u00e9n con la salud mental y el bienestar. Tener una mascota como Finn no solo aporta alegr\u00eda, sino que tambi\u00e9n puede ser un s\u00edmbolo de un estilo de vida equilibrado que cada vez m\u00e1s se potencia en la industria de la moda.<\/p>\n<h4>La influencia de las redes sociales<\/h4>\n<p>Kendall Jenner ha sabido jugar magistralmente con su presencia en redes, haciendo de cada publicaci\u00f3n un evento visual impactante. Al incluir a Finn en sus post, no solo atrae la atenci\u00f3n de los seguidores fieles, sino que tambi\u00e9n inspira a otros a resaltar su propio estilo, haciendo que el contenido relacionado con mascotas sea m\u00e1s atractivo. Esa mezcla de moda y ternura garantiza que el engagement de sus publicaciones sea alto, convirtiendo cada imagen en una ventana a un nuevo conjunto de tendencias.<\/p>\n<h3>Una mirada hacia el futuro<\/h3>\n<p>Con la exhibici\u00f3n de Finn como accesorio de moda, queda claro que las fronteras de lo que se considera &#8220;estilo&#8221; est\u00e1n en constante evoluci\u00f3n. Esta combinaci\u00f3n de pets y moda no solo es un reflejo de nuestras preferencias personales, sino tambi\u00e9n una incitaci\u00f3n a repensar c\u00f3mo la moda se entrelaza con nuestras vidas cotidianas. A medida que m\u00e1s estilos y configuraciones se popularizan, es evidente que esta tendencia ha llegado para quedarse.<\/p>\n<p>En el cambiante escenario de la moda, la presencia de las mascotas como parte del estilismo promete transformarse en un fen\u00f3meno global. Kendall Jenner y su adorable Finn no solo han establecido un nuevo est\u00e1ndar; han abierto la puerta a un mundo donde cada paseo y cada evento representan una oportunidad para mostrar amor, estilo y conexi\u00f3n. \u00bfEs este el renacer de una nueva era en la moda accesoria? Solo el tiempo lo dir\u00e1, pero una cosa es segura: los amantes de la moda y los perros est\u00e1n m\u00e1s que listos para asumir el reto.<\/p>\n<p><em> &#8221; Fuentes www.vogue.com &#8221; <\/em><\/p>\n","protected":false},"excerpt":{"rendered":"<p>El Accesorio M\u00e1s Chic de la Temporada: Kendall Jenner y Su Nuevo Compa\u00f1ero En el din\u00e1mico mundo de la moda, siempre hay un lugar para la innovaci\u00f3n y la sorpresa. Recientemente, la famosa modelo Kendall Jenner ha captado la atenci\u00f3n de los medios y de los amantes del estilo con una tendencia que ha deslumbrado [&hellip;]<\/p>\n","protected":false},"author":14,"featured_media":1205196,"comment_status":"open","ping_status":"closed","sticky":false,"template":"","format":"standard","meta":{"om_disable_all_campaigns":false,"jnews-multi-image_gallery":[],"jnews_single_post":[],"jnews_primary_category":[],"jnews_social_meta":[],"footnotes":""},"categories":[144872],"tags":[149651,56,296102,166,296101,16295,17538,217916,372],"class_list":["post-1205195","post","type-post","status-publish","format-standard","has-post-thumbnail","hentry","category-fashion","tag-accessory","tag-celebrity-news","tag-elordi","tag-fashion","tag-finn-jenner","tag-hollywood","tag-kendall-jenner","tag-siblings","tag-style"],"_links":{"self":[{"href":"https:\/\/dimensionturistica.com\/es\/wp-json\/wp\/v2\/posts\/1205195","targetHints":{"allow":["GET"]}}],"collection":[{"href":"https:\/\/dimensionturistica.com\/es\/wp-json\/wp\/v2\/posts"}],"about":[{"href":"https:\/\/dimensionturistica.com\/es\/wp-json\/wp\/v2\/types\/post"}],"author":[{"embeddable":true,"href":"https:\/\/dimensionturistica.com\/es\/wp-json\/wp\/v2\/users\/14"}],"replies":[{"embeddable":true,"href":"https:\/\/dimensionturistica.com\/es\/wp-json\/wp\/v2\/comments?post=1205195"}],"version-history":[{"count":1,"href":"https:\/\/dimensionturistica.com\/es\/wp-json\/wp\/v2\/posts\/1205195\/revisions"}],"predecessor-version":[{"id":1205197,"href":"https:\/\/dimensionturistica.com\/es\/wp-json\/wp\/v2\/posts\/1205195\/revisions\/1205197"}],"wp:featuredmedia":[{"embeddable":true,"href":"https:\/\/dimensionturistica.com\/es\/wp-json\/wp\/v2\/media\/1205196"}],"wp:attachment":[{"href":"https:\/\/dimensionturistica.com\/es\/wp-json\/wp\/v2\/media?parent=1205195"}],"wp:term":[{"taxonomy":"category","embeddable":true,"href":"https:\/\/dimensionturistica.com\/es\/wp-json\/wp\/v2\/categories?post=1205195"},{"taxonomy":"post_tag","embeddable":true,"href":"https:\/\/dimensionturistica.com\/es\/wp-json\/wp\/v2\/tags?post=1205195"}],"curies":[{"name":"wp","href":"https:\/\/api.w.org\/{rel}","templated":true}]}}