{"id":1205171,"date":"2026-08-30T23:59:59","date_gmt":"2026-08-30T23:59:59","guid":{"rendered":"https:\/\/dimensionturistica.com\/es\/?p=1205171"},"modified":"2026-08-30T23:59:59","modified_gmt":"2026-08-30T23:59:59","slug":"claudia-sulewski-y-finneas-unen-sus-vidas-dentro-de-la-ultima-prueba-del-vestido-de-la-novia-en-oscar-de-la-renta","status":"publish","type":"post","link":"https:\/\/dimensionturistica.com\/es\/claudia-sulewski-y-finneas-unen-sus-vidas-dentro-de-la-ultima-prueba-del-vestido-de-la-novia-en-oscar-de-la-renta\/","title":{"rendered":"\u00a1Claudia Sulewski y Finneas Unen Sus Vidas! Dentro de la \u00daltima Prueba del Vestido de la Novia en Oscar de la Renta"},"content":{"rendered":"<p><strong>La \u00daltima Prueba: Un Viaje a Trav\u00e9s de la Moda y la Creatividad<\/strong><\/p>\n<p>En el fascinante mundo de la moda, donde cada prenda cuenta una historia y cada dise\u00f1o es un reflejo de la personalidad de quien lo lleva, hay momentos que se convierten en hitos significativos. Uno de estos momentos es la &#8220;\u00faltima prueba&#8221;, un proceso fundamental en la creaci\u00f3n de un atuendo. Este ritual no solo se trata de ajustes y medidas, sino de una experiencia emocional que une a dise\u00f1adores, modelos y al arte de la moda misma.<\/p>\n<p>La &#8220;\u00faltima prueba&#8221; es una etapa crucial en la que el dise\u00f1o se transforma en realidad. Este es el instante en el que un vestido toma forma, donde los sue\u00f1os se convierten en tejido y costura. Durante este proceso, la atenci\u00f3n a los detalles es primordial; cada lazo, cada pliegue y cada costura se revisan cuidadosamente. Este momento se convierte en una danza delicada entre t\u00e9cnica y creatividad, donde cada pieza se somete a un examen minucioso, revelando la magia que se esconde en cada hilo.<\/p>\n<p>El ambiente en este tipo de sesiones es electrizante. Se siente la anticipaci\u00f3n en el aire. Los dise\u00f1adores, concentrados, trabajan al lado de las modelos que, con cada movimiento, traen a la vida la visi\u00f3n que ha estado en sus mentes durante meses, quiz\u00e1s incluso a\u00f1os. La sinergia entre ambos no solo afina el dise\u00f1o, sino que tambi\u00e9n da paso a nuevas ideas y propuestas que pueden elevar el concepto original a nuevas alturas. La moda, al fin y al cabo, es una forma de expresi\u00f3n en constante evoluci\u00f3n.<\/p>\n<p>Este proceso no se limita simplemente a lo f\u00edsico; tambi\u00e9n involucra una profunda conexi\u00f3n emocional. Las modelos son m\u00e1s que meras &#8220;perchas&#8221; para la ropa; cada una de ellas encarna un ideal, una narrativa que el dise\u00f1ador quiere contar. La \u00faltima prueba se convierte en un espacio donde se entrelazan historias personales, aspiraciones y desaf\u00edos creativos. Este intercambio crea un ambiente en el que la autenticidad se celebra y florece.<\/p>\n<p>Adem\u00e1s, cada prueba tiene su propio ritmo. A medida que avanza la sesi\u00f3n, los peque\u00f1os ajustes se convierten en parte de la historia del atuendo. Una vez que se alinean todos los elementos \u2013el fit perfecto, la ca\u00edda exacta del tejido, la elecci\u00f3n de los accesorios\u2013 se inicia la \u00faltima etapa de este innovador viaje. La adrenalina fluye mientras los participantes anticipan el momento en que el dise\u00f1o estar\u00e1 listo no solo para ser exhibido, sino para ser aclamado.<\/p>\n<p>El potencial viral del contenido relacionado con la moda en las redes sociales aumenta significativamente cuando se exploran estos momentos de intimidad y dedicaci\u00f3n. Los seguidores buscan conexiones m\u00e1s profundas y humanas con sus \u00edconos de estilo, anhelando no solo visualizar el resultado final, sino tambi\u00e9n el proceso que lo llev\u00f3 a convertirse en una obra maestra. Las plataformas digitales ofrecen el escenario perfecto para compartir estas vivencias, haciendo que la moda sea m\u00e1s accesible, aut\u00e9ntica y conmovedora.<\/p>\n<p>En el fondo, la \u00faltima prueba en la moda no es solo acerca de la vestimenta; es un testimonio del poder del arte y la creatividad. Representa el punto de fusi\u00f3n entre la t\u00e9cnica y la emoci\u00f3n, donde se crean no solo prendas, sino tambi\u00e9n memorias y experiencias que perduran m\u00e1s all\u00e1 de la pasarela. En este din\u00e1mico universo, cada prueba final se convierte en un cap\u00edtulo valioso de una historia que contin\u00faa escribi\u00e9ndose en los corazones y las mentes de aquellos que tienen la suerte de ser parte de ella. <\/p>\n<p>El atractivo de la moda radica en su capacidad para ser un reflejo de la vida misma, capturando momentos de conexi\u00f3n, evoluci\u00f3n y transformaci\u00f3n. As\u00ed, cada proyecto no solo se convierte en un producto, sino en una experiencia que invita a ser compartida, explorada y, sobre todo, celebrada.<\/p>\n<p><em> &#8221; Fuentes www.vogue.com &#8221; <\/em><\/p>\n","protected":false},"excerpt":{"rendered":"<p>La \u00daltima Prueba: Un Viaje a Trav\u00e9s de la Moda y la Creatividad En el fascinante mundo de la moda, donde cada prenda cuenta una historia y cada dise\u00f1o es un reflejo de la personalidad de quien lo lleva, hay momentos que se convierten en hitos significativos. Uno de estos momentos es la &#8220;\u00faltima prueba&#8221;, [&hellip;]<\/p>\n","protected":false},"author":14,"featured_media":1205172,"comment_status":"open","ping_status":"closed","sticky":false,"template":"","format":"standard","meta":{"om_disable_all_campaigns":false,"jnews-multi-image_gallery":[],"jnews_single_post":[],"jnews_primary_category":[],"jnews_social_meta":[],"footnotes":""},"categories":[144872],"tags":[128599,56,296091,81660,166,294155,296092,10159,164221,145229,221517,202893,18838],"class_list":["post-1205171","post","type-post","status-publish","format-standard","has-post-thumbnail","hentry","category-fashion","tag-bridal","tag-celebrity-news","tag-claudia-sulewski","tag-couple","tag-fashion","tag-final-fitting","tag-finneas","tag-love","tag-marriage","tag-married","tag-oscar-de-la-renta","tag-vogue-weddings","tag-wedding"],"_links":{"self":[{"href":"https:\/\/dimensionturistica.com\/es\/wp-json\/wp\/v2\/posts\/1205171","targetHints":{"allow":["GET"]}}],"collection":[{"href":"https:\/\/dimensionturistica.com\/es\/wp-json\/wp\/v2\/posts"}],"about":[{"href":"https:\/\/dimensionturistica.com\/es\/wp-json\/wp\/v2\/types\/post"}],"author":[{"embeddable":true,"href":"https:\/\/dimensionturistica.com\/es\/wp-json\/wp\/v2\/users\/14"}],"replies":[{"embeddable":true,"href":"https:\/\/dimensionturistica.com\/es\/wp-json\/wp\/v2\/comments?post=1205171"}],"version-history":[{"count":1,"href":"https:\/\/dimensionturistica.com\/es\/wp-json\/wp\/v2\/posts\/1205171\/revisions"}],"predecessor-version":[{"id":1205173,"href":"https:\/\/dimensionturistica.com\/es\/wp-json\/wp\/v2\/posts\/1205171\/revisions\/1205173"}],"wp:featuredmedia":[{"embeddable":true,"href":"https:\/\/dimensionturistica.com\/es\/wp-json\/wp\/v2\/media\/1205172"}],"wp:attachment":[{"href":"https:\/\/dimensionturistica.com\/es\/wp-json\/wp\/v2\/media?parent=1205171"}],"wp:term":[{"taxonomy":"category","embeddable":true,"href":"https:\/\/dimensionturistica.com\/es\/wp-json\/wp\/v2\/categories?post=1205171"},{"taxonomy":"post_tag","embeddable":true,"href":"https:\/\/dimensionturistica.com\/es\/wp-json\/wp\/v2\/tags?post=1205171"}],"curies":[{"name":"wp","href":"https:\/\/api.w.org\/{rel}","templated":true}]}}