{"id":1205165,"date":"2026-08-30T23:31:49","date_gmt":"2026-08-30T23:31:49","guid":{"rendered":"https:\/\/dimensionturistica.com\/es\/?p=1205165"},"modified":"2026-08-30T23:31:49","modified_gmt":"2026-08-30T23:31:49","slug":"milei-enfrenta-una-semana-crucial-con-desplazamientos-encuentros-globales-y-mensajes-al-ambito-empresarial","status":"publish","type":"post","link":"https:\/\/dimensionturistica.com\/es\/milei-enfrenta-una-semana-crucial-con-desplazamientos-encuentros-globales-y-mensajes-al-ambito-empresarial\/","title":{"rendered":"Milei enfrenta una semana crucial con desplazamientos, encuentros globales y mensajes al \u00e1mbito empresarial."},"content":{"rendered":"<p><strong>Viajando hacia el Futuro: La Agenda Internacional de un Nuevo Liderazgo<\/strong><\/p>\n<p>En un mundo cada vez m\u00e1s interconectado, el turismo y las relaciones internacionales juegan un papel crucial en la promoci\u00f3n del desarrollo econ\u00f3mico y el fortalecimiento de lazos culturales. En este contexto, la reciente agenda internacional de un destacado l\u00edder argentino trae consigo vibrantes oportunidades y desaf\u00edos, mientras se embarca en una serie de viajes y reuniones clave que podr\u00edan marcar un hito para el pa\u00eds y su sector empresarial.<\/p>\n<p>Cada cita y encuentro se sostiene bajo la premisa de abrir nuevas puertas al comercio y la inversi\u00f3n. A medida que este l\u00edder se prepara para interactuar con colegas de diferentes partes del mundo, se respira un aire de expectativa a nivel nacional. La b\u00fasqueda de fortalecer v\u00ednculos, atraer inversiones y fomentar el crecimiento sostenible se presenta como un objetivo primordial en una \u00e9poca en la que el turismo se recupera lentamente, pero con grandes promesas para el futuro.<\/p>\n<p>Uno de los aspectos m\u00e1s destacados de esta agenda es el entendimiento de que el turismo no es solo un sector econ\u00f3mico, sino un puente que une culturas, fomenta el entendimiento mutuo y enriquece las experiencias de quienes deciden explorar nuevas tierras. A trav\u00e9s de di\u00e1logos con importantes figuras de diferentes naciones, se espera que se puedan aterrizar acuerdos que no solo beneficien al sector a\u00e9reo y hotelero, sino tambi\u00e9n a los emprendedores locales, quienes podr\u00e1n ver en esta apertura internacional una nueva esperanza para desarrollar sus iniciativas.<\/p>\n<p>Cada viaje est\u00e1 impregnado de una intenci\u00f3n clara: ofrecer a los empresarios nacionales un entorno propicio para innovar y prosperar. En este sentido, se vislumbran colaboraciones estrat\u00e9gicas con potenciales inversores, que no solo aportar\u00e1n capital, sino tambi\u00e9n conocimientos y tecnolog\u00edas que pueden revolucionar la forma en la que se vive el turismo en Argentina. Con el paisaje cultural del pa\u00eds como tel\u00f3n de fondo, la creaci\u00f3n de un ecosistema favorable para el turismo se convierte en una prioridad, donde no solo se trata de atraer visitantes, sino de ofrecerles experiencias memorables e inolvidables.<\/p>\n<p>M\u00e1s all\u00e1 de lo econ\u00f3mico, estos encuentros buscan tambi\u00e9n proyectar una imagen renovadora y positiva del pa\u00eds en el extranjero. Aprovechando los recursos \u00fanicos que posee Argentina, como paisajes asombrosos, una rica historia y una diversidad cultural sin igual, se abre la puerta para que el turismo se convierta en uno de los pilares del desarrollo sostenible.<\/p>\n<p>La temporada que se avecina se pinta con grandes posibilidades, donde cada reuni\u00f3n, cada conversaci\u00f3n y cada acuerdo tiene el potencial de generar un impacto duradero. Los viajeros, conscientes de la importancia de una econom\u00eda interconectada y colaborativa, podr\u00edan apuntar hacia Argentina como un destino que no solo es hermoso y diverso, sino que se encuentra en un camino de crecimiento y transformaci\u00f3n.<\/p>\n<p>A medida que las semanas avanzan, todos los ojos estar\u00e1n puestos en las decisiones que se tomen y en c\u00f3mo influir\u00e1n en el sector tur\u00edstico. La historia de un pa\u00eds en recuperaci\u00f3n se escribe en cada encuentro, donde el turismo se reafirma como un motor propulsor de desarrollo econ\u00f3mico y cultural. Sin duda, la proyecci\u00f3n de Argentina est\u00e1 en marcha, lista para abrir sus brazos al mundo.<\/p>\n<p><em> &#8221; Fuentes diarioneuquino.com.ar &#8221; <\/em><\/p>\n","protected":false},"excerpt":{"rendered":"<p>Viajando hacia el Futuro: La Agenda Internacional de un Nuevo Liderazgo En un mundo cada vez m\u00e1s interconectado, el turismo y las relaciones internacionales juegan un papel crucial en la promoci\u00f3n del desarrollo econ\u00f3mico y el fortalecimiento de lazos culturales. En este contexto, la reciente agenda internacional de un destacado l\u00edder argentino trae consigo vibrantes [&hellip;]<\/p>\n","protected":false},"author":4,"featured_media":1205166,"comment_status":"open","ping_status":"closed","sticky":false,"template":"","format":"standard","meta":{"om_disable_all_campaigns":false,"jnews-multi-image_gallery":[],"jnews_single_post":[],"jnews_primary_category":[],"jnews_social_meta":[],"footnotes":""},"categories":[39],"tags":[768,715,36456,546,144446,296090,220718,545],"class_list":["post-1205165","post","type-post","status-publish","format-standard","has-post-thumbnail","hentry","category-viajes","tag-argentina","tag-economia","tag-milei","tag-politica","tag-reuniones-internacionales","tag-sector-empresario","tag-semana-clave","tag-viajes"],"_links":{"self":[{"href":"https:\/\/dimensionturistica.com\/es\/wp-json\/wp\/v2\/posts\/1205165","targetHints":{"allow":["GET"]}}],"collection":[{"href":"https:\/\/dimensionturistica.com\/es\/wp-json\/wp\/v2\/posts"}],"about":[{"href":"https:\/\/dimensionturistica.com\/es\/wp-json\/wp\/v2\/types\/post"}],"author":[{"embeddable":true,"href":"https:\/\/dimensionturistica.com\/es\/wp-json\/wp\/v2\/users\/4"}],"replies":[{"embeddable":true,"href":"https:\/\/dimensionturistica.com\/es\/wp-json\/wp\/v2\/comments?post=1205165"}],"version-history":[{"count":1,"href":"https:\/\/dimensionturistica.com\/es\/wp-json\/wp\/v2\/posts\/1205165\/revisions"}],"predecessor-version":[{"id":1205167,"href":"https:\/\/dimensionturistica.com\/es\/wp-json\/wp\/v2\/posts\/1205165\/revisions\/1205167"}],"wp:featuredmedia":[{"embeddable":true,"href":"https:\/\/dimensionturistica.com\/es\/wp-json\/wp\/v2\/media\/1205166"}],"wp:attachment":[{"href":"https:\/\/dimensionturistica.com\/es\/wp-json\/wp\/v2\/media?parent=1205165"}],"wp:term":[{"taxonomy":"category","embeddable":true,"href":"https:\/\/dimensionturistica.com\/es\/wp-json\/wp\/v2\/categories?post=1205165"},{"taxonomy":"post_tag","embeddable":true,"href":"https:\/\/dimensionturistica.com\/es\/wp-json\/wp\/v2\/tags?post=1205165"}],"curies":[{"name":"wp","href":"https:\/\/api.w.org\/{rel}","templated":true}]}}