{"id":1205153,"date":"2026-08-30T22:51:14","date_gmt":"2026-08-30T22:51:14","guid":{"rendered":"https:\/\/dimensionturistica.com\/es\/?p=1205153"},"modified":"2026-08-30T22:51:14","modified_gmt":"2026-08-30T22:51:14","slug":"conversacion-con-alice-escritora-traductora-y-activista-por-los-derechos-humanos-desde-palestina","status":"publish","type":"post","link":"https:\/\/dimensionturistica.com\/es\/conversacion-con-alice-escritora-traductora-y-activista-por-los-derechos-humanos-desde-palestina\/","title":{"rendered":"Conversaci\u00f3n con Alice: Escritora, Traductora y Activista por los Derechos Humanos desde Palestina"},"content":{"rendered":"<p><strong>Palestina en Verso: Un Viaje a Trav\u00e9s de la Poes\u00eda y la Resiliencia<\/strong><\/p>\n<p>En el vasto mundo de la literatura, hay voces que emergen con una fuerza indescriptible, llev\u00e1ndonos a trav\u00e9s de paisajes tanto internos como externos. Entre estas voces se encuentra una poetisa que ha hecho de su vida un viaje de resiliencia, exploraci\u00f3n y profundo amor por la belleza de las palabras. Esta artista, originaria de Palestina, ha dedicado su vida a conectar su identidad cultural con sus experiencias personales a trav\u00e9s de la poes\u00eda y la traducci\u00f3n.<\/p>\n<p>La poes\u00eda, para ella, es un puente que une corazones y culturas. En un mundo donde a menudo prevalecen las diferencias, ella utiliza su arte para tejer historias que resuenan a nivel humano, transcendentales a la geograf\u00eda que las origina. Sus versos no solo son un reflejo de su vida en Palestina, sino tambi\u00e9n una ventana abierta hacia el entendimiento intercultural.<\/p>\n<p>Cada viaje que emprende es una oportunidad para descubrir no solo nuevos horizontes, sino tambi\u00e9n para reencontrarse con su propia esencia. En sus traves\u00edas, ha podido experimentar diferentes realidades, interaccionar con diversas comunidades y, sobre todo, compartir su narrativa a trav\u00e9s de la palabra. Esta interacci\u00f3n ha sido clave para su proceso creativo, enriqueciendo su obra con matices que claramente reflejan las complejidades del ser humano.<\/p>\n<p>Uno de los aspectos m\u00e1s destacados de su recorrido es la traducci\u00f3n. La poetisa se ha convertido en puente entre idiomas y culturas, labor que considera fundamental en su misi\u00f3n de llevar su mensaje al mundo. La traducci\u00f3n, para ella, no es una simple transcripci\u00f3n de palabras; es una forma de conectar historias y corazones, de abrir espacios donde el di\u00e1logo y la comprensi\u00f3n puedan florecer. La diversidad cultural se torna en una fuente de inspiraci\u00f3n, y su obra estimula a otros a explorar los matices de sus propias historias y tradiciones.<\/p>\n<p>Adem\u00e1s de su incursi\u00f3n en la poes\u00eda y la traducci\u00f3n, su vida refleja un firme compromiso con la resiliencia. En un contexto lleno de desaf\u00edos, ha encontrado en la creaci\u00f3n un refugio y una forma de resistencia. La adversidad, lejos de silenciar su voz, ha potenciado su voluntad de expresar y explorar la belleza que persiste incluso en los momentos m\u00e1s oscuros.<\/p>\n<p>Visitar Palestina a trav\u00e9s de su poes\u00eda es sumergirse en un universo rico en historia, emociones y paisajes cautivadores. En cada l\u00ednea, el lector es transportado a las barreras y los puentes que ha construido en su vida, a las luchas cotidianas y las alegr\u00edas ef\u00edmeras que la vida ofrece. Sus palabras invitan a reflexionar sobre el significado del hogar, la pertenencia y el amor en todas sus formas.<\/p>\n<p>Al compartir su viaje, la poetisa no solo busca ser una voz desde Palestina, sino tambi\u00e9n un testimonio de la capacidad humana para encontrar belleza y fuerza en la vulnerabilidad. A trav\u00e9s de su obra, nos ense\u00f1a que cada historia merece ser contada y que, en cada rinc\u00f3n del mundo, hay relatos esperando ser narrados.<\/p>\n<p>As\u00ed, cada poema se convierte en una invitaci\u00f3n a viajar, no solo hacia un lugar f\u00edsico, sino a un espacio donde la comprensi\u00f3n y la empat\u00eda prevalecen. La poes\u00eda y el viaje se entrelazan, creando una experiencia que va m\u00e1s all\u00e1 de las palabras, convirti\u00e9ndose en una celebraci\u00f3n de la vida, la cultura, y la profundidad de la experiencia humana. En esta traves\u00eda \u00fanica, la poetisa se erige como un faro de esperanza, mostrando que, a\u00fan en tiempos dif\u00edciles, el arte y la resiliencia pueden abrir puertas y construir puentes hacia un futuro m\u00e1s luminoso.<\/p>\n<p><em> &#8221; Fuentes www.todoliteratura.es &#8221; <\/em><\/p>\n","protected":false},"excerpt":{"rendered":"<p>Palestina en Verso: Un Viaje a Trav\u00e9s de la Poes\u00eda y la Resiliencia En el vasto mundo de la literatura, hay voces que emergen con una fuerza indescriptible, llev\u00e1ndonos a trav\u00e9s de paisajes tanto internos como externos. Entre estas voces se encuentra una poetisa que ha hecho de su vida un viaje de resiliencia, exploraci\u00f3n [&hellip;]<\/p>\n","protected":false},"author":4,"featured_media":1205154,"comment_status":"open","ping_status":"closed","sticky":false,"template":"","format":"standard","meta":{"om_disable_all_campaigns":false,"jnews-multi-image_gallery":[],"jnews_single_post":[],"jnews_primary_category":[],"jnews_social_meta":[],"footnotes":""},"categories":[39],"tags":[291344,5008,2233,274854,7273,2387,60121,877,15144,26021,120636],"class_list":["post-1205153","post","type-post","status-publish","format-standard","has-post-thumbnail","hentry","category-viajes","tag-alice","tag-derechos-humanos","tag-entrevista","tag-escritura-creativa","tag-idiomas","tag-literatura","tag-palestina","tag-poesia","tag-poeta","tag-traduccion","tag-traductora"],"_links":{"self":[{"href":"https:\/\/dimensionturistica.com\/es\/wp-json\/wp\/v2\/posts\/1205153","targetHints":{"allow":["GET"]}}],"collection":[{"href":"https:\/\/dimensionturistica.com\/es\/wp-json\/wp\/v2\/posts"}],"about":[{"href":"https:\/\/dimensionturistica.com\/es\/wp-json\/wp\/v2\/types\/post"}],"author":[{"embeddable":true,"href":"https:\/\/dimensionturistica.com\/es\/wp-json\/wp\/v2\/users\/4"}],"replies":[{"embeddable":true,"href":"https:\/\/dimensionturistica.com\/es\/wp-json\/wp\/v2\/comments?post=1205153"}],"version-history":[{"count":1,"href":"https:\/\/dimensionturistica.com\/es\/wp-json\/wp\/v2\/posts\/1205153\/revisions"}],"predecessor-version":[{"id":1205155,"href":"https:\/\/dimensionturistica.com\/es\/wp-json\/wp\/v2\/posts\/1205153\/revisions\/1205155"}],"wp:featuredmedia":[{"embeddable":true,"href":"https:\/\/dimensionturistica.com\/es\/wp-json\/wp\/v2\/media\/1205154"}],"wp:attachment":[{"href":"https:\/\/dimensionturistica.com\/es\/wp-json\/wp\/v2\/media?parent=1205153"}],"wp:term":[{"taxonomy":"category","embeddable":true,"href":"https:\/\/dimensionturistica.com\/es\/wp-json\/wp\/v2\/categories?post=1205153"},{"taxonomy":"post_tag","embeddable":true,"href":"https:\/\/dimensionturistica.com\/es\/wp-json\/wp\/v2\/tags?post=1205153"}],"curies":[{"name":"wp","href":"https:\/\/api.w.org\/{rel}","templated":true}]}}