{"id":120476,"date":"2021-05-03T12:06:23","date_gmt":"2021-05-03T12:06:23","guid":{"rendered":"https:\/\/dimensionturistica.com\/es\/?p=120476"},"modified":"2021-05-03T12:06:24","modified_gmt":"2021-05-03T12:06:24","slug":"nuevas-medidas-economicas-en-junin-diario-democracia","status":"publish","type":"post","link":"https:\/\/dimensionturistica.com\/es\/nuevas-medidas-economicas-en-junin-diario-democracia\/","title":{"rendered":"Nuevas medidas econ\u00f3micas en Jun\u00edn \u2022 Diario Democracia"},"content":{"rendered":"<p> <br \/>\n<\/p>\n<div>\n<p>El intendente <strong>Pablo Petrecca<\/strong> anunci\u00f3 ayer una serie de <strong>medidas <\/strong>que buscar\u00e1n acompa\u00f1ar a los distintos sectores de la ciudad que se ven afectados por la situaci\u00f3n de la <strong>pandemia<\/strong>.<br \/>&#13;<br \/>\nDada la situaci\u00f3n epidemiol\u00f3gica precise y ante el escenario de nuevas <strong>restricciones<\/strong> en el \u00e1mbito de la provincia de Buenos Aires, el intendente, Pablo Petrecca, dispuso nuevas medidas de acompa\u00f1amiento para los sectores m\u00e1s afectados.\u00a0<br \/>&#13;<br \/>\nSe trata de la<strong> eximici\u00f3n de tasas<\/strong> para rubros vinculados al esparcimiento; <strong>microcr\u00e9ditos <\/strong>especiales para gastron\u00f3micos; moratorias y<strong> reducci\u00f3n de tasas <\/strong>para rubros relacionados al deporte y la actividad f\u00edsica.\u00a0<br \/>&#13;<br \/>\nAdem\u00e1s, se suspender\u00e1 el cobro del <strong>estacionamiento medido <\/strong>en la zona 2 y habr\u00e1 una <strong>recategorizaci\u00f3n <\/strong>para enfermeros municipales.\u00a0<\/p>\n<p><strong>Medidas<\/strong><br \/><strong>&#8220;Lamentablemente, hoy estamos nuevamente hablando de restricciones porque no se logr\u00f3 avanzar con el plan de vacunaci\u00f3n, tal como lo hab\u00eda prometido el presidente&#8221;<\/strong>, dijo Petrecca y agreg\u00f3:\u00a0 &#8220;Transitando m\u00e1s de un a\u00f1o de la pandemia y de la extensa cuarentena sufrida por todos los argentinos, entendemos que el camino pasa por avanzar lo antes posible con la vacunaci\u00f3n de toda la poblaci\u00f3n, en especial y como prioridad de aquellos que son de riesgo&#8221;.<br \/>&#13;<br \/>\nAsimismo, reiter\u00f3 que tambi\u00e9n es basic <strong>&#8220;seguir incrementando los testeos, aislar r\u00e1pidamente, concientizar y hacer cumplir cada uno de los protocolos que fueron establecidos para las distintas actividades econ\u00f3micas&#8221;.\u00a0<\/strong><br \/>&#13;<br \/>\nRespecto de las medidas para acompa\u00f1ar a los sectores productivos m\u00e1s perjudicados, el intendente detall\u00f3: &#8220;Habr\u00e1 una eximici\u00f3n de tasas del 100% para las actividades de eventos, salones de fiestas, cines, guarder\u00edas infantiles, confiter\u00edas bailables, salones de juegos electr\u00f3nicos, agencias de viaje, gastron\u00f3micos; restaurantes, resto pub, birrer\u00edas, hoteles&#8221;.<br \/>&#13;<br \/>\nAsimismo, inform\u00f3 que tambi\u00e9n<strong> &#8220;habr\u00e1 una eximici\u00f3n de hasta el 60% para las actividades de gimnasios, natatorios, escuelas de danza, canchas de f\u00fatbol 5 y paddle&#8221;.<\/strong><br \/>&#13;<br \/>\n&#8220;Tambi\u00e9n lanzaremos una moratoria, con importantes beneficios y descuentos para los sectores m\u00e1s perjudicados&#8221;.<br \/>&#13;<br \/>\nEntre las medidas, Petrecca anunci\u00f3: &#8220;Estamos lanzando tambi\u00e9n microcr\u00e9ditos especiales vinculados al sector gastron\u00f3mico, destinados a la compra de calefactores e instalaciones para el uso del espacio p\u00fablico en los parklets durante el invierno y ampliamos los montos otorgados en microcr\u00e9ditos vinculados al sector de eventos&#8221;.<\/p>\n<p><strong>Estacionamiento\u00a0medido y sector\u00a0de la salud<\/strong><br \/>&#13;<br \/>\nA su vez, Petrecca confirm\u00f3 que se suspende el cobro del estacionamiento medido para la zona 2.<br \/>&#13;<br \/>\n&#8220;Por otro lado, suspenderemos por tres meses el cobro del Estacionamiento Medido de la zona 2,\u00a0 que pasar\u00e1 a ser libre y gratuito\u201d.<br \/>&#13;<br \/>\nAdem\u00e1s,<strong> continuar\u00e1n con \u201cel programa de acompa\u00f1amiento al sector cultural, con ayudas econ\u00f3micas y el programa de mecenazgo&#8221;.\u00a0<\/strong><br \/>&#13;<br \/>\nPor \u00faltimo, el intendente manifest\u00f3 que, \u201ccomo nuevo reconocimiento al sector de salud del municipio y tal como se viene avanzando en la mejora salarial, en di\u00e1logo con los gremios es que en este mes de mayo, se estar\u00e1 realizando la recategorizaci\u00f3n de todos los enfermeros pertenecientes a las unidades sanitarias y que en junio se estar\u00e1 reforzando con un importante bono perteneciente a los fondos recibidos por los distintos programas sanitarios\u201d.\u00a0<br \/>&#13;<br \/>\nAsimismo, confirm\u00f3 la continuidad del <strong>Centro Extrahospitalario Pioneer <\/strong>y la realizaci\u00f3n de <strong>testeos r\u00e1pidos municipales <\/strong>de lunes a viernes.<\/p>\n<\/p><\/div>\n<p><script>\n      !function(f,b,e,v,n,t,s)\n      {if(f.fbq)return;n=f.fbq=function(){n.callMethod?\n      n.callMethod.apply(n,arguments):n.queue.push(arguments)};\n      if(!f._fbq)f._fbq=n;n.push=n;n.loaded=!0;n.version='2.0';\n      n.queue=[];t=b.createElement(e);t.async=!0;\n      t.src=v;s=b.getElementsByTagName(e)[0];\n      s.parentNode.insertBefore(t,s)}(window, document,'script',\n      'https:\/\/connect.facebook.net\/en_US\/fbevents.js');\n      fbq('init', '417742019389522');\n      fbq('track', 'PageView');\n    <\/script><script>(function(d, s, id) {\n      var js, fjs = d.getElementsByTagName(s)[0];\n      if (d.getElementById(id)) return;\n      js = d.createElement(s); js.id = id;\n      js.src = \"https:\/\/connect.facebook.net\/es_LA\/sdk.js#xfbml=1&version=v2.8&appId=1304808662939486\";\n      fjs.parentNode.insertBefore(js, fjs);\n    }(document, 'script', 'facebook-jssdk'));<\/script><br \/>\n<br \/><\/p>\n<p><em> &#8221; Fuentes www.diariodemocracia.com &#8221; <\/em><\/p>\n","protected":false},"excerpt":{"rendered":"<p>El intendente Pablo Petrecca anunci\u00f3 ayer una serie de medidas que buscar\u00e1n acompa\u00f1ar a los distintos sectores de la ciudad que se ven afectados por la situaci\u00f3n de la pandemia.&#13; Dada la situaci\u00f3n epidemiol\u00f3gica precise y ante el escenario de nuevas restricciones en el \u00e1mbito de la provincia de Buenos Aires, el intendente, Pablo Petrecca, [&hellip;]<\/p>\n","protected":false},"author":4,"featured_media":120477,"comment_status":"open","ping_status":"closed","sticky":false,"template":"","format":"standard","meta":{"om_disable_all_campaigns":false,"jnews-multi-image_gallery":[],"jnews_single_post":[],"jnews_primary_category":[],"jnews_social_meta":[],"footnotes":""},"categories":[40],"tags":[],"class_list":["post-120476","post","type-post","status-publish","format-standard","has-post-thumbnail","hentry","category-industria"],"_links":{"self":[{"href":"https:\/\/dimensionturistica.com\/es\/wp-json\/wp\/v2\/posts\/120476","targetHints":{"allow":["GET"]}}],"collection":[{"href":"https:\/\/dimensionturistica.com\/es\/wp-json\/wp\/v2\/posts"}],"about":[{"href":"https:\/\/dimensionturistica.com\/es\/wp-json\/wp\/v2\/types\/post"}],"author":[{"embeddable":true,"href":"https:\/\/dimensionturistica.com\/es\/wp-json\/wp\/v2\/users\/4"}],"replies":[{"embeddable":true,"href":"https:\/\/dimensionturistica.com\/es\/wp-json\/wp\/v2\/comments?post=120476"}],"version-history":[{"count":0,"href":"https:\/\/dimensionturistica.com\/es\/wp-json\/wp\/v2\/posts\/120476\/revisions"}],"wp:featuredmedia":[{"embeddable":true,"href":"https:\/\/dimensionturistica.com\/es\/wp-json\/wp\/v2\/media\/120477"}],"wp:attachment":[{"href":"https:\/\/dimensionturistica.com\/es\/wp-json\/wp\/v2\/media?parent=120476"}],"wp:term":[{"taxonomy":"category","embeddable":true,"href":"https:\/\/dimensionturistica.com\/es\/wp-json\/wp\/v2\/categories?post=120476"},{"taxonomy":"post_tag","embeddable":true,"href":"https:\/\/dimensionturistica.com\/es\/wp-json\/wp\/v2\/tags?post=120476"}],"curies":[{"name":"wp","href":"https:\/\/api.w.org\/{rel}","templated":true}]}}