{"id":120462,"date":"2021-05-03T11:42:12","date_gmt":"2021-05-03T11:42:12","guid":{"rendered":"https:\/\/dimensionturistica.com\/es\/?p=120462"},"modified":"2021-05-03T11:42:12","modified_gmt":"2021-05-03T11:42:12","slug":"un-empleado-de-una-farmacia-de-el-ejido-falsifica-pcrs-a-marroquies-para-viajar","status":"publish","type":"post","link":"https:\/\/dimensionturistica.com\/es\/un-empleado-de-una-farmacia-de-el-ejido-falsifica-pcrs-a-marroquies-para-viajar\/","title":{"rendered":"Un empleado de una farmacia de El Ejido falsifica PCRs a marroqu\u00edes para viajar"},"content":{"rendered":"<p> <br \/>\n<\/p>\n<p>\n          <span class=\"author mr-3\">La Voz<\/span><br \/>\n          <span class=\"datetime\"><\/p>\n<p>              <strong>10:47 \u2022 03 might. 2021<\/strong><\/p>\n<p>          <\/span>\n        <\/p>\n<div id=\"annotation-post-content\">\n<p><b>Agentes de la Polic\u00eda Nacional han detenido al empleado de una farmacia de El Ejido<\/b>, quien a cambio de una cantidad econ\u00f3mica hac\u00eda <b>entrega de documentos PCRs falsos\u00a0<\/b>con los que poder viajar al extranjero.<\/p>\n<p><b>La obligatoriedad de un resultado negativo en RT-PCR de COVID 19, realizado en las 72 horas previas a la entrada en uno de los pa\u00edses en situaci\u00f3n de pandemia, hab\u00eda<\/b> generado sospechas en la Polic\u00eda Nacional, acerca de un<b> mercado negro<\/b> en el cu\u00e1l se pod\u00edan conseguir los mismos a cambio de una cantidad econ\u00f3mica.<\/p>\n<p>La Comisar\u00eda de El Ejido puso en marcha la<b> &#8216;Operaci\u00f3n Farmacia&#8217; <\/b>el pasado d\u00eda 20 de abril, al tener la constancia de la <b>existencia de este mercado il\u00edcito en torno a una botica de la ciudad.<\/b><\/p>\n<p><!-- tagger[ROS_INARTICLE] dfp[\/21665594069\/LVA_ROS_video_inarticle] --><\/p>\n<p>Las pesquisas policiales descubrieron como en la misma<b> se realizaban check de ant\u00edgenos, check de anticuerpos y pruebas PCR<\/b>, estas \u00faltimas derivadas a un laboratorio en Hospitalet de Llobregat, quien analizaba las muestras y emit\u00eda un informe.<\/p>\n<p><b>Uno de los empleados de la farmacia<\/b>, y actuando en solitario, cre\u00f3 un entramado bastante sofisticado para la captaci\u00f3n de clientes y camuflaje de la comisi\u00f3n del hecho delictivo, con el \u00fanico fin de enriquecerse.<\/p>\n<p><!-- tagger[BANNER_250_1] dfp[\/21665594069\/LVA_ROS_Native] --><\/p>\n<p><span class=\"text_destacado\">130 euros por PCR falsa<\/span><\/p>\n<p>Vali\u00e9ndose del conocimiento del idioma \u00e1rabe, y aprovechando su trabajo en la farmacia, <b>accedi\u00f3 al ordenador del laboratorio donde se encontraban los documentos originales y falsific\u00f3 los mismos<\/b>, modificando el nombre del paciente, quien pod\u00eda darse el caso de que hubiese realizado un check de ant\u00edgenos, check de anticuerpos o, simplemente, una entrevista para conocer su estado de salud.<\/p>\n<p><b>Por dicha falsificaci\u00f3n cobraba en torno a 130 euros<\/b>, una cantidad que pod\u00eda ser variable en funci\u00f3n de la capacidad econ\u00f3mica del viajero.<\/p>\n<p>Paralelamente, <b>el detenido cre\u00f3 su propio negocio en el que tramitaba billetes de avi\u00f3n para viajar al extranjero<\/b>, desde donde derivaba a sus clientes a la farmacia donde \u00e9l trabajaba y as\u00ed poder emitir los documentos sanitarios falsos.<\/p>\n<p>Hasta el momento, <b>la Polic\u00eda Nacional en el Ejido ha detectado siete casos en los cuales han sido presentadas pruebas PCR falsas para viajes con destino Marruecos<\/b>, manteni\u00e9ndose la investigaci\u00f3n abierta ante la aparici\u00f3n de nuevos casos.<\/p>\n<p><b>El detenido de 24 a\u00f1os de edad ha sido puesto a disposici\u00f3n judicial <\/b>acusado de un delito de falsedad documental.<\/p>\n<\/p><\/div>\n\n<p><em> &#8221; Fuentes www.lavozdealmeria.com &#8221; <\/em><\/p>\n","protected":false},"excerpt":{"rendered":"<p>La Voz 10:47 \u2022 03 might. 2021 Agentes de la Polic\u00eda Nacional han detenido al empleado de una farmacia de El Ejido, quien a cambio de una cantidad econ\u00f3mica hac\u00eda entrega de documentos PCRs falsos\u00a0con los que poder viajar al extranjero. La obligatoriedad de un resultado negativo en RT-PCR de COVID 19, realizado en las [&hellip;]<\/p>\n","protected":false},"author":4,"featured_media":120362,"comment_status":"open","ping_status":"closed","sticky":false,"template":"","format":"standard","meta":{"om_disable_all_campaigns":false,"jnews-multi-image_gallery":[],"jnews_single_post":[],"jnews_primary_category":[],"jnews_social_meta":[],"footnotes":""},"categories":[40],"tags":[],"class_list":["post-120462","post","type-post","status-publish","format-standard","has-post-thumbnail","hentry","category-industria"],"_links":{"self":[{"href":"https:\/\/dimensionturistica.com\/es\/wp-json\/wp\/v2\/posts\/120462","targetHints":{"allow":["GET"]}}],"collection":[{"href":"https:\/\/dimensionturistica.com\/es\/wp-json\/wp\/v2\/posts"}],"about":[{"href":"https:\/\/dimensionturistica.com\/es\/wp-json\/wp\/v2\/types\/post"}],"author":[{"embeddable":true,"href":"https:\/\/dimensionturistica.com\/es\/wp-json\/wp\/v2\/users\/4"}],"replies":[{"embeddable":true,"href":"https:\/\/dimensionturistica.com\/es\/wp-json\/wp\/v2\/comments?post=120462"}],"version-history":[{"count":0,"href":"https:\/\/dimensionturistica.com\/es\/wp-json\/wp\/v2\/posts\/120462\/revisions"}],"wp:featuredmedia":[{"embeddable":true,"href":"https:\/\/dimensionturistica.com\/es\/wp-json\/wp\/v2\/media\/120362"}],"wp:attachment":[{"href":"https:\/\/dimensionturistica.com\/es\/wp-json\/wp\/v2\/media?parent=120462"}],"wp:term":[{"taxonomy":"category","embeddable":true,"href":"https:\/\/dimensionturistica.com\/es\/wp-json\/wp\/v2\/categories?post=120462"},{"taxonomy":"post_tag","embeddable":true,"href":"https:\/\/dimensionturistica.com\/es\/wp-json\/wp\/v2\/tags?post=120462"}],"curies":[{"name":"wp","href":"https:\/\/api.w.org\/{rel}","templated":true}]}}