{"id":120408,"date":"2021-05-03T10:21:12","date_gmt":"2021-05-03T10:21:12","guid":{"rendered":"https:\/\/dimensionturistica.com\/es\/?p=120408"},"modified":"2021-05-03T10:21:12","modified_gmt":"2021-05-03T10:21:12","slug":"alava-viaja-por-espana-para-atraer-turistas","status":"publish","type":"post","link":"https:\/\/dimensionturistica.com\/es\/alava-viaja-por-espana-para-atraer-turistas\/","title":{"rendered":"\u00c1lava viaja por Espa\u00f1a para atraer turistas"},"content":{"rendered":"<p> <br \/>\n<\/p>\n<div>\n<p><strong>\u00c1lava busca turistas que quieran conocernos<\/strong>. Los busca en el mercado nacional, y por eso ir\u00e1 all\u00ed donde ellos est\u00e1n. \u201cVen a viajar\u201d es una campa\u00f1a que recorrer\u00e1 desde la semana pr\u00f3xima las principales ciudades espa\u00f1olas.<\/p>\n<p>Un viaje para presentar \u00c1lava a agencias de viaje, touroperadores y prensa especializada. El departamento de Turismo visitar\u00e1 en mayo y junio <strong>Madrid, Barcelona, Valencia, Sevilla, M\u00e1laga, Zaragoza, Bilbao, Valladolid y Logro\u00f1o<\/strong>. Estas ciudades suponen gran parte del turismo que viene a \u00c1lava: son destinos de Ryanair con Foronda y ciudades muy cercanas y un p\u00fablico muy interesado en Euskadi.<\/p>\n<div class=\"solo-movil\" style=\"max-width: 450px; padding: 5px 5px 5px 0; margin-right: 0;\">\n<div class=\"textwidget\">\n\t\t<amp-layout data-skip-lazy=\"\" data-vars-event-category=\"banner-ecoisola\" id=\"BannerSegundoParrafoImpresiones\"><br \/>\n\t\t\t<a rel=\"nofollow noopener\" target=\"_blank\" class=\"nota\" data-vars-event-category=\"banner-ecoisola\" id=\"BannerSegundoParrafoClics\" href=\"https:\/\/www.ecoisola.es\/\"><img decoding=\"async\" width=\"400\" height=\"400\" alt=\"banner-ecoisola\" id=\"trackSegundoParrafo\" src=\"https:\/\/www.gasteizhoy.com\/wp-content\/uploads\/2020\/11\/Banner-Ecoisola-empresa-aislamiento-vitoria.gif\"\/><br \/>\n\t\t<\/a><\/amp-layout><\/p>\n<\/div><\/div>\n<p>El Estado de Alarma se levantar\u00e1 el 9 de mayo, y desde entonces se levantar\u00e1 tambi\u00e9n la movilidad por Espa\u00f1a, pese al <a rel=\"nofollow noopener\" target=\"_blank\" href=\"https:\/\/www.gasteizhoy.com\/el-gobierno-vasco-insiste-en-mantener-el-confinamiento-tras-el-9-de-mayo\/\">rechazo de I\u00f1igo Urkullu<\/a>.<\/p>\n<p>\u201cVamos a presentar \u00c1lava como <strong>un destino seguro que se vive, se siente y se saborea<\/strong> a trav\u00e9s de un sinf\u00edn de actividades y experiencias ligadas a nuestra naturaleza, nuestro patrimonio y nuestra enogastronom\u00eda. Un destino pensado m\u00e1s para el viajero que sabe disfrutar sin prisa del entorno y la cultura que lo envuelve que para el turista\u201d, ha explicado Cristina Gonz\u00e1lez.<\/p>\n<blockquote>\n<p>En oto\u00f1o touroperadores, periodistas y boogueros viajar\u00e1n a \u00c1lava en un fam journey<\/p>\n<div class=\"solo-movil\" style=\"max-width: 450px; padding: 5px 5px 5px 0; margin-right: 0;\">\n<div class=\"textwidget\">\n\t\t<amp-layout data-skip-lazy=\"\" data-vars-event-category=\"banner-Hyundai-Autolasa\" id=\"BannerQuintoParrafoImpresiones\"><br \/>\n\t\t\t<a rel=\"nofollow noopener\" target=\"_blank\" class=\"nota\" data-vars-event-category=\"banner-Hyundai-Autolasa\" id=\"BannerQuintoParrafoClics\" href=\"https:\/\/www.hyundai.es\/concesionarios\/autolasa\/gama-kona\"><img decoding=\"async\" width=\"400\" height=\"400\" alt=\"banner-Hyundai-Autolasa\" id=\"trackQuintoParrafo\" src=\"https:\/\/www.gasteizhoy.com\/wp-content\/uploads\/2021\/02\/Banner-Kona-electrico-hibrido-hyundai-vitoria.gif\"\/><br \/>\n\t\t<\/a><\/amp-layout><\/p>\n<\/div><\/div>\n<\/blockquote>\n<p>La presentaci\u00f3n \u2018in situ\u2019 de la oferta tur\u00edstica de \u00c1lava en nueve ciudades espa\u00f1olas se completar\u00e1 con la organizaci\u00f3n en oto\u00f1o de un fam journey o viaje de familiarizaci\u00f3n de varios d\u00edas de duraci\u00f3n con la participaci\u00f3n de agentes de viaje, touroperadores y periodistas y blogueros\/as de viajes con el objetivo de \u201cafianzar a estos <strong>prescriptores privilegiados facilit\u00e1ndoles la oportunidad de vivir, sentir y saborear<\/strong> \u00c1lava en primera persona\u201d.<\/p>\n<h2>Los tesoros de \u00c1lava<\/h2>\n<p>\u201cVamos a presentar \u00c1lava como un territorio singular que esconde muchos secretos que merecen ser conocidos con tranquilidad, y como un destino pensado m\u00e1s para el viajero que para el turista. Porque \u00c1lava se ve, s\u00ed, pero sobre todo se vive, se siente, se saborea y, a diferencia de otros destinos con una oferta m\u00e1s dirigida, permite disfrutarse en libertad. <strong>Vamos a persuadir a agentes, touroperadores y prensa de que \u00c1lava es el destino ideal para quien busque viajar con may\u00fasculas<\/strong>\u201d, ha dicho.<\/p>\n<p>El declare de la campa\u00f1a, \u201cVen a viajar\u201d, se desplegar\u00e1 en las presentaciones a trav\u00e9s de una amplia oferta basada en recursos, actividades y experiencias vinculadas a la naturaleza (<strong>parques naturales, playas de inside, Jard\u00edn Bot\u00e1nico de Santa Catalina<\/strong>\u2026), el patrimonio (<strong>Catedral, Valle Salado, castillos y torres, conjuntos monumentales, villas amuralladas<\/strong>, and many others.), la enogastronom\u00eda (<strong>bodegas y vinos de Rioja Alavesa y Ayala<\/strong>) y las infraestructuras para congresos del territorio.<\/p>\n<p>La <strong>gastronom\u00eda alavesa<\/strong> ser\u00e1 tambi\u00e9n protagonista en las presentaciones y as\u00ed, cumpliendo todos los protocolos sanitarios y de seguridad, los profesionales del sector tur\u00edstico podr\u00e1n degustar vinos y productos KM0 de \u00c1lava.<\/p>\n<h2>Campa\u00f1a especial<\/h2>\n<p>Cristina Gonz\u00e1lez ha subrayado que se trata de \u201cuna campa\u00f1a especial que responde a una coyuntura tambi\u00e9n especial: la paralizaci\u00f3n, casi total, del turismo de ocio y congresos durante los \u00faltimos catorce meses. Paralizaci\u00f3n que est\u00e1 teniendo un impacto directo en el sector tur\u00edstico alav\u00e9s (alojamientos, agencias de viaje, empresas de turismo activo, gu\u00edas, etc.) y otros como la hosteler\u00eda y el comercio\u201d.<\/p>\n<p>\u201cSomos conscientes de esta situaci\u00f3n y estamos realizando un esfuerzo extraordinario para apoyar al sector tur\u00edstico a trav\u00e9s de ayudas al gasto y la inversi\u00f3n, y mejorar las infraestructuras tur\u00edsticas. Ahora vamos a hacer lo mismo en materia de promoci\u00f3n con una campa\u00f1a potente y ambiciosa dirigida a las principales agencias de viaje, touroperadores y medios de comunicaci\u00f3n especializados de Espa\u00f1a\u201d, ha se\u00f1alado.<\/p>\n<h2>Destino seguro<\/h2>\n<p>La diputada foral ha sostenido que el avance de la vacunaci\u00f3n y el comportamiento responsable de la inmensa mayor\u00eda de la ciudadan\u00eda \u201cdibuja un horizonte de levantamiento progresivo de las restricciones de la movilidad y, por lo tanto, de una reactivaci\u00f3n tambi\u00e9n progresiva del turismo en la segunda parte del a\u00f1o. La reactivaci\u00f3n del sector va estar impulsada por el mercado nacional y el turismo de cercan\u00eda, y queremos que la oferta de \u00c1lava est\u00e9 presente y se beneficie de esta recuperaci\u00f3n\u201d.<\/p>\n<p>Las presentaciones comenzar\u00e1n la pr\u00f3xima semana en Sevilla y M\u00e1laga (11 y 12 de mayo), destinos con enlace de Ryanair. Continuar\u00e1n a finales de mes en Logro\u00f1o y Bilbao (25 y 26 de mayo); y concluir\u00e1n en junio en Madrid, Valencia, Barcelona, Zaragoza y Valladolid\u201d.<\/p>\n<div style=\"text-align: center;\">\n<div style=\"text-align: center;\">\n<div class=\"textwidget\">\n\t\t<a rel=\"nofollow noopener\" target=\"_blank\" href=\"http:\/\/pisosvitoria.com\/pisos-en-venta\/3343-c-paula-montal.html\"><br \/>\n\t\t\t<img decoding=\"async\" width=\"px\" alt=\"banner-pisos-vitoria\" id=\"trackBajoArticulo\" src=\"https:\/\/www.gasteizhoy.com\/wp-content\/uploads\/2021\/04\/3133-Paula-Montal.gif\"\/><br \/>\n\t\t<\/a><\/p>\n<\/div><\/div>\n<\/div>\n<p><!-- BEGIN www.gasteizhoy.com\/nativo --><\/p>\n<p><!-- www.gasteizhoy.com\/nativo --><\/p>\n<p><!-- END www.gasteizhoy.com\/nativo --><\/p>\n<p>\t   <!-- end navigation --><\/p>\n<p>\t<!-- end #comments-area --><\/p><\/div>\n<p><script>(function(d, s, id) {\n  var js, fjs = d.getElementsByTagName(s)[0];\n  if (d.getElementById(id)) return;\n  js = d.createElement(s); js.id = id;\n  js.src = \"https:\/\/connect.facebook.net\/es_ES\/sdk.js#xfbml=1&version=v2.11&appId=109982935814366\";\n  fjs.parentNode.insertBefore(js, fjs);\n  }(document, 'script', 'facebook-jssdk'));<\/script><br \/>\n<br \/><\/p>\n<p><em> &#8221; Fuentes www.gasteizhoy.com &#8221; <\/em><\/p>\n","protected":false},"excerpt":{"rendered":"<p>\u00c1lava busca turistas que quieran conocernos. Los busca en el mercado nacional, y por eso ir\u00e1 all\u00ed donde ellos est\u00e1n. \u201cVen a viajar\u201d es una campa\u00f1a que recorrer\u00e1 desde la semana pr\u00f3xima las principales ciudades espa\u00f1olas. Un viaje para presentar \u00c1lava a agencias de viaje, touroperadores y prensa especializada. El departamento de Turismo visitar\u00e1 en [&hellip;]<\/p>\n","protected":false},"author":4,"featured_media":120409,"comment_status":"open","ping_status":"closed","sticky":false,"template":"","format":"standard","meta":{"om_disable_all_campaigns":false,"jnews-multi-image_gallery":[],"jnews_single_post":[],"jnews_primary_category":[],"jnews_social_meta":[],"footnotes":""},"categories":[40],"tags":[],"class_list":["post-120408","post","type-post","status-publish","format-standard","has-post-thumbnail","hentry","category-industria"],"_links":{"self":[{"href":"https:\/\/dimensionturistica.com\/es\/wp-json\/wp\/v2\/posts\/120408","targetHints":{"allow":["GET"]}}],"collection":[{"href":"https:\/\/dimensionturistica.com\/es\/wp-json\/wp\/v2\/posts"}],"about":[{"href":"https:\/\/dimensionturistica.com\/es\/wp-json\/wp\/v2\/types\/post"}],"author":[{"embeddable":true,"href":"https:\/\/dimensionturistica.com\/es\/wp-json\/wp\/v2\/users\/4"}],"replies":[{"embeddable":true,"href":"https:\/\/dimensionturistica.com\/es\/wp-json\/wp\/v2\/comments?post=120408"}],"version-history":[{"count":0,"href":"https:\/\/dimensionturistica.com\/es\/wp-json\/wp\/v2\/posts\/120408\/revisions"}],"wp:featuredmedia":[{"embeddable":true,"href":"https:\/\/dimensionturistica.com\/es\/wp-json\/wp\/v2\/media\/120409"}],"wp:attachment":[{"href":"https:\/\/dimensionturistica.com\/es\/wp-json\/wp\/v2\/media?parent=120408"}],"wp:term":[{"taxonomy":"category","embeddable":true,"href":"https:\/\/dimensionturistica.com\/es\/wp-json\/wp\/v2\/categories?post=120408"},{"taxonomy":"post_tag","embeddable":true,"href":"https:\/\/dimensionturistica.com\/es\/wp-json\/wp\/v2\/tags?post=120408"}],"curies":[{"name":"wp","href":"https:\/\/api.w.org\/{rel}","templated":true}]}}