{"id":120399,"date":"2021-05-03T10:13:06","date_gmt":"2021-05-03T10:13:06","guid":{"rendered":"https:\/\/dimensionturistica.com\/es\/?p=120399"},"modified":"2021-05-03T10:13:06","modified_gmt":"2021-05-03T10:13:06","slug":"coronavirus-en-espana-en-directo-vacunas-de-janssen-y-astrazeneca-restricciones-y-estado-de-alarma","status":"publish","type":"post","link":"https:\/\/dimensionturistica.com\/es\/coronavirus-en-espana-en-directo-vacunas-de-janssen-y-astrazeneca-restricciones-y-estado-de-alarma\/","title":{"rendered":"Coronavirus en Espa\u00f1a en directo: vacunas de Janssen y AstraZeneca | Restricciones y estado de alarma"},"content":{"rendered":"<p> <br \/>\n<\/p>\n<div>\n<p><strong>LOS VACUNADOS PODR\u00c1N ENTRAR EN LA UNI\u00d3N EUROPA<\/strong><\/p>\n<p>La Comisi\u00f3n Europea (CE)<strong> propuso este lunes que los Estados miembros alivien las restricciones sanitarias para los viajeros no esenciales que entren en la Uni\u00f3n Europea,<\/strong> a tenor del &#8220;progreso de las campa\u00f1as de vacunaci\u00f3n&#8221; y habilitar un &#8220;freno de emergencia&#8221; para nuevas variantes del coronavirus.<\/p>\n<p>El Ejecutivo comunitario aboga por <strong>&#8220;permitir la entrada a la UE por motivos no esenciales no s\u00f3lo a todas las personas procedentes de pa\u00edses con una buena situaci\u00f3n epidemiol\u00f3gica, sino tambi\u00e9n a todas las personas que hayan recibido la \u00faltima dosis recomendada de una vacuna autorizada por la UE<\/strong>&#8220;, indic\u00f3 la Comisi\u00f3n en un comunicado.<\/p>\n<p>&#8220;Esto podr\u00eda extenderse a las vacunas que hayan completado el proceso de inclusi\u00f3n en la lista de usos de emergencia de la Organizaci\u00f3n Mundial de la Salud (OMS)&#8221;, agrega la CE.<\/p>\n<p>No obstante, son los Estados miembros, representados en el Consejo de la UE, los que asumen las <strong>decisiones sobre sus fronteras durante la pandemia,<\/strong> aunque estas limiten la libertad de movimientos que garantizan los tratados de la UE.<\/p>\n<p>La Comisi\u00f3n quiere que los Estados miembros permitan entrar en la UE a &#8220;aquellas personas que hayan recibido, <strong>al menos 14 d\u00edas antes de la llegada, la \u00faltima dosis recomendada de una vacuna que haya recibido la autorizaci\u00f3n&#8221; de la Agencia Europea del Medicamento (EMA), es decir, Pfizer, Moderna, AstraZeneca y Jannsen.<\/strong><\/p>\n<p>&#8220;Esto deber\u00eda facilitarse<strong> una vez que el Certificado Verde Digital entre en funcionamiento<\/strong>&#8221; y para ello los viajeros deber\u00edan &#8220;poder demostrar su estado de vacunaci\u00f3n con un certificado verde digital emitido por las autoridades de los Estados miembros de forma individual o con otro certificado reconocido como equivalente&#8221;, sostiene.<\/p>\n<p>Bruselas agrega que &#8220;si los Estados miembros deciden renunciar a los requisitos para presentar una prueba de PCR negativa y\/o someterse a cuarentena para las personas vacunadas en su territorio, tambi\u00e9n deben renunciar a tales requisitos para los viajeros vacunados de fuera de la UE&#8221;.<\/p>\n<p>En cuanto a<strong> los ni\u00f1os que est\u00e1n excluidos de la vacunaci\u00f3n, la Comisi\u00f3n sugiere que &#8220;deben poder viajar con sus padres vacunados si tienen una prueba de PCR COVID-19 negativa tomada como m\u00ednimo 72 horas antes<\/strong> de la zona de llegada&#8221; y a\u00f1ade que, en estos casos, los Estados miembros podr\u00edan &#8220;exigir pruebas adicionales despu\u00e9s de la llegada&#8221;.<\/p>\n<p>La Comisi\u00f3n tambi\u00e9n propone que se eleve el &#8220;umbral relacionado con el n\u00famero de nuevos casos de Covid-19 aplicados para determinar una lista de pa\u00edses (Australia, Nueva Zelanda, Ruanda, Singapur, Corea del Sur, Tailandia y China, si este \u00faltimo aplica reciprocidad) desde los que se deber\u00edan permitir todos los viajes&#8221;, actualmente fijado entre 25 a 100 nuevos casos por 100.000 habitantes en los \u00faltimos 14 d\u00edas.<\/p>\n<p>&#8220;Esto se mantiene considerablemente por debajo del promedio actual de la UE, que est\u00e1 por encima de 420&#8243;, subraya la Comisi\u00f3n, que invita al Consejo ampliar esta lista&#8221; de siete pa\u00edses de los que se aceptan viajeros, que a efectos pr\u00e1cticos funciona como una <strong>easy recomendaci\u00f3n.<\/strong><\/p>\n<\/div>\n\n<p><em> &#8221; Fuentes as.com &#8221; <\/em><\/p>\n","protected":false},"excerpt":{"rendered":"<p>LOS VACUNADOS PODR\u00c1N ENTRAR EN LA UNI\u00d3N EUROPA La Comisi\u00f3n Europea (CE) propuso este lunes que los Estados miembros alivien las restricciones sanitarias para los viajeros no esenciales que entren en la Uni\u00f3n Europea, a tenor del &#8220;progreso de las campa\u00f1as de vacunaci\u00f3n&#8221; y habilitar un &#8220;freno de emergencia&#8221; para nuevas variantes del coronavirus. El [&hellip;]<\/p>\n","protected":false},"author":4,"featured_media":120400,"comment_status":"open","ping_status":"closed","sticky":false,"template":"","format":"standard","meta":{"om_disable_all_campaigns":false,"jnews-multi-image_gallery":[],"jnews_single_post":[],"jnews_primary_category":[],"jnews_social_meta":[],"footnotes":""},"categories":[40],"tags":[],"class_list":["post-120399","post","type-post","status-publish","format-standard","has-post-thumbnail","hentry","category-industria"],"_links":{"self":[{"href":"https:\/\/dimensionturistica.com\/es\/wp-json\/wp\/v2\/posts\/120399","targetHints":{"allow":["GET"]}}],"collection":[{"href":"https:\/\/dimensionturistica.com\/es\/wp-json\/wp\/v2\/posts"}],"about":[{"href":"https:\/\/dimensionturistica.com\/es\/wp-json\/wp\/v2\/types\/post"}],"author":[{"embeddable":true,"href":"https:\/\/dimensionturistica.com\/es\/wp-json\/wp\/v2\/users\/4"}],"replies":[{"embeddable":true,"href":"https:\/\/dimensionturistica.com\/es\/wp-json\/wp\/v2\/comments?post=120399"}],"version-history":[{"count":0,"href":"https:\/\/dimensionturistica.com\/es\/wp-json\/wp\/v2\/posts\/120399\/revisions"}],"wp:featuredmedia":[{"embeddable":true,"href":"https:\/\/dimensionturistica.com\/es\/wp-json\/wp\/v2\/media\/120400"}],"wp:attachment":[{"href":"https:\/\/dimensionturistica.com\/es\/wp-json\/wp\/v2\/media?parent=120399"}],"wp:term":[{"taxonomy":"category","embeddable":true,"href":"https:\/\/dimensionturistica.com\/es\/wp-json\/wp\/v2\/categories?post=120399"},{"taxonomy":"post_tag","embeddable":true,"href":"https:\/\/dimensionturistica.com\/es\/wp-json\/wp\/v2\/tags?post=120399"}],"curies":[{"name":"wp","href":"https:\/\/api.w.org\/{rel}","templated":true}]}}