{"id":120250,"date":"2021-05-03T04:07:25","date_gmt":"2021-05-03T04:07:25","guid":{"rendered":"https:\/\/dimensionturistica.com\/es\/?p=120250"},"modified":"2021-05-03T04:07:26","modified_gmt":"2021-05-03T04:07:26","slug":"las-ayudas-de-la-sepi-ponen-el-freno-de-mano-tras-la-polemica-de-plus-ultra","status":"publish","type":"post","link":"https:\/\/dimensionturistica.com\/es\/las-ayudas-de-la-sepi-ponen-el-freno-de-mano-tras-la-polemica-de-plus-ultra\/","title":{"rendered":"Las ayudas de la SEPI ponen el freno de mano tras la pol\u00e9mica de Plus Ultra"},"content":{"rendered":"<p> <br \/>\n<\/p>\n<div>\n<p data-gtm-element-container=\"modulo-texto-link\" class=\"paragraph\">Ni licitaciones, ni apenas adjudicaciones, ni aprobaci\u00f3n de nuevas ayudas. La Sociedad Estatal de Participaciones Industriales (SEPI) ha activado el modo pausa. Desde el 16 de marzo, cuando el Consejo de Ministros dio carta de naturaleza a los pr\u00e9stamos al grupo de agencias de viaje \u00c1voris, la entidad encargada de la gesti\u00f3n del Fondo de Apoyo a la Solvencia de Empresas Estrat\u00e9gicas no ha tomado ninguna decisi\u00f3n relevante. O no la ha hecho p\u00fablica.\u00a0<\/p>\n<p data-gtm-element-container=\"modulo-texto-link\" class=\"paragraph\">La par\u00e1lisis del fondo creado por el Gobierno en julio pasado para inyectar hasta 10.000 millones en las empresas es muy desconcertante. Pese a la urgencia por los recursos de los solicitantes de las ayudas y al tiempo transcurrido, de momento solo se han aprobado cuatro operaciones: <a rel=\"nofollow noopener\" target=\"_blank\" href=\"https:\/\/www.lavanguardia.com\/economia\/20201103\/49199111117\/gobierno-aprueba-rescastar-air-europa.html\">Air Europa<\/a>, <a rel=\"nofollow noopener\" target=\"_blank\" href=\"https:\/\/www.lavanguardia.com\/economia\/20210316\/6403829\/rescate-avoris-barcelo-globalia-agencias-viajes-prestamo-sepi.html\">\u00c1voris<\/a>, <a rel=\"nofollow noopener\" target=\"_blank\" href=\"https:\/\/www.lavanguardia.com\/economia\/20210304\/6263488\/sepi-rescate-duro-felguera-120-millones.html\">Duro Felguera<\/a> y la pol\u00e9mica Plus Extremely L\u00edneas A\u00e9reas.\u00a0<\/p>\n<p><span class=\"content-ad-module  hidden-ad hidden-ad\"><\/p>\n<p><span class=\"content-ad visible-xs roba-container  hidden-ad\"><span class=\"ad-unit roba\"><\/p>\n<p>                <\/span><\/span><span class=\"content-ad visible-md irr-container  hidden-ad\"><span class=\"ad-unit irr\"><\/p>\n<p>                <\/span><\/span><span class=\"content-html\"><span class=\"intext-md hidden-xs hidden-md\"\/><\/span><\/span><span class=\"content-related content-border content-related-default \" data-gtm-element-container=\"modulo-noticias-relacionadas\"><\/p>\n<p>    <span class=\"module-details\"><br \/>\n        <span class=\"module-supra-title\"><\/p>\n<p>        <span>Lee tambi\u00e9n<\/span><\/span><\/p>\n<p>    <span class=\"module-author \">Lalo Agustina<\/span><\/span><\/p>\n<figure class=\"image-container\"><picture><source media=\"(min-width: 480px)\" data-srcset=\"https:\/\/www.lavanguardia.com\/files\/image_80_83\/files\/fp\/uploads\/2021\/03\/22\/60586189cd7c9.r_d.668-646.jpeg\"><img decoding=\"async\" data-full-src=\"https:\/\/www.lavanguardia.com\/uploads\/2021\/03\/22\/60586189cd7c9.jpeg\" alt=\"La aerol\u00ednea Plus Ultra ha recibido ayudas de 53 millones de euros en pr\u00e9stamos\" src=\"https:\/\/www.lavanguardia.com\/files\/image_104_108\/files\/fp\/uploads\/2021\/03\/22\/60586189cd7c9.r_d.668-646.jpeg\" class=\"lazy\"\/><\/source><\/picture><\/figure>\n<p><\/span><\/p>\n<p data-gtm-element-container=\"modulo-texto-link\" class=\"paragraph\">Estas dos \u00faltimas pasaron el filtro del Consejo de Ministros \u2013el \u00faltimo tr\u00e1mite\u2013 el 9 de marzo. Y ah\u00ed se acab\u00f3 todo, al menos por ahora.. La aerol\u00ednea, con cuatro rutas mal contadas a Latinoam\u00e9rica, sin apenas peso en el sector y en p\u00e9rdidas desde su fundaci\u00f3n hace diez a\u00f1os, se garantiz\u00f3 53 millones en ayudas.<\/p>\n<p data-gtm-element-container=\"modulo-texto-link\" class=\"paragraph\">Al margen del Gobierno, casi nadie entiende por qu\u00e9 ni para qu\u00e9 es necesario socorrer a esta empresa. El esc\u00e1ndalo ha sido may\u00fasculo y las cr\u00edticas a la SEPI por parte de pol\u00edticos, aerol\u00edneas y todo tipo de agentes econ\u00f3micos han sido constantes desde entonces. La m\u00e1s suave es que no se comprende c\u00f3mo puede considerarse estrat\u00e9gica a Plus Extremely, una aerol\u00ednea totalmente prescindible si se examina al sector en su conjunto.<\/p>\n<p><span class=\"content-related content-border content-related-default \" data-gtm-element-container=\"modulo-noticias-relacionadas\"><\/p>\n<p>    <span class=\"module-details\"><br \/>\n        <span class=\"module-supra-title\"><\/p>\n<p>        <span>Lee tambi\u00e9n<\/span><\/span><\/p>\n<p>    <span class=\"module-author \">Maite Guti\u00e9rrez<\/span><\/span><\/p>\n<figure class=\"image-container\"><picture><source media=\"(min-width: 480px)\" data-srcset=\"https:\/\/www.lavanguardia.com\/files\/image_80_83\/files\/fp\/uploads\/2021\/04\/01\/60663fafce875.r_d.719-567.jpeg\"><img decoding=\"async\" data-full-src=\"https:\/\/www.lavanguardia.com\/uploads\/2021\/04\/01\/60663fafce875.jpeg\" alt=\"Aeronave Plus Ultra\" src=\"https:\/\/www.lavanguardia.com\/files\/image_104_108\/files\/fp\/uploads\/2021\/04\/01\/60663fafce875.r_d.719-567.jpeg\" class=\"lazy\"\/><\/source><\/picture><\/figure>\n<p><\/span><span class=\"content-ad-module  hidden-ad\"><\/p>\n<p><span class=\"content-ad visible-xs irr-container  hidden-ad\"><span class=\"ad-unit irr\"><\/p>\n<p>                <\/span><\/span><span class=\"content-html\"><span class=\"intext-xs hidden-xs hidden-md\"\/><\/span><\/span><\/p>\n<p data-gtm-element-container=\"modulo-texto-link\" class=\"paragraph\">El rescate de esta aerol\u00ednea ha cambiado el panorama. Desde finales del 2020, el fondo hab\u00eda puesto la directa. Y de las decenas de solicitudes de fondos en tr\u00e1mite, cada semana sal\u00edan a licitaci\u00f3n entre tres y seis empresas para que los 40 asesores financieros y legales acreditados lanzaran sus ofertas para ayudar a la SEPI en el dise\u00f1o y la validaci\u00f3n de cada caso. As\u00ed ocurri\u00f3 el 13 de marzo, cuando salieron a subasta los expedientes de Hesperia, Hoteles Playa y Sidenor Forgings &amp; Castings, ya con asesor.\u00a0<\/p>\n<p data-gtm-element-container=\"modulo-texto-link\" class=\"paragraph\">Fue la \u00faltima tongada. Ya no ha habido ni una m\u00e1s. El 19 de marzo, ya con Plus Extremely ocupando un buen espacio en sesiones parlamentarias y tertulias, Abengoa \u2013en concurso de acreedores y camino de su liquidaci\u00f3n\u2013 <a rel=\"nofollow noopener\" target=\"_blank\" href=\"https:\/\/www.lavanguardia.com\/economia\/20210318\/6585579\/quebrada-abengoa-pide-250-millones-sepi.html\">se descolg\u00f3 con el anuncio de la petici\u00f3n de 250 millones para su filial Abenewco1<\/a>. En teor\u00eda, las ayudas de la SEPI estaban reservadas para empresas estrat\u00e9gicas castigadas por la disaster del 2020, pero con la condici\u00f3n de que gozaran de buena salud econ\u00f3mica antes de la pandemia&#8230;<\/p>\n<figure class=\"composite-image image-container \" data-gtm-element-container=\"button-gallery\"><picture><source media=\"(min-width: 638px)\" data-srcset=\"https:\/\/www.lavanguardia.com\/files\/content_image_desktop_filter\/uploads\/2021\/04\/21\/608058235361c.jpeg\"><source media=\"(min-width: 480px)\" data-srcset=\"https:\/\/www.lavanguardia.com\/files\/content_image_intermediate_filter\/uploads\/2021\/04\/21\/608058235361c.jpeg\"><img decoding=\"async\" data-full-src=\"https:\/\/www.lavanguardia.com\/uploads\/2021\/04\/21\/608058235361c.jpeg\" alt=\"A tower of Abengoa solar plant at \" solucar=\"\" solar=\"\" park=\"\" is=\"\" pictured=\"\" in=\"\" sanlucar=\"\" la=\"\" mayor=\"\" near=\"\" the=\"\" andalusian=\"\" capital=\"\" of=\"\" seville=\"\" southern=\"\" spain=\"\" november=\"\" reuters=\"\" del=\"\" pozo=\"\" tpx=\"\" images=\"\" day=\"\" src=\"https:\/\/www.lavanguardia.com\/files\/content_image_mobile_filter\/uploads\/2021\/04\/21\/608058235361c.jpeg\" class=\"lazy\"\/><\/source><\/source><\/picture><figcaption class=\"figure-caption\">\n<p class=\"caption-title \">Una torre de Abengoa en una instalaci\u00f3n photo voltaic, en una imagen de archivo<\/p>\n<p>                    <span class=\"caption-author \">Marcelo del Pozo \/ Reuters<\/span><\/p>\n<\/figcaption><\/figure>\n<p><span class=\"content-ad-module  hidden-ad\"><\/p>\n<p><span class=\"content-ad visible-xs roba-container  hidden-ad\"><span class=\"ad-unit roba\"><\/p>\n<p>                <\/span><\/span><\/span><\/p>\n<p data-gtm-element-container=\"modulo-texto-link\" class=\"paragraph\">\u201cEstamos en un momento de gran incertidumbre por el esc\u00e1ndalo de Plus Ultra y por la llegada de la presidenta\u201d, cube uno de los interlocutores habituales del fondo. El pasado 31 de marzo, Bel\u00e9n Gualda, hasta ahora presidenta de Navantia, tom\u00f3 los mandos del holding p\u00fablico. Luego lleg\u00f3 la Semana Santa y&#8230; hasta hoy. Los asesores est\u00e1n confusos. Las empresas candidatas a las ayudas, a\u00fan m\u00e1s. Nadie da la cara.\u00a0<\/p>\n<p data-gtm-element-container=\"modulo-texto-link\" class=\"paragraph\">\u201cHay una zona gris ampl\u00edsima, de discrecionalidad absoluta, pero el problema no es ese, sino traspasar ciertos l\u00edmites: cuando se hacen animaladas como la de Plus Ultra y te llueven las cr\u00edticas, todo est\u00e1 bajo cuesti\u00f3n\u201d, asegura otro de los conocedores del funcionamiento del fondo.\u00a0<\/p>\n<p><span class=\"content-subtitle \"><\/p>\n<h2 class=\"subtitle\">Empresas<\/h2>\n<h3 class=\"subtitle\">Desde que se cre\u00f3 en el 2020, se han aprobado solo cuatro operaciones<\/h3>\n<p><\/span><\/p>\n<p data-gtm-element-container=\"modulo-texto-link\" class=\"paragraph\">El mes y medio de par\u00f3n obedece, seg\u00fan otras fuentes, a un cambio de gesti\u00f3n del ente p\u00fablico auspiciado por el Ministerio de Hacienda y Administraciones P\u00fablicas. \u201cLa percepci\u00f3n es que las condiciones se han endurecido y en la SEPI recuerdan ahora constantemente que el fondo es de \u00faltimo recurso, como consta en el decreto de julio\u201d, apunta uno de los asesores m\u00e1s activos.\u00a0<\/p>\n<p data-gtm-element-container=\"modulo-texto-link\" class=\"paragraph\">Duro Felguera puede dar fe. Su acceso a los fondos, aprobados por el Gobierno, est\u00e1 en peligro. Porque estas operaciones nunca son solo a dos bandas \u2013empresa y SEPI\u2013 sino, por lo menos, a tres, al afectar a la banca. Sin un acuerdo con las entidades financieras o fondos acreedores, no hay dinero nuevo del Estado.<\/p>\n<p><span class=\"content-ad-module  hidden-ad\"><\/p>\n<p><span class=\"content-ad visible-xs roba-container  hidden-ad\"><span class=\"ad-unit roba\"><\/p>\n<p>                <\/span><\/span><\/span><span class=\"content-ad-module  hidden-ad\"><\/p>\n<p><span class=\"content-ad visible-xs roba-container  hidden-ad\"><span class=\"ad-unit roba\"><\/p>\n<p>                <\/span><\/span><\/span>\n<\/div>\n<p><script type=\"script\/gg\">\ngg.didomi.doWhenConsent(!window.didomiBypass, 'c:facebooka-frU9M5JY', function () {\n!function(f,b,e,v,n,t,s)\n{if(f.fbq)return;n=f.fbq=function(){n.callMethod?\nn.callMethod.apply(n,arguments):n.queue.push(arguments)};\nif(!f._fbq)f._fbq=n;n.push=n;n.loaded=!0;n.version='2.0';\nn.queue=[];t=b.createElement(e);t.async=!0;\nt.src=v;s=b.getElementsByTagName(e)[0];\ns.parentNode.insertBefore(t,s)}(window, document,'script',\n'https:\/\/connect.facebook.net\/en_US\/fbevents.js');\nfbq('init', '161843274362284');\nfbq('track', 'PageView');\n});\n<\/script><br \/>\n<br \/><\/p>\n<p><em> &#8221; Fuentes www.lavanguardia.com &#8221; <\/em><\/p>\n","protected":false},"excerpt":{"rendered":"<p>Ni licitaciones, ni apenas adjudicaciones, ni aprobaci\u00f3n de nuevas ayudas. La Sociedad Estatal de Participaciones Industriales (SEPI) ha activado el modo pausa. Desde el 16 de marzo, cuando el Consejo de Ministros dio carta de naturaleza a los pr\u00e9stamos al grupo de agencias de viaje \u00c1voris, la entidad encargada de la gesti\u00f3n del Fondo de [&hellip;]<\/p>\n","protected":false},"author":4,"featured_media":120251,"comment_status":"open","ping_status":"closed","sticky":false,"template":"","format":"standard","meta":{"om_disable_all_campaigns":false,"jnews-multi-image_gallery":[],"jnews_single_post":[],"jnews_primary_category":[],"jnews_social_meta":[],"footnotes":""},"categories":[40],"tags":[],"class_list":["post-120250","post","type-post","status-publish","format-standard","has-post-thumbnail","hentry","category-industria"],"_links":{"self":[{"href":"https:\/\/dimensionturistica.com\/es\/wp-json\/wp\/v2\/posts\/120250","targetHints":{"allow":["GET"]}}],"collection":[{"href":"https:\/\/dimensionturistica.com\/es\/wp-json\/wp\/v2\/posts"}],"about":[{"href":"https:\/\/dimensionturistica.com\/es\/wp-json\/wp\/v2\/types\/post"}],"author":[{"embeddable":true,"href":"https:\/\/dimensionturistica.com\/es\/wp-json\/wp\/v2\/users\/4"}],"replies":[{"embeddable":true,"href":"https:\/\/dimensionturistica.com\/es\/wp-json\/wp\/v2\/comments?post=120250"}],"version-history":[{"count":0,"href":"https:\/\/dimensionturistica.com\/es\/wp-json\/wp\/v2\/posts\/120250\/revisions"}],"wp:featuredmedia":[{"embeddable":true,"href":"https:\/\/dimensionturistica.com\/es\/wp-json\/wp\/v2\/media\/120251"}],"wp:attachment":[{"href":"https:\/\/dimensionturistica.com\/es\/wp-json\/wp\/v2\/media?parent=120250"}],"wp:term":[{"taxonomy":"category","embeddable":true,"href":"https:\/\/dimensionturistica.com\/es\/wp-json\/wp\/v2\/categories?post=120250"},{"taxonomy":"post_tag","embeddable":true,"href":"https:\/\/dimensionturistica.com\/es\/wp-json\/wp\/v2\/tags?post=120250"}],"curies":[{"name":"wp","href":"https:\/\/api.w.org\/{rel}","templated":true}]}}