{"id":120209,"date":"2021-05-03T00:52:30","date_gmt":"2021-05-03T00:52:30","guid":{"rendered":"https:\/\/dimensionturistica.com\/es\/?p=120209"},"modified":"2021-05-03T00:52:30","modified_gmt":"2021-05-03T00:52:30","slug":"corea-japon-y-emiratos-quieren-aumentar-turismo-hacia-colombia","status":"publish","type":"post","link":"https:\/\/dimensionturistica.com\/es\/corea-japon-y-emiratos-quieren-aumentar-turismo-hacia-colombia\/","title":{"rendered":"Corea, Jap\u00f3n y Emiratos quieren aumentar turismo hacia Colombia"},"content":{"rendered":"<p> <br \/>\n<\/p>\n<div id=\"post-153298\">\n<p class=\"antetitulo\" style=\"margin-top: 10px;\">ADEM\u00c1S DE LOS PA\u00cdSES DE AM\u00c9RICA<\/p>\n<hr style=\"margin: 10px 0 3px\" \/>\n<p class=\"autor\" style=\"font-size: 12px; margin: 10px 0;\">R. R. | Bogot\u00e1 | 2 de  mayo de 2021 &#13;<br \/>\n\t <a rel=\"nofollow noopener\" target=\"_blank\" href=\"https:\/\/www.reportur.com\/agencias\/2021\/05\/02\/corea-japon-emiratos-quieren-aumentar-turismo-hacia-colombia\/#respond\" style=\"float:right; text-decoration: none; color:#000000\">&#13;<br \/>\n    <img decoding=\"async\" src=\"https:\/\/www.reportur.com\/wp-content\/themes\/reportur\/images\/comment.png\" align=\"absmiddle\" style=\"margin-right: 0;\" \/> Deja un comentario\t\t<\/a>&#13;\n\t\t<\/p>\n<hr style=\"margin: 3px 0 10px\" \/>\n<p class=\"relacionadosSingle\"><b>TEMAS RELACIONADOS: <a rel=\"nofollow noopener\" target=\"_blank\" href=\"https:\/\/www.reportur.com\/tag\/bear-travel-service\/\">Bear Travel Service<\/a>, <a rel=\"nofollow noopener\" target=\"_blank\" href=\"https:\/\/www.reportur.com\/tag\/grand-travel-planners\/\">Grand Travel Planners<\/a>, <a rel=\"nofollow noopener\" target=\"_blank\" href=\"https:\/\/www.reportur.com\/tag\/millennium-destinations\/\">Millennium Destinations<\/a>, <a rel=\"nofollow noopener\" target=\"_blank\" href=\"https:\/\/www.reportur.com\/tag\/procolombia\/\">Procolombia<\/a>, <a rel=\"nofollow noopener\" target=\"_blank\" href=\"https:\/\/www.reportur.com\/tag\/tobu-top-tours\/\">Tobu Top Tours<\/a>, <a rel=\"nofollow noopener\" target=\"_blank\" href=\"https:\/\/www.reportur.com\/tag\/travel-mark-ctm\/\">Travel Mark (CTM)<\/a>, <a rel=\"nofollow noopener\" target=\"_blank\" href=\"https:\/\/www.reportur.com\/tag\/turkish-airlines\/\">Turkish Airlines<\/a><\/b><\/p>\n<hr style=\"margin-bottom: 15px;\" \/>\n<div class=\"post\">\n<p><img decoding=\"async\" class=\"aligncenter size-full wp-image-138554\" src=\"https:\/\/www.reportur.com\/wp-content\/uploads\/2020\/07\/ATLANTICO-PREPARA-REAPERTURA-DE-PLAYAS-NY-TURISMO.jpg\" alt=\"\" width=\"640\" height=\"366\" srcset=\"https:\/\/www.reportur.com\/wp-content\/uploads\/2020\/07\/ATLANTICO-PREPARA-REAPERTURA-DE-PLAYAS-NY-TURISMO.jpg 640w, https:\/\/www.reportur.com\/wp-content\/uploads\/2020\/07\/ATLANTICO-PREPARA-REAPERTURA-DE-PLAYAS-NY-TURISMO-550x315.jpg 550w\" sizes=\"(max-width: 640px) 100vw, 640px\" \/><\/p>\n<p>Durante el Colombia Journey Mark (CTM) organizado por ProColombia, pa\u00edses como Corea del Sur, Jap\u00f3n y Emiratos \u00c1rabes han manifestado su inter\u00e9s en aumentar el turismo hacia Colombia. Estos pa\u00edses se unen a Estados Unidos, M\u00e9xico, Ecuador, Per\u00fa y Argentina, los cuales representan cerca del 40 por ciento de los pa\u00edses asistentes y que son destinos prioritarios para la promoci\u00f3n de Colombia.<\/p>\n<p>\u201cEstamos comprometidos con la recuperaci\u00f3n del turismo y vemos en este encuentro empresarial la oportunidad para fortalecer nuestra oferta en pa\u00edses en donde Colombia comienza a tener presencia, pero tambi\u00e9n en mercados lejanos. De Asia, por ejemplo, tenemos 18 participantes\u201d, asegur\u00f3 Flavia Santoro, presidenta de ProColombia. \u201cIdentificamos el inter\u00e9s de empresas provenientes de dichos destinos que han visto c\u00f3mo nuestro pa\u00eds se ha preparado ante la coyuntura y est\u00e1 ofreciendo experiencias de alta calidad, sostenibles y confiables\u201d, a\u00f1adi\u00f3.<\/p>\n<p>Hasta el 4 de mayo, de manera digital se reunir\u00e1n 315 empresarios internacionales con 162 empresas colombiana. Colombia ha despertado el inter\u00e9s de 35 pa\u00edses para hacer turismo, especialmente viajes enfocados en protocolos de bioseguridad y con experiencias sostenibles.<\/p>\n<p>De India participa Grand Journey Planners, una empresa de viajes creada en 1983; de Jap\u00f3n la empresa especializa en la industria de reuniones, Tobu High Excursions, creada en 1956. De China participa la empresa Bear Journey Service, un turoperador y agencia de viajes creada en 2012. Esta compa\u00f1\u00eda est\u00e1 interesada en hacer negocios con empresarios colombianos pues est\u00e1 interesada en organizar grupos de viaje a varios destinos de Colombia en los segmentos de turismo vacacional y de reuniones.<\/p>\n<p>Millennium Locations tambi\u00e9n hace parte de las empresas asistentes a la rueda de negocios. Esta es una agencia de viajes proveniente de Corea del Sur y se especializa en servicios y soluciones de desarrollo, gesti\u00f3n y advertising sostenible para el segmento de turismo vacacional y para la industria de reuniones, as\u00ed lo informa ProColombia.<\/p>\n<p>Turkish Airways quiere que Colombia sea su \u2018hub\u2019 en Latinoam\u00e9rica, conectando no solo con los destinos del pa\u00eds, sino con otros pa\u00edses de la regi\u00f3n, a trav\u00e9s de su acuerdo con Avianca. Este plan lo tienen previsto para cuando vaya pasando la pandemia.<a rel=\"nofollow noopener\" target=\"_blank\" href=\"https:\/\/www.reportur.com\/aerolineas\/2021\/04\/29\/turkish-proyecta-colombia-hub-latinoamerica\/\"> (Turkish proyecta a Bogot\u00e1 como su \u2018hub\u2019 regional en Latinoam\u00e9rica).<\/a><\/p>\n<p><!-- AddThis Advanced Settings above via filter on the_content --><!-- AddThis Advanced Settings below via filter on the_content --><!-- AddThis Advanced Settings generic via filter on the_content --><!-- AddThis Share Buttons above via filter on the_content --><!-- AddThis Share Buttons below via filter on the_content --><!-- AddThis Share Buttons generic via filter on the_content --><\/div>\n<hr class=\"noCss\" \/><\/div>\n\n<p><em> &#8221; Fuentes www.reportur.com &#8221; <\/em><\/p>\n","protected":false},"excerpt":{"rendered":"<p>ADEM\u00c1S DE LOS PA\u00cdSES DE AM\u00c9RICA R. R. | Bogot\u00e1 | 2 de mayo de 2021 &#13; &#13; Deja un comentario &#13; TEMAS RELACIONADOS: Bear Travel Service, Grand Travel Planners, Millennium Destinations, Procolombia, Tobu Top Tours, Travel Mark (CTM), Turkish Airlines Durante el Colombia Journey Mark (CTM) organizado por ProColombia, pa\u00edses como Corea del Sur, [&hellip;]<\/p>\n","protected":false},"author":4,"featured_media":120210,"comment_status":"open","ping_status":"closed","sticky":false,"template":"","format":"standard","meta":{"om_disable_all_campaigns":false,"jnews-multi-image_gallery":[],"jnews_single_post":[],"jnews_primary_category":[],"jnews_social_meta":[],"footnotes":""},"categories":[40],"tags":[],"class_list":["post-120209","post","type-post","status-publish","format-standard","has-post-thumbnail","hentry","category-industria"],"_links":{"self":[{"href":"https:\/\/dimensionturistica.com\/es\/wp-json\/wp\/v2\/posts\/120209","targetHints":{"allow":["GET"]}}],"collection":[{"href":"https:\/\/dimensionturistica.com\/es\/wp-json\/wp\/v2\/posts"}],"about":[{"href":"https:\/\/dimensionturistica.com\/es\/wp-json\/wp\/v2\/types\/post"}],"author":[{"embeddable":true,"href":"https:\/\/dimensionturistica.com\/es\/wp-json\/wp\/v2\/users\/4"}],"replies":[{"embeddable":true,"href":"https:\/\/dimensionturistica.com\/es\/wp-json\/wp\/v2\/comments?post=120209"}],"version-history":[{"count":0,"href":"https:\/\/dimensionturistica.com\/es\/wp-json\/wp\/v2\/posts\/120209\/revisions"}],"wp:featuredmedia":[{"embeddable":true,"href":"https:\/\/dimensionturistica.com\/es\/wp-json\/wp\/v2\/media\/120210"}],"wp:attachment":[{"href":"https:\/\/dimensionturistica.com\/es\/wp-json\/wp\/v2\/media?parent=120209"}],"wp:term":[{"taxonomy":"category","embeddable":true,"href":"https:\/\/dimensionturistica.com\/es\/wp-json\/wp\/v2\/categories?post=120209"},{"taxonomy":"post_tag","embeddable":true,"href":"https:\/\/dimensionturistica.com\/es\/wp-json\/wp\/v2\/tags?post=120209"}],"curies":[{"name":"wp","href":"https:\/\/api.w.org\/{rel}","templated":true}]}}