{"id":120138,"date":"2021-05-02T20:16:31","date_gmt":"2021-05-02T20:16:31","guid":{"rendered":"https:\/\/dimensionturistica.com\/es\/?p=120138"},"modified":"2021-05-02T20:16:31","modified_gmt":"2021-05-02T20:16:31","slug":"inversion-de-us1000-millones-para-el-despegue-turistico-de-pedernales-noticias-de-turismo","status":"publish","type":"post","link":"https:\/\/dimensionturistica.com\/es\/inversion-de-us1000-millones-para-el-despegue-turistico-de-pedernales-noticias-de-turismo\/","title":{"rendered":"Inversi\u00f3n de US$1,000 millones para el despegue tur\u00edstico de Pedernales &#8211; Noticias de turismo"},"content":{"rendered":"<p> <br \/>\n<\/p>\n<div>\n<p>El ministro de Turismo, <strong>David Collado<\/strong>, asegur\u00f3 que\u00a0<strong>Pedernales<\/strong>, tras su desarrollo tur\u00edstico, llevar\u00e1 a la creaci\u00f3n de m\u00e1s de 15 mil empleos y se invertir\u00e1 m\u00e1s de mil millones de d\u00f3lares en una primera fase.<\/p>\n<p><a rel=\"nofollow noopener\" target=\"_blank\" href=\"https:\/\/www.arecoa.com\/wp-content\/uploads\/2021\/04\/pedernales-4.jpg\"><img decoding=\"async\" class=\"alignleft wp-image-130997\" src=\"https:\/\/www.arecoa.com\/wp-content\/uploads\/2021\/04\/pedernales-4.jpg\" alt=\"\" width=\"312\" height=\"208\" srcset=\"https:\/\/www.arecoa.com\/wp-content\/uploads\/2021\/04\/pedernales-4.jpg 2048w, https:\/\/www.arecoa.com\/wp-content\/uploads\/2021\/04\/pedernales-4-300x200.jpg 300w, https:\/\/www.arecoa.com\/wp-content\/uploads\/2021\/04\/pedernales-4-768x512.jpg 768w, https:\/\/www.arecoa.com\/wp-content\/uploads\/2021\/04\/pedernales-4-1024x682.jpg 1024w, https:\/\/www.arecoa.com\/wp-content\/uploads\/2021\/04\/pedernales-4-250x167.jpg 250w, https:\/\/www.arecoa.com\/wp-content\/uploads\/2021\/04\/pedernales-4-423x282.jpg 423w, https:\/\/www.arecoa.com\/wp-content\/uploads\/2021\/04\/pedernales-4-75x50.jpg 75w\" sizes=\"(max-width: 312px) 100vw, 312px\" \/><\/a>Explic\u00f3 que a mediados del 2021 se comenzar\u00e1n a ejecutar obras de infraestructura que garantizar\u00e1n el desarrollo sostenido y programado de la industria tur\u00edstica en esa provincia del Sur.<\/p>\n<p>Como parte del Plan, el Ministerio de Turismo (<strong>Mitur<\/strong>) y la <strong>Alcald\u00eda de Pedernales<\/strong> firmaron un acuerdo interinstitucional con el fin de elaborar un Plan Municipal de Ordenamiento Territorial que garantice el desarrollo sostenido del municipio.<\/p>\n<p>El convenio fue suscrito por Collado; el alcalde de Pedernales, <strong>Andr\u00e9s Jim\u00e9nez<\/strong>; el viceministro de Turismo y coordinador del Proyecto de Desarrollo de Pedernales, <strong>Carlos Peguero<\/strong> y director de Alianzas P\u00fablico-Privadas, <strong>Sigmund Freund<\/strong>, en un acto que se llev\u00f3 a cabo en el resort <strong>El\u00a0Embajador, a Royal Hideaway<\/strong> de <strong>Santo Domingo<\/strong>.<\/p>\n<p>\u201cLa firma del convenio comprender\u00e1 en su inicio una inversi\u00f3n de mil millones de d\u00f3lares mientras que en una segunda etapa ser\u00e1n invertidos US$1,600 millones de d\u00f3lares y formar\u00e1 parte de un fideicomiso de una alianza p\u00fablico privada\u201d, inform\u00f3 el ministro.<\/p>\n<p>Tambi\u00e9n comprender\u00e1 la construcci\u00f3n de un aeropuerto internacional y obras de infraestructura, que aportar\u00e1n en su totalidad alrededor de 50 mil empleos directos e indirectos.<\/p>\n<p><a rel=\"nofollow noopener\" target=\"_blank\" href=\"https:\/\/www.arecoa.com\/wp-content\/uploads\/2021\/04\/pedernales3.jpg\"><img decoding=\"async\" class=\" wp-image-130999 alignright\" src=\"https:\/\/www.arecoa.com\/wp-content\/uploads\/2021\/04\/pedernales3.jpg\" alt=\"\" width=\"314\" height=\"209\" srcset=\"https:\/\/www.arecoa.com\/wp-content\/uploads\/2021\/04\/pedernales3.jpg 2048w, https:\/\/www.arecoa.com\/wp-content\/uploads\/2021\/04\/pedernales3-300x200.jpg 300w, https:\/\/www.arecoa.com\/wp-content\/uploads\/2021\/04\/pedernales3-768x512.jpg 768w, https:\/\/www.arecoa.com\/wp-content\/uploads\/2021\/04\/pedernales3-1024x682.jpg 1024w, https:\/\/www.arecoa.com\/wp-content\/uploads\/2021\/04\/pedernales3-250x167.jpg 250w, https:\/\/www.arecoa.com\/wp-content\/uploads\/2021\/04\/pedernales3-423x282.jpg 423w, https:\/\/www.arecoa.com\/wp-content\/uploads\/2021\/04\/pedernales3-75x50.jpg 75w\" sizes=\"(max-width: 314px) 100vw, 314px\" \/><\/a>El plan ser\u00e1 el instrumento t\u00e9cnico y normativo, por medio del cual se va an everyday la ocupaci\u00f3n, utilizaci\u00f3n, ocupaci\u00f3n y transformaci\u00f3n del espacio f\u00edsico a corto, mediano y largo plazo, de tal forma que se logre a un equilibro entre la atenci\u00f3n a las necesidades sociales y econ\u00f3micas de la poblaci\u00f3n y la conservaci\u00f3n y protecci\u00f3n del medio ambiente.<\/p>\n<p>Collado enfatiz\u00f3 que el Plan Tur\u00edstico de Desarrollo se har\u00e1 en armon\u00eda con el medio ambiente, se har\u00e1 con whole planificaci\u00f3n y organizaci\u00f3n.<\/p>\n<p>De su lado, el alcalde de Pedernales, Jim\u00e9nez, afirm\u00f3 que el trascendente Plan y su desarrollo han llegado gracias al presidente <strong>Luis Abinader<\/strong> y al ministro David Collado, el cual es el deseo y sentir de cada residente de que la provincia se convierta en uno de los principales destinos tur\u00edstico del pa\u00eds.<\/p>\n<p>En el acto, adem\u00e1s asistieron la presidenta de la Sala Capitular, <strong>Altagracia Medrano<\/strong>; el director de la OPTIC, <strong>Pedro Quezada<\/strong>; director de Infotep, <strong>Rafael Santos<\/strong>;\u00a0los regidores de Pedernales, <strong>Lionnis Carrasco, Ajadi Mancebo, Nersulina P\u00e9rez<\/strong> y <strong>Milton Polanco<\/strong>, as\u00ed como la diputada <strong>Edirda D Oleo <\/strong>y varias autoridades del Mitur.<\/p>\n<p><a rel=\"nofollow noopener\" target=\"_blank\" href=\"https:\/\/www.arecoa.com\/wp-content\/uploads\/2021\/04\/pedernales.jpg\"><img decoding=\"async\" class=\"alignleft wp-image-131001\" src=\"https:\/\/www.arecoa.com\/wp-content\/uploads\/2021\/04\/pedernales.jpg\" alt=\"\" width=\"452\" height=\"301\" srcset=\"https:\/\/www.arecoa.com\/wp-content\/uploads\/2021\/04\/pedernales.jpg 768w, https:\/\/www.arecoa.com\/wp-content\/uploads\/2021\/04\/pedernales-300x200.jpg 300w, https:\/\/www.arecoa.com\/wp-content\/uploads\/2021\/04\/pedernales-250x167.jpg 250w, https:\/\/www.arecoa.com\/wp-content\/uploads\/2021\/04\/pedernales-423x282.jpg 423w, https:\/\/www.arecoa.com\/wp-content\/uploads\/2021\/04\/pedernales-75x50.jpg 75w\" sizes=\"(max-width: 452px) 100vw, 452px\" \/><\/a><\/p>\n<p><a rel=\"nofollow noopener\" target=\"_blank\" href=\"https:\/\/www.arecoa.com\/wp-content\/uploads\/2021\/04\/pedernales-2.jpg\"><img decoding=\"async\" class=\"alignleft wp-image-131000\" src=\"https:\/\/www.arecoa.com\/wp-content\/uploads\/2021\/04\/pedernales-2.jpg\" alt=\"\" width=\"453\" height=\"302\" srcset=\"https:\/\/www.arecoa.com\/wp-content\/uploads\/2021\/04\/pedernales-2.jpg 2048w, https:\/\/www.arecoa.com\/wp-content\/uploads\/2021\/04\/pedernales-2-300x200.jpg 300w, https:\/\/www.arecoa.com\/wp-content\/uploads\/2021\/04\/pedernales-2-768x512.jpg 768w, https:\/\/www.arecoa.com\/wp-content\/uploads\/2021\/04\/pedernales-2-1024x682.jpg 1024w, https:\/\/www.arecoa.com\/wp-content\/uploads\/2021\/04\/pedernales-2-250x167.jpg 250w, https:\/\/www.arecoa.com\/wp-content\/uploads\/2021\/04\/pedernales-2-423x282.jpg 423w, https:\/\/www.arecoa.com\/wp-content\/uploads\/2021\/04\/pedernales-2-75x50.jpg 75w\" sizes=\"(max-width: 453px) 100vw, 453px\" \/><\/a><\/p>\n<p><!-- AddThis Advanced Settings above via filter on the_content --><!-- AddThis Advanced Settings below via filter on the_content --><!-- AddThis Advanced Settings generic via filter on the_content --><!-- AddThis Share Buttons above via filter on the_content --><!-- AddThis Share Buttons below via filter on the_content --><!-- AddThis Share Buttons generic via filter on the_content --><\/div>\n\n<p><em> &#8221; Fuentes www.arecoa.com &#8221; <\/em><\/p>\n","protected":false},"excerpt":{"rendered":"<p>El ministro de Turismo, David Collado, asegur\u00f3 que\u00a0Pedernales, tras su desarrollo tur\u00edstico, llevar\u00e1 a la creaci\u00f3n de m\u00e1s de 15 mil empleos y se invertir\u00e1 m\u00e1s de mil millones de d\u00f3lares en una primera fase. Explic\u00f3 que a mediados del 2021 se comenzar\u00e1n a ejecutar obras de infraestructura que garantizar\u00e1n el desarrollo sostenido y programado [&hellip;]<\/p>\n","protected":false},"author":4,"featured_media":120139,"comment_status":"open","ping_status":"closed","sticky":false,"template":"","format":"standard","meta":{"om_disable_all_campaigns":false,"jnews-multi-image_gallery":[],"jnews_single_post":[],"jnews_primary_category":[],"jnews_social_meta":[],"footnotes":""},"categories":[40],"tags":[],"class_list":["post-120138","post","type-post","status-publish","format-standard","has-post-thumbnail","hentry","category-industria"],"_links":{"self":[{"href":"https:\/\/dimensionturistica.com\/es\/wp-json\/wp\/v2\/posts\/120138","targetHints":{"allow":["GET"]}}],"collection":[{"href":"https:\/\/dimensionturistica.com\/es\/wp-json\/wp\/v2\/posts"}],"about":[{"href":"https:\/\/dimensionturistica.com\/es\/wp-json\/wp\/v2\/types\/post"}],"author":[{"embeddable":true,"href":"https:\/\/dimensionturistica.com\/es\/wp-json\/wp\/v2\/users\/4"}],"replies":[{"embeddable":true,"href":"https:\/\/dimensionturistica.com\/es\/wp-json\/wp\/v2\/comments?post=120138"}],"version-history":[{"count":0,"href":"https:\/\/dimensionturistica.com\/es\/wp-json\/wp\/v2\/posts\/120138\/revisions"}],"wp:featuredmedia":[{"embeddable":true,"href":"https:\/\/dimensionturistica.com\/es\/wp-json\/wp\/v2\/media\/120139"}],"wp:attachment":[{"href":"https:\/\/dimensionturistica.com\/es\/wp-json\/wp\/v2\/media?parent=120138"}],"wp:term":[{"taxonomy":"category","embeddable":true,"href":"https:\/\/dimensionturistica.com\/es\/wp-json\/wp\/v2\/categories?post=120138"},{"taxonomy":"post_tag","embeddable":true,"href":"https:\/\/dimensionturistica.com\/es\/wp-json\/wp\/v2\/tags?post=120138"}],"curies":[{"name":"wp","href":"https:\/\/api.w.org\/{rel}","templated":true}]}}