{"id":120129,"date":"2021-05-02T20:00:08","date_gmt":"2021-05-02T20:00:08","guid":{"rendered":"https:\/\/dimensionturistica.com\/es\/?p=120129"},"modified":"2021-05-02T20:00:08","modified_gmt":"2021-05-02T20:00:08","slug":"se-compromete-laufdzoficial-a-fortalecer-promocion-turistica-en-el-caribe","status":"publish","type":"post","link":"https:\/\/dimensionturistica.com\/es\/se-compromete-laufdzoficial-a-fortalecer-promocion-turistica-en-el-caribe\/","title":{"rendered":"Se compromete @LauFdzOficial a fortalecer promoci\u00f3n tur\u00edstica en el caribe"},"content":{"rendered":"<p> <br \/>\n<\/p>\n<div>\n<p><strong><em>Canc\u00fan, Quintana Roo, a 2 de mayo de 2021.-<\/em><\/strong> La recuperaci\u00f3n de destinos tur\u00edsticos como el Caribe Mexicano afectados por la pandemia de Covid-19, debe ir de la mano de una intensa promoci\u00f3n en los principales mercados mundiales, se\u00f1al\u00f3 la candidata a diputada federal de la coalici\u00f3n \u201cJuntos Hacemos Historia\u201d por el Distrito 4, Laura Fern\u00e1ndez Pi\u00f1a.<\/p>\n<p>Al respecto, indic\u00f3 que desde la C\u00e1mara de Diputados impulsar\u00e1 la creaci\u00f3n de un organismo transparente que se encargue de posicionar la marca M\u00e9xico en el mundo, en el que participen representantes de la industria de la hospitalidad, para vigilar la correcta aplicaci\u00f3n de los recursos.<\/p>\n<p>\u201cEl turismo es generador de bienestar y desarrollo en nuestras comunidades. A trav\u00e9s de esta actividad se generan miles de empleos que dan sustento a las familias, por eso es importante, como ya lo mencion\u00e9, que se decrete como prioridad nacional y luego reforzarlo con acciones como la promoci\u00f3n tur\u00edstica para seguir siendo competitivos\u201d, mencion\u00f3.<\/p>\n<p>La abanderada del Partido Verde, Morena y Partido del Trabajo dijo que con el respaldo ciudadano el pr\u00f3ximo 6 de junio, llegar\u00e1 fortalecida a la m\u00e1xima tribuna del pa\u00eds, para ser la voz de quienes forman parte de la industria tur\u00edstica de la entidad y encabezar una agenda legislativa en beneficio de las familias.<\/p>\n<p>\u201cSer\u00e9 una aliada de Quintana Roo, el estado m\u00e1s tur\u00edstico de M\u00e9xico y referente a nivel mundial con marcas como Canc\u00fan, que a sus 51 a\u00f1os de vida sigue marcando la pauta en la industria de la hospitalidad\u201d, se\u00f1al\u00f3 Laura Fern\u00e1ndez al iniciar su segundo mes de campa\u00f1a electoral.<\/p>\n<p>La candidata destac\u00f3 la importancia de poner en marcha una transformaci\u00f3n basada en la amplia promoci\u00f3n de los productos tur\u00edsticos, con el objetivo de atraer a una nueva generaci\u00f3n de consumidores globales. \u201cAtraer m\u00e1s visitantes al Caribe Mexicano significar\u00e1 empleos, derrama y desarrollo\u201d, remarc\u00f3.<\/p>\n<p>Por \u00faltimo, mencion\u00f3 que el turismo se ha convertido, indudablemente, en una de las principales fuentes de ingresos de la econom\u00eda mexicana, de ah\u00ed la relevancia de impulsarlo y a la vez blindarlo para que siga siendo el motor de desarrollo de destinos como Canc\u00fan y Puerto Morelos.<\/p>\n<figure class=\"wp-block-image size-large\"><img decoding=\"async\" loading=\"lazy\" width=\"708\" height=\"472\" src=\"https:\/\/i0.wp.com\/www.cancunmio.com\/wp-content\/uploads\/2021\/05\/laura-fernandez-28.jpeg?resize=708%2C472&amp;ssl=1\" alt=\"\" class=\"wp-image-182063 jetpack-lazy-image\" data-recalc-dims=\"1\" data-lazy-srcset=\"https:\/\/i0.wp.com\/www.cancunmio.com\/wp-content\/uploads\/2021\/05\/laura-fernandez-28.jpeg?w=1280&amp;ssl=1 1280w, https:\/\/i0.wp.com\/www.cancunmio.com\/wp-content\/uploads\/2021\/05\/laura-fernandez-28.jpeg?resize=300%2C200&amp;ssl=1 300w, https:\/\/i0.wp.com\/www.cancunmio.com\/wp-content\/uploads\/2021\/05\/laura-fernandez-28.jpeg?resize=768%2C512&amp;ssl=1 768w\" data-lazy-sizes=\"(max-width: 708px) 100vw, 708px\" data-lazy-src=\"https:\/\/i0.wp.com\/www.cancunmio.com\/wp-content\/uploads\/2021\/05\/laura-fernandez-28.jpeg?resize=708%2C472&amp;is-pending-load=1#038;ssl=1\" srcset=\"data:image\/gif;base64,R0lGODlhAQABAIAAAAAAAP\/\/\/yH5BAEAAAAALAAAAAABAAEAAAIBRAA7\"\/><noscript><img decoding=\"async\" loading=\"lazy\" width=\"708\" height=\"472\" src=\"https:\/\/i0.wp.com\/www.cancunmio.com\/wp-content\/uploads\/2021\/05\/laura-fernandez-28.jpeg?resize=708%2C472&amp;ssl=1\" alt=\"\" class=\"wp-image-182063\" srcset=\"https:\/\/i0.wp.com\/www.cancunmio.com\/wp-content\/uploads\/2021\/05\/laura-fernandez-28.jpeg?w=1280&amp;ssl=1 1280w, https:\/\/i0.wp.com\/www.cancunmio.com\/wp-content\/uploads\/2021\/05\/laura-fernandez-28.jpeg?resize=300%2C200&amp;ssl=1 300w, https:\/\/i0.wp.com\/www.cancunmio.com\/wp-content\/uploads\/2021\/05\/laura-fernandez-28.jpeg?resize=768%2C512&amp;ssl=1 768w\" sizes=\"auto, (max-width: 708px) 100vw, 708px\" data-recalc-dims=\"1\"\/><\/noscript><\/figure>\n<\/p><\/div>\n<p><script data-cfasync=\"false\">(function(d, s, id){\n\t\t\t\t\t  var js, fjs = d.getElementsByTagName(s)[0];\n\t\t\t\t\t  if (d.getElementById(id)) return;\n\t\t\t\t\t  js = d.createElement(s); js.id = id;\n\t\t\t\t\t  js.src = \"https:\/\/connect.facebook.net\/es_ES\/sdk.js#xfbml=1&version=v3.2\";\n\t\t\t\t\t  fjs.parentNode.insertBefore(js, fjs);\n\t\t\t\t\t}(document, 'script', 'facebook-jssdk'));<\/script><br \/>\n<br \/><\/p>\n<p><em> &#8221; Fuentes www.cancunmio.com &#8221; <\/em><\/p>\n","protected":false},"excerpt":{"rendered":"<p>Canc\u00fan, Quintana Roo, a 2 de mayo de 2021.- La recuperaci\u00f3n de destinos tur\u00edsticos como el Caribe Mexicano afectados por la pandemia de Covid-19, debe ir de la mano de una intensa promoci\u00f3n en los principales mercados mundiales, se\u00f1al\u00f3 la candidata a diputada federal de la coalici\u00f3n \u201cJuntos Hacemos Historia\u201d por el Distrito 4, Laura [&hellip;]<\/p>\n","protected":false},"author":4,"featured_media":120130,"comment_status":"open","ping_status":"closed","sticky":false,"template":"","format":"standard","meta":{"om_disable_all_campaigns":false,"jnews-multi-image_gallery":[],"jnews_single_post":[],"jnews_primary_category":[],"jnews_social_meta":[],"footnotes":""},"categories":[40],"tags":[2010,2151,544],"class_list":["post-120129","post","type-post","status-publish","format-standard","has-post-thumbnail","hentry","category-industria","tag-cancun","tag-principal","tag-turismo"],"_links":{"self":[{"href":"https:\/\/dimensionturistica.com\/es\/wp-json\/wp\/v2\/posts\/120129","targetHints":{"allow":["GET"]}}],"collection":[{"href":"https:\/\/dimensionturistica.com\/es\/wp-json\/wp\/v2\/posts"}],"about":[{"href":"https:\/\/dimensionturistica.com\/es\/wp-json\/wp\/v2\/types\/post"}],"author":[{"embeddable":true,"href":"https:\/\/dimensionturistica.com\/es\/wp-json\/wp\/v2\/users\/4"}],"replies":[{"embeddable":true,"href":"https:\/\/dimensionturistica.com\/es\/wp-json\/wp\/v2\/comments?post=120129"}],"version-history":[{"count":0,"href":"https:\/\/dimensionturistica.com\/es\/wp-json\/wp\/v2\/posts\/120129\/revisions"}],"wp:featuredmedia":[{"embeddable":true,"href":"https:\/\/dimensionturistica.com\/es\/wp-json\/wp\/v2\/media\/120130"}],"wp:attachment":[{"href":"https:\/\/dimensionturistica.com\/es\/wp-json\/wp\/v2\/media?parent=120129"}],"wp:term":[{"taxonomy":"category","embeddable":true,"href":"https:\/\/dimensionturistica.com\/es\/wp-json\/wp\/v2\/categories?post=120129"},{"taxonomy":"post_tag","embeddable":true,"href":"https:\/\/dimensionturistica.com\/es\/wp-json\/wp\/v2\/tags?post=120129"}],"curies":[{"name":"wp","href":"https:\/\/api.w.org\/{rel}","templated":true}]}}