{"id":120121,"date":"2021-05-02T18:30:35","date_gmt":"2021-05-02T18:30:35","guid":{"rendered":"https:\/\/dimensionturistica.com\/es\/?p=120121"},"modified":"2021-05-02T18:30:35","modified_gmt":"2021-05-02T18:30:35","slug":"por-baja-de-casos-covid-edomex-avanza-a-semaforo-amarillo","status":"publish","type":"post","link":"https:\/\/dimensionturistica.com\/es\/por-baja-de-casos-covid-edomex-avanza-a-semaforo-amarillo\/","title":{"rendered":"Por baja de casos COVID, Edomex avanza a sem\u00e1foro amarillo"},"content":{"rendered":"<p> <br \/>\n<\/p>\n<div>\n<p>A partir del lunes 26 de abril, el Estado de M\u00e9xico pasar\u00e1 a sem\u00e1foro amarillo por COVID ante la disminuci\u00f3n de contagios y hospitalizaciones, as\u00ed como por el avance de la vacunaci\u00f3n.<\/p>\n<p>El gobernador del Edomex, Alfredo del Mazo, indic\u00f3 que con el avance del sem\u00e1foro\u00a0se incrementar\u00e1n aforos y horarios de atenci\u00f3n de las actividades que ya se han retomado.<\/p>\n<p>En el caso de las tiendas departamentales, plazas y centros comerciales podr\u00e1n operar todos los d\u00edas de la semana hasta las 21 horas y con un aforo del 50%.<\/p>\n<p><a rel=\"nofollow noopener\" target=\"_blank\" href=\"https:\/\/www.animalpolitico.com\/2021\/04\/cdmx-podran-abrir-oficinas-20-semaforo-naranja\/\"><em>Lee: Oficinas corporativas podr\u00e1n abrir al 20% en CDMX; hay baja en hospitalizaciones<\/em><\/a><\/p>\n<p>Mientras que los restaurantes podr\u00e1n dar servicio todos los d\u00edas, con un aforo del 50% y con un horario de funcionamiento hasta las 12 de la noche.<\/p>\n<p>Pese a que todos los indicadores siguen a la baja, Del Mazo pidi\u00f3 a la poblaci\u00f3n no bajar la guardia y continuar con las medidas\u00a0preventivas para evitar contagios, como el uso de cubrebocas y la sana distancia.<\/p>\n<p>Aclar\u00f3 que el sem\u00e1foro amarillo \u201csignifica que a\u00fan existe un riesgo latente\u201d, por lo que todos deben seguirse cuidando.<\/p>\n<p>Por otro lado, el gobernador inform\u00f3 que el 12 de mayo iniciar\u00e1 la vacunaci\u00f3n para los maestros de la entidad tanto de escuelas p\u00fablicas como privadas.<\/p>\n<p>Para la aplicaci\u00f3n de estas dosis se instalar\u00e1n\u00a0m\u00f3dulos especiales cuyas ubicaciones se dar\u00e1n a conocer posteriormente.<\/p>\n<p>Con relaci\u00f3n a la vacunaci\u00f3n de adultos mayores, el mandatario estatal dijo que\u00a0en los 125 municipios mexiquenses ya se aplic\u00f3 la primera dosis, mientras que en 50 municipios ya se aplic\u00f3 la segunda.<\/p>\n<div class=\"ap_single_fondea_text\">Lo que hacemos en Animal Pol\u00edtico requiere de periodistas profesionales, trabajo en equipo, mantener di\u00e1logo con los lectores y algo muy importante: independencia. T\u00fa puedes ayudarnos a seguir. S\u00e9 parte del equipo.<br \/>\n<a rel=\"nofollow noopener\" target=\"_blank\" href=\"https:\/\/www.animalpolitico.com\/suscribete\">Suscr\u00edbete a Animal Pol\u00edtico<\/a>, recibe beneficios y apoya el periodismo libre.<\/p>\n<p><span style=\"font-weight: 600!important;\">#YoSoyAnimal<\/span><\/p>\n<\/div>\n<\/div>\n\n<p><em> &#8221; Fuentes www.animalpolitico.com &#8221; <\/em><\/p>\n","protected":false},"excerpt":{"rendered":"<p>A partir del lunes 26 de abril, el Estado de M\u00e9xico pasar\u00e1 a sem\u00e1foro amarillo por COVID ante la disminuci\u00f3n de contagios y hospitalizaciones, as\u00ed como por el avance de la vacunaci\u00f3n. El gobernador del Edomex, Alfredo del Mazo, indic\u00f3 que con el avance del sem\u00e1foro\u00a0se incrementar\u00e1n aforos y horarios de atenci\u00f3n de las actividades [&hellip;]<\/p>\n","protected":false},"author":4,"featured_media":120122,"comment_status":"open","ping_status":"closed","sticky":false,"template":"","format":"standard","meta":{"om_disable_all_campaigns":false,"jnews-multi-image_gallery":[],"jnews_single_post":[],"jnews_primary_category":[],"jnews_social_meta":[],"footnotes":""},"categories":[40],"tags":[],"class_list":["post-120121","post","type-post","status-publish","format-standard","has-post-thumbnail","hentry","category-industria"],"_links":{"self":[{"href":"https:\/\/dimensionturistica.com\/es\/wp-json\/wp\/v2\/posts\/120121","targetHints":{"allow":["GET"]}}],"collection":[{"href":"https:\/\/dimensionturistica.com\/es\/wp-json\/wp\/v2\/posts"}],"about":[{"href":"https:\/\/dimensionturistica.com\/es\/wp-json\/wp\/v2\/types\/post"}],"author":[{"embeddable":true,"href":"https:\/\/dimensionturistica.com\/es\/wp-json\/wp\/v2\/users\/4"}],"replies":[{"embeddable":true,"href":"https:\/\/dimensionturistica.com\/es\/wp-json\/wp\/v2\/comments?post=120121"}],"version-history":[{"count":0,"href":"https:\/\/dimensionturistica.com\/es\/wp-json\/wp\/v2\/posts\/120121\/revisions"}],"wp:featuredmedia":[{"embeddable":true,"href":"https:\/\/dimensionturistica.com\/es\/wp-json\/wp\/v2\/media\/120122"}],"wp:attachment":[{"href":"https:\/\/dimensionturistica.com\/es\/wp-json\/wp\/v2\/media?parent=120121"}],"wp:term":[{"taxonomy":"category","embeddable":true,"href":"https:\/\/dimensionturistica.com\/es\/wp-json\/wp\/v2\/categories?post=120121"},{"taxonomy":"post_tag","embeddable":true,"href":"https:\/\/dimensionturistica.com\/es\/wp-json\/wp\/v2\/tags?post=120121"}],"curies":[{"name":"wp","href":"https:\/\/api.w.org\/{rel}","templated":true}]}}