{"id":120111,"date":"2021-05-02T18:14:19","date_gmt":"2021-05-02T18:14:19","guid":{"rendered":"https:\/\/dimensionturistica.com\/es\/?p=120111"},"modified":"2021-05-02T18:14:19","modified_gmt":"2021-05-02T18:14:19","slug":"portugal-en-pleno-desconfinamiento-se-inquieta-por-su-temporada-turistica","status":"publish","type":"post","link":"https:\/\/dimensionturistica.com\/es\/portugal-en-pleno-desconfinamiento-se-inquieta-por-su-temporada-turistica\/","title":{"rendered":"Portugal, en pleno desconfinamiento, se inquieta por su temporada tur\u00edstica"},"content":{"rendered":"<p> <br \/>\n<\/p>\n<div>\n<p class=\"paragraph\">Portugal entr\u00f3 este fin de semana en la fase closing de su plan de desconfinamiento sanitario, pero, hasta que vuelvan los turistas extranjeros el sector teme que se pierda una segunda temporada estival.<\/p>\n<p class=\"paragraph\">&#8220;Tengo la sensaci\u00f3n de comenzar de cero&#8221;, suspira Judite Gomes, que no reabri\u00f3 enseguida su restaurante en Alfama, el barrio m\u00e1s emblem\u00e1tico de la vieja Lisboa.<\/p>\n<p class=\"paragraph\">Como &#8220;al principio habr\u00e1 pocos clientes&#8221;, esta empresaria, de 63 a\u00f1os, prefiere esperar hasta el lunes para reabrir dos de los tres establecimientos que posee en la misma calle del pintoresco barrio, con balcones floridos, plazas adoquinadas y callejones sinuosos.<\/p>\n<p><span data-error=\"No dfp-path found.\"\/><\/p>\n<p class=\"paragraph\">Decidi\u00f3 empezar abriendo el restaurante de cocina t\u00edpica y la casa del fado, un g\u00e9nero musical tradicional lisboeta, dejando por ahora su tienda de artesan\u00edas cerrada.<\/p>\n<p class=\"paragraph\">Con su enorme manojo de llaves en mano, va de un lugar a otro, ya sea para limpiar, reacomodar mesas o revisar la disposici\u00f3n para respetar las nuevas reglas de distanciamiento.<\/p>\n<p class=\"paragraph\">Tras haber tenido que despedir a diez de los trece empleados con que contaba antes de la pandemia, ahora apuesta por una clientela m\u00e1s native, aunque signifique bajar sus precios.<\/p>\n<p><span data-error=\"No dfp-path found.\"\/><\/p>\n<p class=\"paragraph\">&#8211; &#8220;El periodo m\u00e1s dif\u00edcil&#8221; &#8211;<\/p>\n<p class=\"paragraph\">En 2020, Portugal, donde el turismo representa m\u00e1s del 10% del PIB, perdi\u00f3 tres de cada cuatro turistas, o sea, unos 17 millones de visitantes. Solamente en Lisboa, destino emblem\u00e1tico, los ingresos cayeron el 76% durante el a\u00f1o pasado.<\/p>\n<p><span data-error=\"No dfp-path found.\"\/><\/p>\n<p class=\"paragraph\">Y, con el confinamiento a comienzos del a\u00f1o, el n\u00famero de noches registradas por los hoteles cay\u00f3 el 80% en el primer trimestre. En el mismo periodo, el PIB portugu\u00e9s cay\u00f3 un 5,4% en un a\u00f1o, a causa sobre todo de la &#8220;importante reducci\u00f3n del turismo extranjero&#8221;, indic\u00f3 el viernes el Instituto Nacional de Estad\u00edsticas (INE).<\/p>\n<p class=\"paragraph\">&#8220;El sector atraves\u00f3 el periodo m\u00e1s dif\u00edcil de su historia&#8221;, afirma la principal asociaci\u00f3n patronal de la hosteler\u00eda, que recibi\u00f3 con satisfacci\u00f3n la decisi\u00f3n gubernamental de iniciar el s\u00e1bado, dos d\u00edas antes que lo previsto, la \u00faltima etapa del desconfinamiento, en specific con la reapertura de la frontera terrestre con Espa\u00f1a o la ampliaci\u00f3n del horario apertura de caf\u00e9s y restaurantes.<\/p>\n<p><span data-error=\"No dfp-path found.\"\/><\/p>\n<p class=\"paragraph\">&#8220;Esta decisi\u00f3n brindar\u00e1 nuevo est\u00edmulo&#8221; al sector, indic\u00f3 en un comunicado de prensa la Asociaci\u00f3n de Hoteles, Restaurantes y Establecimientos Similares de Portugal (AHRESP).<\/p>\n<p class=\"paragraph\">Sin embargo, las restricciones de viaje hacia Portugal, que autoriza solo los desplazamientos considerados &#8220;esenciales&#8221;, se han extendido por lo menos hasta mediados de mayo, inform\u00f3 el s\u00e1bado el gobierno.<\/p>\n<p><span data-error=\"No dfp-path found.\"\/><\/p>\n<p class=\"paragraph\">&#8211; &#8220;Los turistas regresar\u00e1n&#8221; &#8211;<\/p>\n<p class=\"paragraph\">Para intentar salvar la temporada tur\u00edstica, Portugal, que ocupa la presidencia semestral rotatoria del Consejo de la Uni\u00f3n Europea, aboga por una r\u00e1pida adopci\u00f3n de un pasaporte sanitario que facilite los viajes dentro de la UE.<\/p>\n<p><span data-error=\"No dfp-path found.\"\/><\/p>\n<p class=\"paragraph\">Este certificado sanitario europeo, que super\u00f3 una etapa clave el jueves tras ser validado por los eurodiputados, sigue siendo tema de negociaciones, pero Bruselas quiere que est\u00e9 vigente antes de finales de junio.<\/p>\n<p class=\"paragraph\">&#8220;Debemos actuar sin retrasos&#8221; para &#8220;tomar medidas decisivas a favor del turismo, justo antes del comienzo del verano&#8221; boreal, destac\u00f3 ante el Parlamento europeo la secretaria de Estado de Asuntos Europeos, Ana Paula Zacarias.<\/p>\n<p class=\"paragraph\">En Alfama, el regreso de los turistas extranjeros es clave para empresarios tradicionales como Judite Gomes, pero tambi\u00e9n para algunos inversores que, a pesar de la situaci\u00f3n sanitaria, han apostado por mantener sus proyectos.<\/p>\n<p class=\"paragraph\">Tal es el caso de un lodge de lujo que se inaugurar\u00e1 en junio en una vieja mansi\u00f3n renovada. &#8220;Estamos convencidos de que los turistas volver\u00e1n&#8221;, afirm\u00f3 a la AFP su director, Luis Casqueira. &#8220;Tras este periodo de confinamiento, la gente querr\u00e1 viajar&#8221;.<\/p>\n<p class=\"paragraph\">lf\/tsc\/mlb\/age\/computer<\/p>\n<\/div>\n<p><script defer=\"\">!function(f,b,e,v,n,t,s) {if(f.fbq)return;n=f.fbq=function(){n.callMethod? n.callMethod.apply(n,arguments):n.queue.push(arguments)}; if(!f._fbq)f._fbq=n;n.push=n;n.loaded=!0;n.version='2.0'; n.queue=[];t=b.createElement(e);t.async=!0; t.src=v;s=b.getElementsByTagName(e)[0]; s.parentNode.insertBefore(t,s)}(window, document,'script', 'https:\/\/connect.facebook.net\/en_US\/fbevents.js'); fbq('init', '336383993555320'); fbq('track', 'PageView'); fbq('track', 'ViewContent');<\/script><br \/>\n<br \/><\/p>\n<p><em> &#8221; Fuentes www.infobae.com &#8221; <\/em><\/p>\n","protected":false},"excerpt":{"rendered":"<p>Portugal entr\u00f3 este fin de semana en la fase closing de su plan de desconfinamiento sanitario, pero, hasta que vuelvan los turistas extranjeros el sector teme que se pierda una segunda temporada estival. &#8220;Tengo la sensaci\u00f3n de comenzar de cero&#8221;, suspira Judite Gomes, que no reabri\u00f3 enseguida su restaurante en Alfama, el barrio m\u00e1s emblem\u00e1tico [&hellip;]<\/p>\n","protected":false},"author":4,"featured_media":116839,"comment_status":"open","ping_status":"closed","sticky":false,"template":"","format":"standard","meta":{"om_disable_all_campaigns":false,"jnews-multi-image_gallery":[],"jnews_single_post":[],"jnews_primary_category":[],"jnews_social_meta":[],"footnotes":""},"categories":[40],"tags":[],"class_list":["post-120111","post","type-post","status-publish","format-standard","has-post-thumbnail","hentry","category-industria"],"_links":{"self":[{"href":"https:\/\/dimensionturistica.com\/es\/wp-json\/wp\/v2\/posts\/120111","targetHints":{"allow":["GET"]}}],"collection":[{"href":"https:\/\/dimensionturistica.com\/es\/wp-json\/wp\/v2\/posts"}],"about":[{"href":"https:\/\/dimensionturistica.com\/es\/wp-json\/wp\/v2\/types\/post"}],"author":[{"embeddable":true,"href":"https:\/\/dimensionturistica.com\/es\/wp-json\/wp\/v2\/users\/4"}],"replies":[{"embeddable":true,"href":"https:\/\/dimensionturistica.com\/es\/wp-json\/wp\/v2\/comments?post=120111"}],"version-history":[{"count":0,"href":"https:\/\/dimensionturistica.com\/es\/wp-json\/wp\/v2\/posts\/120111\/revisions"}],"wp:featuredmedia":[{"embeddable":true,"href":"https:\/\/dimensionturistica.com\/es\/wp-json\/wp\/v2\/media\/116839"}],"wp:attachment":[{"href":"https:\/\/dimensionturistica.com\/es\/wp-json\/wp\/v2\/media?parent=120111"}],"wp:term":[{"taxonomy":"category","embeddable":true,"href":"https:\/\/dimensionturistica.com\/es\/wp-json\/wp\/v2\/categories?post=120111"},{"taxonomy":"post_tag","embeddable":true,"href":"https:\/\/dimensionturistica.com\/es\/wp-json\/wp\/v2\/tags?post=120111"}],"curies":[{"name":"wp","href":"https:\/\/api.w.org\/{rel}","templated":true}]}}