{"id":120105,"date":"2021-05-02T18:06:15","date_gmt":"2021-05-02T18:06:15","guid":{"rendered":"https:\/\/dimensionturistica.com\/es\/?p=120105"},"modified":"2021-05-02T18:06:15","modified_gmt":"2021-05-02T18:06:15","slug":"las-agencias-de-viajes-de-leon-no-aumentan-las-reservas-ante-la-caida-del-estado-de-alarma","status":"publish","type":"post","link":"https:\/\/dimensionturistica.com\/es\/las-agencias-de-viajes-de-leon-no-aumentan-las-reservas-ante-la-caida-del-estado-de-alarma\/","title":{"rendered":"Las Agencias de Viajes de Le\u00f3n no aumentan las reservas ante la ca\u00edda del estado de alarma"},"content":{"rendered":"<p> <br \/>\n<\/p>\n<div data-voc-share-selection=\"\">\n<p><strong>El Gobierno ha anunciado que el 9 de mayo decae el estado de alarma y con \u00e9l, tanto el toque de queda como los cierres perimetrales<\/strong>. Una situaci\u00f3n que muchos estaban esperando y sobre todo pensando en esos viajes tan deseados fuera del territorio de Castilla y Le\u00f3n. <\/p>\n<p>Pero, por el momento, esos deseos no se han materializado en reservas. <strong>Jer\u00f3nimo Fern\u00e1ndez, presidente de la Asociaci\u00f3n de Agencias de Viaje de Le\u00f3n,<\/strong> ha asegurado que \u00abpor el momento, no estamos teniendo reservas ni peticiones de cara al mes de mayo\u00bb. Una situaci\u00f3n que se debe, en su opini\u00f3n, a que \u00abla gente est\u00e1 pendiente de que avance la vacunaci\u00f3n para viajar con m\u00e1s seguridad\u00bb. <\/p>\n<p>En este sentido, y aunque el ritmo es bueno, a\u00fan no es el esperado.<strong> \u00abSi que tenemos visitas de clientes interesados en viajes de cara al verano, pero tampoco se han animado a reservar a partir del 9 de mayo\u00bb. <\/strong><\/p>\n<h3>\n  La incertidumbre<br \/>\n<\/h3>\n<p>La seguridad es elementary para los clientes, pero tambi\u00e9n el poder conocer las medidas o restricciones con las que se pueden encontrar en sus destinos. A pesar de que pueda decaer el estado de alarma el 9 de mayo, las comunidades tienen opciones para limitar algunos servicios, <strong>como ya pas\u00f3 en 2020 desde julio a octubre, cuando, sin estado de alarma, se llevaron a cabo en la comunidad cierre perimetrales puntuales. <\/strong><\/p>\n<p>Es incertidumbre tambi\u00e9n afecta a los turistas que, a d\u00eda de hoy no saben que pasar\u00e1 en mayo y mucho menos en verano. <strong>\u00abNo tenemos claro c\u00f3mo se podr\u00e1 viajar fuera de las fronteras de Espa\u00f1a\u00bb<\/strong>, explica Jer\u00f3nimo Fern\u00e1ndez, quien todav\u00eda espera que se esclarezca la situaci\u00f3n sobre el &#8216;certificado verde&#8217;. Por ello, las reservas para viajar fuera \u00abahora mismo est\u00e1n todas paradas\u00bb.<\/p>\n<h3>\n  Con esperanzas en el verano<br \/>\n<\/h3>\n<p>La pasada campa\u00f1a estival en las agencias de viajes leonesas fue \u00abnefasta\u00bb. Un a\u00f1o complicado que esperan quede atr\u00e1s y no se vuelva a repetir. <strong>\u00abCreo que este a\u00f1o vamos a ver un poco la luz\u00bb, considera con cierta esperanza el presidente de las Agencias de Viajes en Le\u00f3n. <\/strong><\/p>\n<p>El problema del pasado verano fue \u00abun frenazo en seco\u00bb de las reservas a partir del 15 de julio. El motivo no se conoce, pero a partir de esa fecha la campa\u00f1a volvi\u00f3 a paralizarse, <strong>\u00abEste a\u00f1o esperamos que las reservas se mantengan durante todo el a\u00f1o\u00bb <\/strong>y que gracias a ello se pueda levantar una campa\u00f1a que no ha comenzado nada bien. <\/p>\n<p><strong>\u00abEl primer trimestre de 2021 lo hemos perdido\u00bb, remarca Jer\u00f3nimo, recordando el cierre perimetral de Castilla y Le\u00f3n que se inici\u00f3 el 30 de octubre<\/strong> y se mantiene hasta la actualidad. A pesar de ello su confianza sigue puesta en \u00ablas vacunas\u00bb y cree que \u00abeste a\u00f1o las reservas van a ser lineales y se mantendr\u00e1n\u00bb. Si la situaci\u00f3n mejora, y todo apunta a que ser\u00e1 as\u00ed, \u00abel cuarto trimestre se podr\u00eda volver a la normalidad\u00bb. <\/p>\n<p>A pesar de todo ello, Jer\u00f3nimo Fern\u00e1ndez se congratula de que los clientes \u00abnos han comentado que tiene muchas ganas de viajar, pero hasta que no haya una normalizaci\u00f3n <strong>de los destinos la gente va a seguir apostando por el turismo nacional<\/strong>\u00bb. Por ello, este verano ser\u00e1 para conocer m\u00e1s el pa\u00eds en el que vivimos, pero \u00absi todo evoluciona bien y tal como nos dicen <strong>a partir de septiembre y octubre empezar\u00e1n de nuevo los viajes regulares con pa\u00edses europeos<\/strong>\u00bb. <\/p>\n<p>Una oportunidad para Le\u00f3n, \u00abque es un destino atractivo y se podr\u00e1 mostrar como tal este verano\u00bb. <\/p>\n<\/div>\n\n<p><em> &#8221; Fuentes www.leonoticias.com &#8221; <\/em><\/p>\n","protected":false},"excerpt":{"rendered":"<p>El Gobierno ha anunciado que el 9 de mayo decae el estado de alarma y con \u00e9l, tanto el toque de queda como los cierres perimetrales. Una situaci\u00f3n que muchos estaban esperando y sobre todo pensando en esos viajes tan deseados fuera del territorio de Castilla y Le\u00f3n. Pero, por el momento, esos deseos no [&hellip;]<\/p>\n","protected":false},"author":4,"featured_media":120106,"comment_status":"open","ping_status":"closed","sticky":false,"template":"","format":"standard","meta":{"om_disable_all_campaigns":false,"jnews-multi-image_gallery":[],"jnews_single_post":[],"jnews_primary_category":[],"jnews_social_meta":[],"footnotes":""},"categories":[40],"tags":[1161,1121,2667,5552,6439,1120,702,1865,545],"class_list":["post-120105","post","type-post","status-publish","format-standard","has-post-thumbnail","hentry","category-industria","tag-agencias","tag-alarma","tag-ante","tag-aumentan","tag-caida","tag-estado","tag-leon","tag-reservas","tag-viajes"],"_links":{"self":[{"href":"https:\/\/dimensionturistica.com\/es\/wp-json\/wp\/v2\/posts\/120105","targetHints":{"allow":["GET"]}}],"collection":[{"href":"https:\/\/dimensionturistica.com\/es\/wp-json\/wp\/v2\/posts"}],"about":[{"href":"https:\/\/dimensionturistica.com\/es\/wp-json\/wp\/v2\/types\/post"}],"author":[{"embeddable":true,"href":"https:\/\/dimensionturistica.com\/es\/wp-json\/wp\/v2\/users\/4"}],"replies":[{"embeddable":true,"href":"https:\/\/dimensionturistica.com\/es\/wp-json\/wp\/v2\/comments?post=120105"}],"version-history":[{"count":0,"href":"https:\/\/dimensionturistica.com\/es\/wp-json\/wp\/v2\/posts\/120105\/revisions"}],"wp:featuredmedia":[{"embeddable":true,"href":"https:\/\/dimensionturistica.com\/es\/wp-json\/wp\/v2\/media\/120106"}],"wp:attachment":[{"href":"https:\/\/dimensionturistica.com\/es\/wp-json\/wp\/v2\/media?parent=120105"}],"wp:term":[{"taxonomy":"category","embeddable":true,"href":"https:\/\/dimensionturistica.com\/es\/wp-json\/wp\/v2\/categories?post=120105"},{"taxonomy":"post_tag","embeddable":true,"href":"https:\/\/dimensionturistica.com\/es\/wp-json\/wp\/v2\/tags?post=120105"}],"curies":[{"name":"wp","href":"https:\/\/api.w.org\/{rel}","templated":true}]}}