{"id":120040,"date":"2021-05-02T15:31:32","date_gmt":"2021-05-02T15:31:32","guid":{"rendered":"https:\/\/dimensionturistica.com\/es\/?p=120040"},"modified":"2021-05-02T15:31:32","modified_gmt":"2021-05-02T15:31:32","slug":"turismo-con-montenegro-conversa-este-domingo-con-maria-elena-franceschi-experta-en-cruceros","status":"publish","type":"post","link":"https:\/\/dimensionturistica.com\/es\/turismo-con-montenegro-conversa-este-domingo-con-maria-elena-franceschi-experta-en-cruceros\/","title":{"rendered":"Turismo con Montenegro conversa este domingo con Mar\u00eda Elena Franceschi, experta en cruceros"},"content":{"rendered":"<p> <br \/>\n<\/p>\n<div id=\"cuerpo\">\n                                            <b>Caracas.-<\/b>\u00a0Mar\u00eda Elena Franceschi es directora de la agencia de viajes Prime Cruises y tiene m\u00e1s de 25 a\u00f1os trabajando en la industria de los cruceros.<\/p>\n<p>Este domingo, desde la 1:30 de la tarde, Franceschi estar\u00e1 conversando con \u00c1lvaro Montenegro acerca de la esperada reanudaci\u00f3n en la salida de barcos, que se ha visto afectada por la pandemia del coronavirus.<\/p>\n<div>\n<div class=\"eu-vd\"><a href=\"https:\/\/www.youtube.com\/watch?v=DhGm2m7u89E\">https:\/\/www.youtube.com\/watch?v=DhGm2m7u89E<\/a><\/div>\n<p>La cita es en Turismo con Montenegro por Globovisi\u00f3n.<\/p>\n<div>Disfrute de la transmisi\u00f3n en televisi\u00f3n nacional o a trav\u00e9s del canal en vivo de Globovisi\u00f3n en\u00a0<a rel=\"nofollow noopener\" target=\"_blank\" href=\"https:\/\/www.youtube.com\/channel\/UCfJtBtmhnIyfUB6RqXeImMw\" style=\"font-size: 1rem;\"><b>YouTube<\/b><\/a><span style=\"background-color: transparent; font-size: 1rem;\">.<\/span><\/div>\n<\/div><\/div>\n\n<p><em> &#8221; Fuentes www.eluniversal.com &#8221; <\/em><\/p>\n","protected":false},"excerpt":{"rendered":"<p>Caracas.-\u00a0Mar\u00eda Elena Franceschi es directora de la agencia de viajes Prime Cruises y tiene m\u00e1s de 25 a\u00f1os trabajando en la industria de los cruceros. Este domingo, desde la 1:30 de la tarde, Franceschi estar\u00e1 conversando con \u00c1lvaro Montenegro acerca de la esperada reanudaci\u00f3n en la salida de barcos, que se ha visto afectada por [&hellip;]<\/p>\n","protected":false},"author":4,"featured_media":120041,"comment_status":"open","ping_status":"closed","sticky":false,"template":"","format":"standard","meta":{"om_disable_all_campaigns":false,"jnews-multi-image_gallery":[],"jnews_single_post":[],"jnews_primary_category":[],"jnews_social_meta":[],"footnotes":""},"categories":[40],"tags":[],"class_list":["post-120040","post","type-post","status-publish","format-standard","has-post-thumbnail","hentry","category-industria"],"_links":{"self":[{"href":"https:\/\/dimensionturistica.com\/es\/wp-json\/wp\/v2\/posts\/120040","targetHints":{"allow":["GET"]}}],"collection":[{"href":"https:\/\/dimensionturistica.com\/es\/wp-json\/wp\/v2\/posts"}],"about":[{"href":"https:\/\/dimensionturistica.com\/es\/wp-json\/wp\/v2\/types\/post"}],"author":[{"embeddable":true,"href":"https:\/\/dimensionturistica.com\/es\/wp-json\/wp\/v2\/users\/4"}],"replies":[{"embeddable":true,"href":"https:\/\/dimensionturistica.com\/es\/wp-json\/wp\/v2\/comments?post=120040"}],"version-history":[{"count":0,"href":"https:\/\/dimensionturistica.com\/es\/wp-json\/wp\/v2\/posts\/120040\/revisions"}],"wp:featuredmedia":[{"embeddable":true,"href":"https:\/\/dimensionturistica.com\/es\/wp-json\/wp\/v2\/media\/120041"}],"wp:attachment":[{"href":"https:\/\/dimensionturistica.com\/es\/wp-json\/wp\/v2\/media?parent=120040"}],"wp:term":[{"taxonomy":"category","embeddable":true,"href":"https:\/\/dimensionturistica.com\/es\/wp-json\/wp\/v2\/categories?post=120040"},{"taxonomy":"post_tag","embeddable":true,"href":"https:\/\/dimensionturistica.com\/es\/wp-json\/wp\/v2\/tags?post=120040"}],"curies":[{"name":"wp","href":"https:\/\/api.w.org\/{rel}","templated":true}]}}