{"id":119850,"date":"2021-05-01T23:16:06","date_gmt":"2021-05-01T23:16:06","guid":{"rendered":"https:\/\/dimensionturistica.com\/es\/?p=119850"},"modified":"2021-05-01T23:16:06","modified_gmt":"2021-05-01T23:16:06","slug":"estos-son-los-detalles-de-la-coleccion-crucero-2021-de-dior","status":"publish","type":"post","link":"https:\/\/dimensionturistica.com\/es\/estos-son-los-detalles-de-la-coleccion-crucero-2021-de-dior\/","title":{"rendered":"Estos son los detalles de la colecci\u00f3n crucero 2021 de Dior"},"content":{"rendered":"<p> <br \/>\n<\/p>\n<div>\n<div class=\"paragraph\" mlnid=\"idcon=16250142;order=7.0\">\n<p>Dior organizar\u00e1 el 17 de junio en Atenas un desfile para presentar su nueva colecci\u00f3n crucero, anunci\u00f3 el viernes la firma de lujo.<\/p>\n<p>\u201cLa casa eligi\u00f3 Atenas, lugar de excepci\u00f3n, cuna de la civilizaci\u00f3n occidental y del arte europeo\u201d, seg\u00fan un comunicado.<\/p>\n<p>Dior no precis\u00f3 si el desfile, que se realizar\u00e1 \u201crespetando plenamente las medidas sanitarias en vigor\u201d, contar\u00e1 o no con p\u00fablico.<\/p>\n<p>El pase celebrado el a\u00f1o pasado en la plaza central de Lecce, en el sur de Italia, tuvo lugar sin asistentes, debido a la pandemia.<\/p>\n<\/p><\/div>\n<div class=\"paragraph\" mlnid=\"idcon=16250146;order=11.0\">\n<p>La firma indic\u00f3, por otra parte, que la colecci\u00f3n crucero de 2022 rinde homenaje a una sesi\u00f3n de fotos en la Acr\u00f3polis de Atenas que tuvo lugar hace 70 a\u00f1os para presentar unas creaciones de alta costura de Christian Dior.<\/p>\n<p>Las grandes casas francesas como Dior y Chanel presentan estas colecciones una vez al a\u00f1o, normalmente en el extranjero, al margen de las cuatro Semanas de la Moda anuales organizadas en Par\u00eds.<\/p>\n<\/p><\/div><\/div>\n\n<p><em> &#8221; Fuentes www.diariolibre.com &#8221; <\/em><\/p>\n","protected":false},"excerpt":{"rendered":"<p>Dior organizar\u00e1 el 17 de junio en Atenas un desfile para presentar su nueva colecci\u00f3n crucero, anunci\u00f3 el viernes la firma de lujo. \u201cLa casa eligi\u00f3 Atenas, lugar de excepci\u00f3n, cuna de la civilizaci\u00f3n occidental y del arte europeo\u201d, seg\u00fan un comunicado. Dior no precis\u00f3 si el desfile, que se realizar\u00e1 \u201crespetando plenamente las medidas [&hellip;]<\/p>\n","protected":false},"author":4,"featured_media":119851,"comment_status":"open","ping_status":"closed","sticky":false,"template":"","format":"standard","meta":{"om_disable_all_campaigns":false,"jnews-multi-image_gallery":[],"jnews_single_post":[],"jnews_primary_category":[],"jnews_social_meta":[],"footnotes":""},"categories":[41],"tags":[1430],"class_list":["post-119850","post","type-post","status-publish","format-standard","has-post-thumbnail","hentry","category-cruceros","tag-republica-dominicana"],"_links":{"self":[{"href":"https:\/\/dimensionturistica.com\/es\/wp-json\/wp\/v2\/posts\/119850","targetHints":{"allow":["GET"]}}],"collection":[{"href":"https:\/\/dimensionturistica.com\/es\/wp-json\/wp\/v2\/posts"}],"about":[{"href":"https:\/\/dimensionturistica.com\/es\/wp-json\/wp\/v2\/types\/post"}],"author":[{"embeddable":true,"href":"https:\/\/dimensionturistica.com\/es\/wp-json\/wp\/v2\/users\/4"}],"replies":[{"embeddable":true,"href":"https:\/\/dimensionturistica.com\/es\/wp-json\/wp\/v2\/comments?post=119850"}],"version-history":[{"count":0,"href":"https:\/\/dimensionturistica.com\/es\/wp-json\/wp\/v2\/posts\/119850\/revisions"}],"wp:featuredmedia":[{"embeddable":true,"href":"https:\/\/dimensionturistica.com\/es\/wp-json\/wp\/v2\/media\/119851"}],"wp:attachment":[{"href":"https:\/\/dimensionturistica.com\/es\/wp-json\/wp\/v2\/media?parent=119850"}],"wp:term":[{"taxonomy":"category","embeddable":true,"href":"https:\/\/dimensionturistica.com\/es\/wp-json\/wp\/v2\/categories?post=119850"},{"taxonomy":"post_tag","embeddable":true,"href":"https:\/\/dimensionturistica.com\/es\/wp-json\/wp\/v2\/tags?post=119850"}],"curies":[{"name":"wp","href":"https:\/\/api.w.org\/{rel}","templated":true}]}}