{"id":119785,"date":"2021-05-01T18:46:41","date_gmt":"2021-05-01T18:46:41","guid":{"rendered":"https:\/\/dimensionturistica.com\/es\/?p=119785"},"modified":"2021-05-01T18:46:41","modified_gmt":"2021-05-01T18:46:41","slug":"piden-agencias-de-viajes-que-tambien-se-abra-zona-arqueologica-de-comalcalco-como-parte-de-la-flexibilidad-en-semaforo-naranja","status":"publish","type":"post","link":"https:\/\/dimensionturistica.com\/es\/piden-agencias-de-viajes-que-tambien-se-abra-zona-arqueologica-de-comalcalco-como-parte-de-la-flexibilidad-en-semaforo-naranja\/","title":{"rendered":"Piden Agencias de Viajes que tambi\u00e9n se abra zona arqueol\u00f3gica de Comalcalco, como parte de la flexibilidad en sem\u00e1foro naranja"},"content":{"rendered":"<p> <br \/>\n<\/p>\n<div>\n<p>\u00a0<\/p>\n<p>La presidenta de la Asociaci\u00f3n Mexicana de Agencias de Viaje, Karla Campos Gonz\u00e1lez, pidi\u00f3 al Gobierno de <strong><strong><strong>Tabasco<\/strong><\/strong><\/strong> que tambi\u00e9n permita la apertura de la <strong><strong><strong>zona arqueol\u00f3gica de Comalcalco<\/strong><\/strong><\/strong>, como parte de las flexibilidades que se est\u00e1n dando pese al sem\u00e1foro epidemiol\u00f3gico en coloration <strong><strong><strong>naranja<\/strong><\/strong><\/strong>.<\/p>\n<p>La l\u00edder de la <strong><strong><strong>AMAV<\/strong><\/strong><\/strong> en la entidad, sostuvo que aunque ya est\u00e1n abiertas las actividades en el Museo La Venta y el Yumk\u00e1, se debe considerar la &#8220;Ruta del cacao&#8221;, pues es un gran generador de la econom\u00eda como atractivo tur\u00edstico.<\/p>\n<p>&#8220;Como abriendo espacios deportivos, que tambi\u00e9n abran sitios tur\u00edsticos, todo con sus medidas de seguridad, la <strong><strong><strong>zona arqueol\u00f3gica de Comalcalco<\/strong><\/strong><\/strong> que es parte fundamental de la ruta del cacao, de los circuitos que se venden en Chiapas y vienen visitantes de muchos estados y pueden empezar a dejar una derrama econ\u00f3micamente fuerte&#8221;, se\u00f1al\u00f3.<\/p>\n<p><!-- CtrlPublicidad Inicio nota2 --> <!-- CtrlPublicidad Final 99239 --><\/div>\n<p><script>\n                            (function (d, s, id) {\n                                var js, fjs = d.getElementsByTagName(s)[0];\n                                if (d.getElementById(id)) return;\n                                js = d.createElement(s); js.id = id;\n                                js.src = \"https:\/\/connect.facebook.net\/en_US\/all.js#xfbml=1&appId=280882251965109\";\n                                fjs.parentNode.insertBefore(js, fjs);\n                            }(document, 'script', 'facebook-jssdk'));\n                        <\/script><br \/>\n<br \/><\/p>\n<p><em> &#8221; Fuentes www.xevt.com &#8221; <\/em><\/p>\n","protected":false},"excerpt":{"rendered":"<p>\u00a0 La presidenta de la Asociaci\u00f3n Mexicana de Agencias de Viaje, Karla Campos Gonz\u00e1lez, pidi\u00f3 al Gobierno de Tabasco que tambi\u00e9n permita la apertura de la zona arqueol\u00f3gica de Comalcalco, como parte de las flexibilidades que se est\u00e1n dando pese al sem\u00e1foro epidemiol\u00f3gico en coloration naranja. La l\u00edder de la AMAV en la entidad, sostuvo [&hellip;]<\/p>\n","protected":false},"author":4,"featured_media":119786,"comment_status":"open","ping_status":"closed","sticky":false,"template":"","format":"standard","meta":{"om_disable_all_campaigns":false,"jnews-multi-image_gallery":[],"jnews_single_post":[],"jnews_primary_category":[],"jnews_social_meta":[],"footnotes":""},"categories":[40],"tags":[],"class_list":["post-119785","post","type-post","status-publish","format-standard","has-post-thumbnail","hentry","category-industria"],"_links":{"self":[{"href":"https:\/\/dimensionturistica.com\/es\/wp-json\/wp\/v2\/posts\/119785","targetHints":{"allow":["GET"]}}],"collection":[{"href":"https:\/\/dimensionturistica.com\/es\/wp-json\/wp\/v2\/posts"}],"about":[{"href":"https:\/\/dimensionturistica.com\/es\/wp-json\/wp\/v2\/types\/post"}],"author":[{"embeddable":true,"href":"https:\/\/dimensionturistica.com\/es\/wp-json\/wp\/v2\/users\/4"}],"replies":[{"embeddable":true,"href":"https:\/\/dimensionturistica.com\/es\/wp-json\/wp\/v2\/comments?post=119785"}],"version-history":[{"count":0,"href":"https:\/\/dimensionturistica.com\/es\/wp-json\/wp\/v2\/posts\/119785\/revisions"}],"wp:featuredmedia":[{"embeddable":true,"href":"https:\/\/dimensionturistica.com\/es\/wp-json\/wp\/v2\/media\/119786"}],"wp:attachment":[{"href":"https:\/\/dimensionturistica.com\/es\/wp-json\/wp\/v2\/media?parent=119785"}],"wp:term":[{"taxonomy":"category","embeddable":true,"href":"https:\/\/dimensionturistica.com\/es\/wp-json\/wp\/v2\/categories?post=119785"},{"taxonomy":"post_tag","embeddable":true,"href":"https:\/\/dimensionturistica.com\/es\/wp-json\/wp\/v2\/tags?post=119785"}],"curies":[{"name":"wp","href":"https:\/\/api.w.org\/{rel}","templated":true}]}}