{"id":119587,"date":"2021-05-01T05:33:47","date_gmt":"2021-05-01T05:33:47","guid":{"rendered":"https:\/\/dimensionturistica.com\/es\/?p=119587"},"modified":"2021-05-01T05:33:48","modified_gmt":"2021-05-01T05:33:48","slug":"por-la-pandemia-aerolineas-argentinas-suspende-vuelos-al-exterior-tucuman","status":"publish","type":"post","link":"https:\/\/dimensionturistica.com\/es\/por-la-pandemia-aerolineas-argentinas-suspende-vuelos-al-exterior-tucuman\/","title":{"rendered":"Por la pandemia, Aerol\u00edneas Argentinas suspende vuelos al exterior &#8211; Tucum\u00e1n"},"content":{"rendered":"<p> <br \/>\n<\/p>\n<div itemprop=\"articleBody\">\n<p>\u201cDebido a las restricciones causadas por la pandemia y la situaci\u00f3n sanitaria en nuestro pa\u00eds y en algunos destinos internacionales, hemos decidido adecuar la programaci\u00f3n de vuelos al exterior de Aerolineas a la dif\u00edcil situaci\u00f3n que estamos atravesando\u201d, escribi\u00f3 el presidente de la l\u00ednea, <strong>Pablo Ceriani<\/strong> en su cuenta de Twitter.<\/p>\n<p>\u00a0<\/p>\n<p>En plena segunda ola de coronavirus y con un incremento sostenido de casos diarios en todo el pa\u00eds, Ceriani agreg\u00f3:&#8221;queremos informar que se han suspendido las operaciones de Aerol\u00edneas Punta Cana y Canc\u00fan entre el 15 de mayo y el 31 de agosto. Adem\u00e1s, R\u00edo de Janeiro y Santa Cruz de la Sierra tambi\u00e9n se encontrar\u00e1n suspendidos desde el 15 de mayo hasta el 30 de junio\u201d. Adem\u00e1s, indic\u00f3 que \u201ctodos los pasajeros con vuelos cancelados recibir\u00e1n un correo electr\u00f3nico con las diferentes alternativas para reprogramar su ticket&#8221;.<\/p>\n<p>\u00a0<\/p>\n<p>Ceriani apel\u00f3 \u201ca la comprensi\u00f3n de todos los pasajeras y pasajeros que se encuentran afectados por las adecuaciones de nuestra operaci\u00f3n internacional y regional&#8221; y subray\u00f3 que &#8220;la situaci\u00f3n sanitaria nos afecta a todos&#8221;. &#8220;Sepan disculpar los inconvenientes\u201d, complet\u00f3.<\/p>\n<p>\u00a0<\/p>\n<p>Toda la informaci\u00f3n necesaria sobre c\u00f3mo deben proceder los pasajeros se encuentra disponible en la house de la net de Aerol\u00edneas Argentinas. <strong>El comunicado precisa que los pasajeros que hayan comprado su ticket a\u00e9reo a trav\u00e9s de agencias de viajes y otros canales indirectos deber\u00e1n realizar la gesti\u00f3n de cambios a trav\u00e9s de los mismos.<\/strong><\/p>\n<blockquote class=\"twitter-tweet\">\n<p dir=\"ltr\" lang=\"es\">Debido a las restricciones causadas por la pandemia y la situaci\u00f3n sanitaria en nuestro pa\u00eds y en algunos destinos internacionales, hemos decidido adecuar la programaci\u00f3n de vuelos al exterior de <a rel=\"nofollow noopener\" target=\"_blank\" href=\"https:\/\/twitter.com\/Aerolineas_AR?ref_src=twsrc%5Etfw\">@Aerolineas_AR<\/a> a la dif\u00edcil situaci\u00f3n que estamos atravesando.<\/p>\n<p>\u2014 Pablo Ceriani (@ceriani_pablo) <a rel=\"nofollow noopener\" target=\"_blank\" href=\"https:\/\/twitter.com\/ceriani_pablo\/status\/1388132446793838593?ref_src=twsrc%5Etfw\">April 30, 2021<\/a><\/p><\/blockquote>\n<blockquote class=\"twitter-tweet\">\n<p dir=\"ltr\" lang=\"es\">Apelamos a la comprensi\u00f3n de todos los pasajeras y pasajeros que se encuentran afectados por las adecuaciones de nuestra operaci\u00f3n internacional y regional. La situaci\u00f3n sanitaria nos afecta a todos, sepan disculpar los inconvenientes.<\/p>\n<p>\u2014 Pablo Ceriani (@ceriani_pablo) <a rel=\"nofollow noopener\" target=\"_blank\" href=\"https:\/\/twitter.com\/ceriani_pablo\/status\/1388132454003773441?ref_src=twsrc%5Etfw\">April 30, 2021<\/a><\/p><\/blockquote>\n<p><strong>Traslados a\u00e9reos a Tucum\u00e1n<\/strong><\/p>\n<p>\u00a0<\/p>\n<p>De lunes a lunes unos 20 agentes despliegan operativos de management en el aeropuerto Benjam\u00edn Matienzo a las personas que ingresan a la provincia por v\u00eda a\u00e9rea. Los controles tienen dos objetivos principales, por un lado el chequeo de pasajeros que provengan del extranjero.<\/p>\n<p>Se trabaja conjuntamente para detectar casos en el Aeropuerto una vez que salen de la puerta de arribo. A los pasajeros que llegans se les piden los datos y se les explica cu\u00e1l es la resoluci\u00f3n vigente del COE (N\u00b0 52), en base a la cual, deben realizar un aislamiento domiciliario por 10 d\u00edas.<\/p>\n<p>\u00a0<\/p>\n<p>En segunda instancia, \u00a0se les genera un turno de hisopado para el d\u00e9cimo d\u00eda, para tratar de determinar si vienen con una nueva cepa. <strong>Si un pasajero llega a Tucum\u00e1n y presenta s\u00edntomas, el private a cargo, adem\u00e1s de realizar la sanitizaci\u00f3n y hacer el management de temperatura, detecta estos s\u00edntomas y se hace el check r\u00e1pido o PCR<\/strong>. Posteriormente se indica el aislamiento correspondiente y desde el equipo aeroportuario se comunican con Vigilancia Epidemiol\u00f3gica para el seguimiento del paciente.<\/p>\n<\/div>\n<p><script async src=\"\/\/platform.twitter.com\/widgets.js\" charset=\"utf-8\"><\/script><script defer>\n    function get_fb() {\n        if ($(\"script[src^='https:\/\/connect.facebook.net\/es_LA']\").length > 0) {\n            var comments = $(\".comments-load\");\n            if (comments.length > 0) {\n                FB.XFBML.parse(document, function () {\n                    $(\".load-icon\").hide();\n                    comments.removeClass(\"comments-load\");\n                });\n            }\n        } else {\n            $.getScript('https:\/\/connect.facebook.net\/es_LA\/sdk.js', function () {\n                window.fbAsyncInit = function () {\n                    FB.init({\n                        appId: 1565796786926992,\n                        autoLogAppEvents: true,\n                        xfbml: true,\n                        version: 'v7.0', });\n                };\n                FB.Event.subscribe('xfbml.render', function () {\n                    $(\".load-icon\").hide();\n                })\n            });\n        }\n    }\n<\/script><br \/>\n<br \/><\/p>\n<p><em> &#8221; Fuentes www.eltucumano.com &#8221; <\/em><\/p>\n","protected":false},"excerpt":{"rendered":"<p>\u201cDebido a las restricciones causadas por la pandemia y la situaci\u00f3n sanitaria en nuestro pa\u00eds y en algunos destinos internacionales, hemos decidido adecuar la programaci\u00f3n de vuelos al exterior de Aerolineas a la dif\u00edcil situaci\u00f3n que estamos atravesando\u201d, escribi\u00f3 el presidente de la l\u00ednea, Pablo Ceriani en su cuenta de Twitter. \u00a0 En plena segunda [&hellip;]<\/p>\n","protected":false},"author":4,"featured_media":119588,"comment_status":"open","ping_status":"closed","sticky":false,"template":"","format":"standard","meta":{"om_disable_all_campaigns":false,"jnews-multi-image_gallery":[],"jnews_single_post":[],"jnews_primary_category":[],"jnews_social_meta":[],"footnotes":""},"categories":[40],"tags":[],"class_list":["post-119587","post","type-post","status-publish","format-standard","has-post-thumbnail","hentry","category-industria"],"_links":{"self":[{"href":"https:\/\/dimensionturistica.com\/es\/wp-json\/wp\/v2\/posts\/119587","targetHints":{"allow":["GET"]}}],"collection":[{"href":"https:\/\/dimensionturistica.com\/es\/wp-json\/wp\/v2\/posts"}],"about":[{"href":"https:\/\/dimensionturistica.com\/es\/wp-json\/wp\/v2\/types\/post"}],"author":[{"embeddable":true,"href":"https:\/\/dimensionturistica.com\/es\/wp-json\/wp\/v2\/users\/4"}],"replies":[{"embeddable":true,"href":"https:\/\/dimensionturistica.com\/es\/wp-json\/wp\/v2\/comments?post=119587"}],"version-history":[{"count":0,"href":"https:\/\/dimensionturistica.com\/es\/wp-json\/wp\/v2\/posts\/119587\/revisions"}],"wp:featuredmedia":[{"embeddable":true,"href":"https:\/\/dimensionturistica.com\/es\/wp-json\/wp\/v2\/media\/119588"}],"wp:attachment":[{"href":"https:\/\/dimensionturistica.com\/es\/wp-json\/wp\/v2\/media?parent=119587"}],"wp:term":[{"taxonomy":"category","embeddable":true,"href":"https:\/\/dimensionturistica.com\/es\/wp-json\/wp\/v2\/categories?post=119587"},{"taxonomy":"post_tag","embeddable":true,"href":"https:\/\/dimensionturistica.com\/es\/wp-json\/wp\/v2\/tags?post=119587"}],"curies":[{"name":"wp","href":"https:\/\/api.w.org\/{rel}","templated":true}]}}