{"id":119528,"date":"2021-05-01T02:41:41","date_gmt":"2021-05-01T02:41:41","guid":{"rendered":"https:\/\/dimensionturistica.com\/es\/?p=119528"},"modified":"2021-05-01T02:41:42","modified_gmt":"2021-05-01T02:41:42","slug":"diputados-aprueban-iniciar-proceso-de-desafuero-de-cabeza-de-vaca","status":"publish","type":"post","link":"https:\/\/dimensionturistica.com\/es\/diputados-aprueban-iniciar-proceso-de-desafuero-de-cabeza-de-vaca\/","title":{"rendered":"Diputados aprueban iniciar proceso de desafuero de Cabeza de Vaca"},"content":{"rendered":"<p> <br \/>\n<\/p>\n<div>\n<p><span style=\"font-weight: 400;\">La Secci\u00f3n Instructora de la C\u00e1mara de Diputados aprob\u00f3 un dictamen que declara procedente anular el fuero del gobernador de Tamaulipas, Francisco Javier Garc\u00eda Cabeza de Vaca, con lo que, en caso de ser aprobado en el pleno el pr\u00f3ximo viernes, la Fiscal\u00eda Normal de la Rep\u00fablica (FGR) podr\u00e1 acusarlo ante la justicia federal por lavado de dinero, delincuencia organizada, y defraudaci\u00f3n fiscal.<\/span><\/p>\n<p><span style=\"font-weight: 400;\">El dictamen de procedencia fue<a rel=\"nofollow noopener\" target=\"_blank\" href=\"https:\/\/twitter.com\/nachomierv\/status\/1387613276406702080?s=24\"> aprobado por 3 votos contra 1 de los integrantes de la Secci\u00f3n Instructora<\/a>. El voto en contra fue de la priista Claudia Pastor. El PAN no est\u00e1 representado en dicho \u00f3rgano legislativo.<\/span><\/p>\n<p><em><a rel=\"nofollow noopener\" target=\"_blank\" href=\"https:\/\/www.animalpolitico.com\/2021\/03\/cabeza-vaca-factureras-ligadas-cartel-sinaloa-uif\/\">Leer m\u00e1s: Cabeza de Vaca, gobernador de Tamaulipas, us\u00f3 factureras ligadas al C\u00e1rtel de Sinaloa, denuncia UIF<\/a><\/em><\/p>\n<blockquote class=\"twitter-tweet\">\n<p dir=\"ltr\" lang=\"es\">Con tres votos a favor se aprueba la declaraci\u00f3n de procedencia en contra de Francisco Javier Cabeza de Vaca. Ahora la <a rel=\"nofollow noopener\" target=\"_blank\" href=\"https:\/\/twitter.com\/Mx_Diputados?ref_src=twsrc%5Etfw\">@Mx_Diputados<\/a> se erigir\u00e1 como Jurado de Procedencia el d\u00eda viernes para determinar si se desafora al Gobernador de Tamaulipas.<\/p>\n<p>\u2014 Ignacio Mier Velazco (@NachoMierV) <a rel=\"nofollow noopener\" target=\"_blank\" href=\"https:\/\/twitter.com\/NachoMierV\/status\/1387613276406702080?ref_src=twsrc%5Etfw\">April 29, 2021<\/a><\/p>\n<\/blockquote>\n<p><span style=\"font-weight: 400;\">La Unidad de Inteligencia Financiera (UIF) aport\u00f3 a la FGR pruebas de que el mandatario de Tamaulipas presuntamente simul\u00f3 la venta de un departamento por el que cobr\u00f3 42 millones de pesos -tres veces su valor original- mediante el uso de empresas fachada y prestanombres.<\/span><\/p>\n<p><span style=\"font-weight: 400;\">En conferencia de prensa, Pastor inform\u00f3, adem\u00e1s, que la Secci\u00f3n Instructora decidi\u00f3, por unanimidad, declarar que no es procedente el desafuero del senador morenista Cruz P\u00e9rez Cu\u00e9llar, quien es acusado por la Fiscal\u00eda de Chihuahua de haber cobrado sobornos del exgobernador C\u00e9sar Duarte, hoy preso en Estados Unidos.<\/span><\/p>\n<p><span style=\"font-weight: 400;\">Pastor advirti\u00f3 que Morena pretende que, una vez que concluya el periodo ordinario de sesiones, se suspendan los plazos para las solicitudes de desafuero que contin\u00faan en integraci\u00f3n, como el caso del<a rel=\"nofollow noopener\" target=\"_blank\" href=\"https:\/\/www.animalpolitico.com\/2021\/04\/desafuero-saul-huerta-diputados-inicia-proceso\/\"> diputado morenista Sa\u00fal Huerta, que fue denunciado por violaci\u00f3n de un menor<\/a> y cuyo desafuero fue solicitado recientemente por la Fiscal\u00eda de la CDMX.<\/span><\/p>\n<p><span style=\"font-weight: 400;\">Esto significar\u00eda que la Secci\u00f3n Instructora no dar\u00eda tr\u00e1mite a asuntos pendientes sino hasta septiembre, cuando inicie un nuevo periodo ordinario.<\/span><\/p>\n<p><span style=\"font-weight: 400;\">Otro personaje que resultar\u00eda beneficiado es el diputado del PT Mauricio Toledo, acusado de enriquecimiento il\u00edcito y cuyo fuero tambi\u00e9n fue solicitado por la Fiscal\u00eda capitalina.\u00a0<\/span><\/p>\n<p><span style=\"font-weight: 400;\">Claudia Pastor advirti\u00f3 que el PRI propondr\u00e1 que se convoque a un periodo extraordinario de sesiones en el que la Secci\u00f3n Instructora d\u00e9 tr\u00e1mite a los asuntos pendientes.<\/span><\/p>\n<div class=\"ap_single_fondea_text\">Lo que hacemos en Animal Pol\u00edtico requiere de periodistas profesionales, trabajo en equipo, mantener di\u00e1logo con los lectores y algo muy importante: independencia. T\u00fa puedes ayudarnos a seguir. S\u00e9 parte del equipo.<br \/>\n<a rel=\"nofollow noopener\" target=\"_blank\" href=\"https:\/\/www.animalpolitico.com\/suscribete\">Suscr\u00edbete a Animal Pol\u00edtico<\/a>, recibe beneficios y apoya el periodismo libre.<\/p>\n<p><span style=\"font-weight: 600!important;\">#YoSoyAnimal<\/span><\/p>\n<\/div>\n<\/div>\n<p><script async src=\"\/\/platform.twitter.com\/widgets.js\" charset=\"utf-8\"><\/script><br \/>\n<br \/><\/p>\n<p><em> &#8221; Fuentes www.animalpolitico.com &#8221; <\/em><\/p>\n","protected":false},"excerpt":{"rendered":"<p>La Secci\u00f3n Instructora de la C\u00e1mara de Diputados aprob\u00f3 un dictamen que declara procedente anular el fuero del gobernador de Tamaulipas, Francisco Javier Garc\u00eda Cabeza de Vaca, con lo que, en caso de ser aprobado en el pleno el pr\u00f3ximo viernes, la Fiscal\u00eda Normal de la Rep\u00fablica (FGR) podr\u00e1 acusarlo ante la justicia federal por [&hellip;]<\/p>\n","protected":false},"author":4,"featured_media":119529,"comment_status":"open","ping_status":"closed","sticky":false,"template":"","format":"standard","meta":{"om_disable_all_campaigns":false,"jnews-multi-image_gallery":[],"jnews_single_post":[],"jnews_primary_category":[],"jnews_social_meta":[],"footnotes":""},"categories":[40],"tags":[],"class_list":["post-119528","post","type-post","status-publish","format-standard","has-post-thumbnail","hentry","category-industria"],"_links":{"self":[{"href":"https:\/\/dimensionturistica.com\/es\/wp-json\/wp\/v2\/posts\/119528","targetHints":{"allow":["GET"]}}],"collection":[{"href":"https:\/\/dimensionturistica.com\/es\/wp-json\/wp\/v2\/posts"}],"about":[{"href":"https:\/\/dimensionturistica.com\/es\/wp-json\/wp\/v2\/types\/post"}],"author":[{"embeddable":true,"href":"https:\/\/dimensionturistica.com\/es\/wp-json\/wp\/v2\/users\/4"}],"replies":[{"embeddable":true,"href":"https:\/\/dimensionturistica.com\/es\/wp-json\/wp\/v2\/comments?post=119528"}],"version-history":[{"count":0,"href":"https:\/\/dimensionturistica.com\/es\/wp-json\/wp\/v2\/posts\/119528\/revisions"}],"wp:featuredmedia":[{"embeddable":true,"href":"https:\/\/dimensionturistica.com\/es\/wp-json\/wp\/v2\/media\/119529"}],"wp:attachment":[{"href":"https:\/\/dimensionturistica.com\/es\/wp-json\/wp\/v2\/media?parent=119528"}],"wp:term":[{"taxonomy":"category","embeddable":true,"href":"https:\/\/dimensionturistica.com\/es\/wp-json\/wp\/v2\/categories?post=119528"},{"taxonomy":"post_tag","embeddable":true,"href":"https:\/\/dimensionturistica.com\/es\/wp-json\/wp\/v2\/tags?post=119528"}],"curies":[{"name":"wp","href":"https:\/\/api.w.org\/{rel}","templated":true}]}}