{"id":119519,"date":"2021-05-01T01:51:38","date_gmt":"2021-05-01T01:51:38","guid":{"rendered":"https:\/\/dimensionturistica.com\/es\/?p=119519"},"modified":"2021-05-01T01:51:38","modified_gmt":"2021-05-01T01:51:38","slug":"anuncian-aerolineas-argentinas-suspension-de-vuelos-a-cancun-del-16-de-mayo-al-31-de-agosto","status":"publish","type":"post","link":"https:\/\/dimensionturistica.com\/es\/anuncian-aerolineas-argentinas-suspension-de-vuelos-a-cancun-del-16-de-mayo-al-31-de-agosto\/","title":{"rendered":"Anuncian Aerol\u00edneas Argentinas suspensi\u00f3n de vuelos a Canc\u00fan del 16 de mayo al 31 de agosto"},"content":{"rendered":"<p> <br \/>\n<\/p>\n<div>\n<p>\u00a0<\/p>\n<p>La empresa Aerol\u00edneas Argentinas, anunci\u00f3 este viernes, que del 16 de mayo al 31 de agosto de 2021, suspender\u00e1 sus operaciones a <strong><strong><strong>Canc\u00fan<\/strong><\/strong><\/strong>, M\u00e9xico, as\u00ed como otros puntos de Rep\u00fablica Dominicana, <strong><strong><strong>Bolivia<\/strong><\/strong><\/strong> y <strong><strong><strong>Brasil<\/strong><\/strong><\/strong>, ante el repunte de casos de COVID-19 en dichas ciudades.<\/p>\n<p>En un comunicado, la l\u00ednea a\u00e9rea estatal explic\u00f3 las modificaciones en su programa de <strong><strong><strong>vuelos<\/strong><\/strong><\/strong> regionales e internacionales, mismas que dijo, &#8220;son restricciones vigentes producto de la pandemia global&#8221; y a la situaci\u00f3n sanitaria que enfrenta Argentina, as\u00ed como algunos de los destinos de la empresa.<\/p>\n<p>Detall\u00f3 que del 16 de mayo al 31 de agosto, se suspender\u00e1n operaciones a Punta Cana, en Rep\u00fablica Dominicana y <strong><strong><strong>Canc\u00fan<\/strong><\/strong><\/strong>, M\u00e9xico, por lo que los pasajeros que hayan iniciado su viaje a dichos destinos, tienen para regresar a Argentina en <strong><strong><strong>vuelos<\/strong><\/strong><\/strong> de esta aerol\u00ednea a m\u00e1s tardar el 15 de mayo.<\/p>\n<p><!-- CtrlPublicidad Inicio nota2 --> <!-- CtrlPublicidad Final 99239 --><\/p>\n<p>Tambi\u00e9n se inform\u00f3 que ser\u00e1n suspendidos los <strong><strong><strong>vuelos<\/strong><\/strong><\/strong> durante mayo y junio a R\u00edo de Janeiro, <strong><strong><strong>Brasil<\/strong><\/strong><\/strong> y a Santa Cruz de la Sierra, en <strong><strong><strong>Bolivia<\/strong><\/strong><\/strong>.<\/p>\n<p>Ante ello, dijo que se establecer\u00e1 conectividad con <strong><strong><strong>Brasil<\/strong><\/strong><\/strong> desde Sao Paulo, operando mediante <strong><strong><strong>vuelos<\/strong><\/strong><\/strong> especiales para aquellos argentinos que deban retornar a Argentina, mientras que los pasajeros que viajan hacia y desde <strong><strong><strong>Bolivia<\/strong><\/strong><\/strong>, ser\u00e1n reubicados en otros <strong><strong><strong>vuelos<\/strong><\/strong><\/strong>.<\/p>\n<p>Finalmente, precis\u00f3 que las personas que hayan comprado su boleto a\u00e9reo a trav\u00e9s de agencias de viajes y otros canales indirectos, deber\u00e1n realizar la gesti\u00f3n de cambio a trav\u00e9s de los mismos.<\/p>\n<p>\u00a0<\/p>\n<\/div>\n<p><script>\n                            (function (d, s, id) {\n                                var js, fjs = d.getElementsByTagName(s)[0];\n                                if (d.getElementById(id)) return;\n                                js = d.createElement(s); js.id = id;\n                                js.src = \"https:\/\/connect.facebook.net\/en_US\/all.js#xfbml=1&appId=280882251965109\";\n                                fjs.parentNode.insertBefore(js, fjs);\n                            }(document, 'script', 'facebook-jssdk'));\n                        <\/script><br \/>\n<br \/><\/p>\n<p><em> &#8221; Fuentes www.xevt.com &#8221; <\/em><\/p>\n","protected":false},"excerpt":{"rendered":"<p>\u00a0 La empresa Aerol\u00edneas Argentinas, anunci\u00f3 este viernes, que del 16 de mayo al 31 de agosto de 2021, suspender\u00e1 sus operaciones a Canc\u00fan, M\u00e9xico, as\u00ed como otros puntos de Rep\u00fablica Dominicana, Bolivia y Brasil, ante el repunte de casos de COVID-19 en dichas ciudades. En un comunicado, la l\u00ednea a\u00e9rea estatal explic\u00f3 las modificaciones [&hellip;]<\/p>\n","protected":false},"author":4,"featured_media":119520,"comment_status":"open","ping_status":"closed","sticky":false,"template":"","format":"standard","meta":{"om_disable_all_campaigns":false,"jnews-multi-image_gallery":[],"jnews_single_post":[],"jnews_primary_category":[],"jnews_social_meta":[],"footnotes":""},"categories":[40],"tags":[],"class_list":["post-119519","post","type-post","status-publish","format-standard","has-post-thumbnail","hentry","category-industria"],"_links":{"self":[{"href":"https:\/\/dimensionturistica.com\/es\/wp-json\/wp\/v2\/posts\/119519","targetHints":{"allow":["GET"]}}],"collection":[{"href":"https:\/\/dimensionturistica.com\/es\/wp-json\/wp\/v2\/posts"}],"about":[{"href":"https:\/\/dimensionturistica.com\/es\/wp-json\/wp\/v2\/types\/post"}],"author":[{"embeddable":true,"href":"https:\/\/dimensionturistica.com\/es\/wp-json\/wp\/v2\/users\/4"}],"replies":[{"embeddable":true,"href":"https:\/\/dimensionturistica.com\/es\/wp-json\/wp\/v2\/comments?post=119519"}],"version-history":[{"count":0,"href":"https:\/\/dimensionturistica.com\/es\/wp-json\/wp\/v2\/posts\/119519\/revisions"}],"wp:featuredmedia":[{"embeddable":true,"href":"https:\/\/dimensionturistica.com\/es\/wp-json\/wp\/v2\/media\/119520"}],"wp:attachment":[{"href":"https:\/\/dimensionturistica.com\/es\/wp-json\/wp\/v2\/media?parent=119519"}],"wp:term":[{"taxonomy":"category","embeddable":true,"href":"https:\/\/dimensionturistica.com\/es\/wp-json\/wp\/v2\/categories?post=119519"},{"taxonomy":"post_tag","embeddable":true,"href":"https:\/\/dimensionturistica.com\/es\/wp-json\/wp\/v2\/tags?post=119519"}],"curies":[{"name":"wp","href":"https:\/\/api.w.org\/{rel}","templated":true}]}}