{"id":119501,"date":"2021-05-01T01:01:39","date_gmt":"2021-05-01T01:01:39","guid":{"rendered":"https:\/\/dimensionturistica.com\/es\/?p=119501"},"modified":"2021-05-01T01:01:39","modified_gmt":"2021-05-01T01:01:39","slug":"estados-unidos-inicia-caza-de-coyotes-en-plena-crisis-migratoria","status":"publish","type":"post","link":"https:\/\/dimensionturistica.com\/es\/estados-unidos-inicia-caza-de-coyotes-en-plena-crisis-migratoria\/","title":{"rendered":"Estados Unidos inicia caza de coyotes en plena crisis migratoria"},"content":{"rendered":"<p> <br \/>\n<\/p>\n<div> <amp-iframe width=\"480\" height=\"270\" layout=\"responsive\" sandbox=\"allow-scripts allow-same-origin allow-popups\" allowfullscreen=\"\" frameborder=\"0\" src=\"https:\/\/www.youtube.com\/embed\/73Ubadwvpb8?autoplay=0&amp;playsinline=1&amp;embed_config=%7B%22adsConfig%22%3A%7B%22adTagParameters%22%3A%7B%22iu%22%3A%22%2F121173452%2FUnoTV%2FYTB-DI%22%7D%7D%7D&amp;enablejsapi=1\" class=\"i-amphtml-layout-responsive i-amphtml-layout-size-defined\" i-amphtml-layout=\"responsive\"><i-amphtml-sizer style=\"display:block;padding-top:56.2500%;\"\/><span placeholder=\"\" class=\"amp-wp-iframe-placeholder\"\/><noscript><a href=\"https:\/\/www.youtube.com\/watch?v=73Ubadwvpb8\">https:\/\/www.youtube.com\/watch?v=73Ubadwvpb8<\/a><amp-img layout=\"fill\" src=\"https:\/\/www.unotv.com\/assets\/img\/video-placeholder.png\" class=\"amp-wp-enforced-sizes i-amphtml-layout-fill i-amphtml-layout-size-defined\" i-amphtml-layout=\"fill\"\/><\/iframe><\/noscript><\/amp-iframe> <\/p>\n<p>Alejandro Mayorkas, <a rel=\"nofollow noopener\" target=\"_blank\" aria-label=\"undefined (abre en una nueva pesta\u00f1a)\" href=\"https:\/\/www.unotv.com\/internacional\/estados-unidos-envia-mensaje-mas-duro-a-migrantes-no-vengan-de-esta-manera-nunca\/\">secretario de Seguridad Nacional<\/a> (DHS) de <strong>Estados Unidos<\/strong>, inici\u00f3 la \u201cOperaci\u00f3n Centinela\u201d, que busca identificar y actuar contra los <strong>coyotes<\/strong> (traficantes de personas), a fin de bloquear la capacidad de los contrabandistas de participar en \u201c<a rel=\"nofollow noopener\" target=\"_blank\" aria-label=\"undefined (abre en una nueva pesta\u00f1a)\" href=\"https:\/\/www.unotv.com\/internacional\/por-que-llega-mas-ninos-migrantes-a-la-frontera-entre-estados-unidos-y-mexico\/\">viajes, comercios y finanzas<\/a>\u201d en ese territorio.<\/p>\n<ul>\n<li>La \u201cOperaci\u00f3n Centinela\u201d revocar\u00e1 documentos de viajes<\/li>\n<li>Tambi\u00e9n suspender\u00e1 actividades comerciales de los <strong>coyotes<\/strong><\/li>\n<li>Congelar\u00e1 activos de los contrabandistas en <strong>Estados Unidos<\/strong><\/li>\n<\/ul>\n<p>El <a rel=\"nofollow noopener\" target=\"_blank\" href=\"https:\/\/www.unotv.com\/internacional\/quien-es-alejandro-mayorkas-latino-que-dirigira-seguridad-interior-de-eu\/\" aria-label=\"undefined (abre en una nueva pesta\u00f1a)\">cubano Alejandro Mayorkas indic\u00f3 que<\/a> los <strong>coyotes<\/strong> \u201crepresentan peligros importantes para los migrantes\u201d, y se\u00f1al\u00f3 que los agentes de la Patrulla Fronteriza (<em>Boder Patrol<\/em>) encontraron los cuerpos de <a rel=\"nofollow noopener\" target=\"_blank\" href=\"https:\/\/www.unotv.com\/internacional\/estados-unidos-envia-mensaje-a-migrantes-no-vengas-la-frontera-esta-cerrada\/\" aria-label=\"undefined (abre en una nueva pesta\u00f1a)\">250 migrantes que murieron en<\/a> camino a <strong>Estados Unidos<\/strong> en el a\u00f1o fiscal de 2020.<\/p>\n<h2>El reto migratorio<\/h2>\n<figure class=\"wp-block-image size-large\"><amp-img src=\"https:\/\/www.unotv.com\/uploads\/2021\/04\/new-project-1-152701.jpg\" alt=\"Estados Unidos coyotes\" class=\"wp-image-278173 amp-wp-unknown-size amp-wp-unknown-width amp-wp-unknown-height amp-wp-enforced-sizes i-amphtml-layout-intrinsic i-amphtml-layout-size-defined\" srcset=\"https:\/\/www.unotv.com\/uploads\/2021\/04\/new-project-1-152701.jpg 1200w, https:\/\/www.unotv.com\/uploads\/2021\/04\/new-project-1-152701-768x432.jpg 768w, https:\/\/www.unotv.com\/uploads\/2021\/04\/new-project-1-152701-800x450.jpg 800w, https:\/\/www.unotv.com\/uploads\/2021\/04\/new-project-1-152701-400x225.jpg 400w, https:\/\/www.unotv.com\/uploads\/2021\/04\/new-project-1-152701-240x135.jpg 240w\" sizes=\"(max-width: 1200px) 100vw, 1200px\" object-fit=\"contain\" width=\"640\" height=\"400\" layout=\"intrinsic\" disable-inline-width=\"\" i-amphtml-layout=\"intrinsic\"><i-amphtml-sizer class=\"i-amphtml-sizer\"><img decoding=\"async\" alt=\"\" aria-hidden=\"true\" class=\"i-amphtml-intrinsic-sizer\" role=\"presentation\" src=\"data:image\/svg+xml;base64,PHN2ZyBoZWlnaHQ9JzQwMCcgd2lkdGg9JzY0MCcgeG1sbnM9J2h0dHA6Ly93d3cudzMub3JnLzIwMDAvc3ZnJyB2ZXJzaW9uPScxLjEnLz4=\"\/><\/i-amphtml-sizer><noscript><img decoding=\"async\" src=\"https:\/\/www.unotv.com\/uploads\/2021\/04\/new-project-1-152701.jpg\" alt=\"Estados Unidos coyotes\" class=\"wp-image-278173 amp-wp-unknown-size amp-wp-unknown-width amp-wp-unknown-height\" srcset=\"https:\/\/www.unotv.com\/uploads\/2021\/04\/new-project-1-152701.jpg 1200w, https:\/\/www.unotv.com\/uploads\/2021\/04\/new-project-1-152701-768x432.jpg 768w, https:\/\/www.unotv.com\/uploads\/2021\/04\/new-project-1-152701-800x450.jpg 800w, https:\/\/www.unotv.com\/uploads\/2021\/04\/new-project-1-152701-400x225.jpg 400w, https:\/\/www.unotv.com\/uploads\/2021\/04\/new-project-1-152701-240x135.jpg 240w\" sizes=\"(max-width: 1200px) 100vw, 1200px\" width=\"640\" height=\"400\"\/><\/noscript><\/amp-img><figcaption>Alejandro Mayorkas, secretario de Seguridad Nacional de <strong>Estados Unidos<\/strong>, inform\u00f3 sobre un programa que busca arrestar a <strong>coyotes<\/strong>. Foto: Reuters.<\/figcaption><\/figure>\n<p>Migrantes de <a rel=\"nofollow noopener\" target=\"_blank\" aria-label=\"undefined (abre en una nueva pesta\u00f1a)\" href=\"https:\/\/www.unotv.com\/internacional\/estados-unidos-pide-a-migrantes-no-ir-a-frontera-con-mexico\/\">Centroam\u00e9rica y otros lugares del mundo<\/a> recurren a los <strong>coyotes<\/strong> para viajar a la frontera, y son propensos a la extorsi\u00f3n, el secuestro y otras formas de violencia. Unas 168 mil personas fueron detenidas por la <em>Boder Patrol<\/em> en la frontera con M\u00e9xico en marzo, el recuento mensual <a rel=\"nofollow noopener\" target=\"_blank\" aria-label=\"undefined (abre en una nueva pesta\u00f1a)\" href=\"https:\/\/www.unotv.com\/internacional\/estados-unidos-con-el-mayor-aumento-de-migrantes-en-frontera-sur-en-20-anios\/\">m\u00e1s alto desde marzo de 2001<\/a>.<\/p>\n<p>El comunicado del DHS cube:<\/p>\n<blockquote class=\"wp-block-quote\">\n<p><em>\u201c(Las actividades de los <strong>coyotes<\/strong>) tienen consecuencias devastadoras para los migrantes. Cortaremos el acceso a sus ganancias, <a rel=\"nofollow noopener\" target=\"_blank\" href=\"https:\/\/www.unotv.com\/internacional\/eu-detiene-en-marzo-a-mayor-numero-de-migrantes-en-dos-decadas\/\" aria-label=\"undefined (abre en una nueva pesta\u00f1a)\">neg\u00e1ndoles la capacidad de participar en viajes<\/a>, comercios y finanzas en <strong>Estados Unidos<\/strong>. Tambi\u00e9n interrumpiremos todas las facetas de la red log\u00edstica (de los <strong>coyotes<\/strong>)\u201d<\/em>.<\/p>\n<\/blockquote>\n<ul>\n<li>Estados Unidos <a rel=\"nofollow noopener\" target=\"_blank\" href=\"https:\/\/www.unotv.com\/nacional\/ebrard-jacobson-mexico-y-estados-unidos-pactan-proteger-asi-a-migrantes-y-economia\/\">habla con M\u00e9xico y pa\u00edses de Centroam\u00e9rica<\/a> para proteger sus fronteras<\/li>\n<li>Hay <strong>coyotes<\/strong> que comunican mal las pol\u00edticas migratorias de <strong>Estados Unidos<\/strong> con fines de lucro<\/li>\n<li>El presidente Joe Biden advirti\u00f3 que echar\u00e1 atr\u00e1s las pol\u00edticas impulsadas por Donald Trump<\/li>\n<\/ul>\n<p>Joe Biden defiende su pol\u00edtica migratoria: <a rel=\"nofollow noopener\" target=\"_blank\" href=\"https:\/\/www.unotv.com\/internacional\/migrantes-usan-escalera-para-cruzar-muro-fronterizo-mexico-estados-unidos\/\" aria-label=\"undefined (abre en una nueva pesta\u00f1a)\">si bien adopt\u00f3 un tono emp\u00e1tico<\/a>, dijo que <strong>Estados Unidos<\/strong> expulsar\u00e1 a la gran mayor\u00eda de los migrantes bajo una orden de salud p\u00fablica por COVID-19, pero que a algunas familias se les permitir\u00e1 ingresar porque <a rel=\"nofollow noopener\" target=\"_blank\" href=\"https:\/\/www.unotv.com\/internacional\/joe-biden-mexico-se-niega-a-recibir-a-migrantes-que-eu-deporta\/\" aria-label=\"undefined (abre en una nueva pesta\u00f1a)\">el Gobierno de M\u00e9xico no acepta su regreso<\/a>.<\/p>\n<figure class=\"wp-block-image size-large\"><amp-img src=\"https:\/\/www.unotv.com\/uploads\/2021\/04\/new-project-153023.jpg\" alt=\"Estados Unidos coyotes\" class=\"wp-image-278176 amp-wp-unknown-size amp-wp-unknown-width amp-wp-unknown-height amp-wp-enforced-sizes i-amphtml-layout-intrinsic i-amphtml-layout-size-defined\" srcset=\"https:\/\/www.unotv.com\/uploads\/2021\/04\/new-project-153023.jpg 1200w, https:\/\/www.unotv.com\/uploads\/2021\/04\/new-project-153023-768x432.jpg 768w, https:\/\/www.unotv.com\/uploads\/2021\/04\/new-project-153023-800x450.jpg 800w, https:\/\/www.unotv.com\/uploads\/2021\/04\/new-project-153023-400x225.jpg 400w, https:\/\/www.unotv.com\/uploads\/2021\/04\/new-project-153023-240x135.jpg 240w\" sizes=\"(max-width: 1200px) 100vw, 1200px\" object-fit=\"contain\" width=\"640\" height=\"400\" layout=\"intrinsic\" disable-inline-width=\"\" i-amphtml-layout=\"intrinsic\"><i-amphtml-sizer class=\"i-amphtml-sizer\"><img decoding=\"async\" alt=\"\" aria-hidden=\"true\" class=\"i-amphtml-intrinsic-sizer\" role=\"presentation\" src=\"data:image\/svg+xml;base64,PHN2ZyBoZWlnaHQ9JzQwMCcgd2lkdGg9JzY0MCcgeG1sbnM9J2h0dHA6Ly93d3cudzMub3JnLzIwMDAvc3ZnJyB2ZXJzaW9uPScxLjEnLz4=\"\/><\/i-amphtml-sizer><noscript><img decoding=\"async\" src=\"https:\/\/www.unotv.com\/uploads\/2021\/04\/new-project-153023.jpg\" alt=\"Estados Unidos coyotes\" class=\"wp-image-278176 amp-wp-unknown-size amp-wp-unknown-width amp-wp-unknown-height\" srcset=\"https:\/\/www.unotv.com\/uploads\/2021\/04\/new-project-153023.jpg 1200w, https:\/\/www.unotv.com\/uploads\/2021\/04\/new-project-153023-768x432.jpg 768w, https:\/\/www.unotv.com\/uploads\/2021\/04\/new-project-153023-800x450.jpg 800w, https:\/\/www.unotv.com\/uploads\/2021\/04\/new-project-153023-400x225.jpg 400w, https:\/\/www.unotv.com\/uploads\/2021\/04\/new-project-153023-240x135.jpg 240w\" sizes=\"(max-width: 1200px) 100vw, 1200px\" width=\"640\" height=\"400\"\/><\/noscript><\/amp-img><figcaption><strong>Estados Unidos<\/strong> dijo que la \u201cOperaci\u00f3n Centinela\u201d tiene, por principal objetivo, cuidar a los migrantes de los <strong>coyotes<\/strong>. Foto: Reuters.<\/figcaption><\/figure>\n<p>El DHS concluy\u00f3:<\/p>\n<blockquote class=\"wp-block-quote\">\n<p><em>\u201c(Los <strong>coyotes<\/strong>) plantean peligros para los migrantes, porque los explotan, y comprometen su bienestar a trav\u00e9s de la violencia, las lesiones y la muerte. Son c\u00f3mplices de agresiones sexuales, trata de personas y abandono de migrantes vulnerables, incluidos ni\u00f1os\u201d<\/em>.<\/p>\n<\/blockquote><\/div>\n\n<p><em> &#8221; Fuentes www.unotv.com &#8221; <\/em><\/p>\n","protected":false},"excerpt":{"rendered":"<p>Alejandro Mayorkas, secretario de Seguridad Nacional (DHS) de Estados Unidos, inici\u00f3 la \u201cOperaci\u00f3n Centinela\u201d, que busca identificar y actuar contra los coyotes (traficantes de personas), a fin de bloquear la capacidad de los contrabandistas de participar en \u201cviajes, comercios y finanzas\u201d en ese territorio. La \u201cOperaci\u00f3n Centinela\u201d revocar\u00e1 documentos de viajes Tambi\u00e9n suspender\u00e1 actividades comerciales [&hellip;]<\/p>\n","protected":false},"author":4,"featured_media":119502,"comment_status":"open","ping_status":"closed","sticky":false,"template":"","format":"standard","meta":{"om_disable_all_campaigns":false,"jnews-multi-image_gallery":[],"jnews_single_post":[],"jnews_primary_category":[],"jnews_social_meta":[],"footnotes":""},"categories":[40],"tags":[22214],"class_list":["post-119501","post","type-post","status-publish","format-standard","has-post-thumbnail","hentry","category-industria","tag-comscore-identifier-comscorekwamp"],"_links":{"self":[{"href":"https:\/\/dimensionturistica.com\/es\/wp-json\/wp\/v2\/posts\/119501","targetHints":{"allow":["GET"]}}],"collection":[{"href":"https:\/\/dimensionturistica.com\/es\/wp-json\/wp\/v2\/posts"}],"about":[{"href":"https:\/\/dimensionturistica.com\/es\/wp-json\/wp\/v2\/types\/post"}],"author":[{"embeddable":true,"href":"https:\/\/dimensionturistica.com\/es\/wp-json\/wp\/v2\/users\/4"}],"replies":[{"embeddable":true,"href":"https:\/\/dimensionturistica.com\/es\/wp-json\/wp\/v2\/comments?post=119501"}],"version-history":[{"count":0,"href":"https:\/\/dimensionturistica.com\/es\/wp-json\/wp\/v2\/posts\/119501\/revisions"}],"wp:featuredmedia":[{"embeddable":true,"href":"https:\/\/dimensionturistica.com\/es\/wp-json\/wp\/v2\/media\/119502"}],"wp:attachment":[{"href":"https:\/\/dimensionturistica.com\/es\/wp-json\/wp\/v2\/media?parent=119501"}],"wp:term":[{"taxonomy":"category","embeddable":true,"href":"https:\/\/dimensionturistica.com\/es\/wp-json\/wp\/v2\/categories?post=119501"},{"taxonomy":"post_tag","embeddable":true,"href":"https:\/\/dimensionturistica.com\/es\/wp-json\/wp\/v2\/tags?post=119501"}],"curies":[{"name":"wp","href":"https:\/\/api.w.org\/{rel}","templated":true}]}}