{"id":119334,"date":"2021-04-30T20:41:51","date_gmt":"2021-04-30T20:41:51","guid":{"rendered":"https:\/\/dimensionturistica.com\/es\/?p=119334"},"modified":"2021-04-30T20:41:51","modified_gmt":"2021-04-30T20:41:51","slug":"punta-cana-avanza-vacunacion-en-el-mayor-polo-turistico-de-rd-noticias-de-turismo","status":"publish","type":"post","link":"https:\/\/dimensionturistica.com\/es\/punta-cana-avanza-vacunacion-en-el-mayor-polo-turistico-de-rd-noticias-de-turismo\/","title":{"rendered":"Punta Cana: avanza vacunaci\u00f3n en el mayor polo tur\u00edstico de RD &#8211; Noticias de turismo"},"content":{"rendered":"<p> <br \/>\n<\/p>\n<div id=\"post-130817\">\n\t<\/p>\n<p>\t  <span class=\"antetitulo\">Ya se han inmunizado 2,111 personas en las 20 estaciones ubicadas en la Terminal B <\/span><\/p>\n<p><b><img decoding=\"async\" src=\"https:\/\/www.arecoa.com\/wp-content\/themes\/arecoa\/images\/flecha.jpg\" style=\"margin:0\" \/><a rel=\"nofollow noopener\" target=\"_blank\" href=\"https:\/\/www.arecoa.com\/destinos\/2021\/04\/07\/grupo-punta-cana-avanza-vacunacion-mayor-polo-turistico-rd\/\" class=\"subtitulo\"> Proceso de vacunaci\u00f3n acelera la recuperaci\u00f3n del turismo<\/a><\/b><\/p>\n<p class=\"relacionadosSingle\" style=\"clear:both\">Temas relacionados: <b><a rel=\"nofollow noopener\" target=\"_blank\" href=\"https:\/\/www.arecoa.com\/tag\/bavaro-punta-cana\/\">B\u00e1varo-Punta Cana<\/a>, <a rel=\"nofollow noopener\" target=\"_blank\" href=\"https:\/\/www.arecoa.com\/tag\/ministerio-de-salud-publica\/\">Ministerio de Salud P\u00fablica<\/a>, <a rel=\"nofollow noopener\" target=\"_blank\" href=\"https:\/\/www.arecoa.com\/tag\/punta-cana\/\">Punta Cana<\/a>, <a rel=\"nofollow noopener\" target=\"_blank\" href=\"https:\/\/www.arecoa.com\/tag\/republica-dominicana\/\">Rep\u00fablica Dominicana<\/a>, <a rel=\"nofollow noopener\" target=\"_blank\" href=\"https:\/\/www.arecoa.com\/tag\/vacuna-anticovid\/\">vacuna anticovid<\/a><\/b><\/p>\n<p>\n\t\t<small>7 abril, 2021<\/small><br \/>\n\t  \t\t\t\t\t\t\t <i>Por <b> M.S. <\/b> <\/i><\/p>\n<p>\t\t<a rel=\"nofollow noopener\" target=\"_blank\" href=\"https:\/\/www.arecoa.com\/destinos\/2021\/04\/07\/grupo-punta-cana-avanza-vacunacion-mayor-polo-turistico-rd\/#comments\" style=\"float:right;\">&#13;<br \/>\n    <img decoding=\"async\" src=\"https:\/\/www.arecoa.com\/wp-content\/themes\/arecoa\/images\/comment.png\" align=\"absmiddle\" \/> 2 comentarios\t\t<\/a>\t<\/p>\n<p>      <!--\n\t  \t\t\t\t  --><\/p>\n<div class=\"post content\">\n<p>A buen ritmo marcha el proceso de vacunaci\u00f3n en la principal zona tur\u00edstica de Rep\u00fablica Dominicana, de acuerdo con el <strong>Grupo Puntacana<\/strong> ya se han inmunizado 2,111 personas en las 20 estaciones de vacunaci\u00f3n simult\u00e1nea ubicadas en la Terminal \u201cB\u201d del aeropuerto de Punta Cana.<\/p>\n<p><a rel=\"nofollow noopener\" target=\"_blank\" href=\"https:\/\/www.arecoa.com\/wp-content\/uploads\/2021\/04\/vacuna-pc.jpg\"><img decoding=\"async\" class=\"alignleft  wp-image-130838\" src=\"https:\/\/www.arecoa.com\/wp-content\/uploads\/2021\/04\/vacuna-pc.jpg\" alt=\"\" width=\"288\" height=\"360\" srcset=\"https:\/\/www.arecoa.com\/wp-content\/uploads\/2021\/04\/vacuna-pc.jpg 667w, https:\/\/www.arecoa.com\/wp-content\/uploads\/2021\/04\/vacuna-pc-240x300.jpg 240w, https:\/\/www.arecoa.com\/wp-content\/uploads\/2021\/04\/vacuna-pc-250x313.jpg 250w, https:\/\/www.arecoa.com\/wp-content\/uploads\/2021\/04\/vacuna-pc-423x530.jpg 423w\" sizes=\"(max-width: 288px) 100vw, 288px\" \/><\/a>\u201cGrupo Punta Cana contin\u00faa avanzando en el proceso de vacunaci\u00f3n del <strong>Ministerio de Salud P\u00fablica <\/strong>para la poblaci\u00f3n nacional y la prevenci\u00f3n del Covid-19\u201d, indica el grupo tur\u00edstico a trav\u00e9s de sus redes sociales.<\/p>\n<p>Sostienen que siguen vacunando en su primera fase a personas mayores de 68 a\u00f1os, educadores y private m\u00e9dico de la zona, que cumplan con el requisito de ser ciudadanos dominicanos y\/o residentes con c\u00e9dula en el pa\u00eds.<\/p>\n<p>El proceso de vacunaci\u00f3n en la standard zona tur\u00edstica es elementary para reactivar la hoteler\u00eda y las dem\u00e1s actividades ligadas a la industria tur\u00edstica, de hecho los resultados ya se empiezan a ver, y es que en los \u00faltimos d\u00edas la zona de <strong>B\u00e1varo-Punta Cana<\/strong> registr\u00f3 una ocupaci\u00f3n de un 71.3%.<\/p>\n<p>Los protocolos que aplican los establecimientos hoteleros, adem\u00e1s del seguro tur\u00edstico gratuito que ofrece el pa\u00eds, est\u00e1n haciendo que el viajero retome la confianza de vacacionar en Rep\u00fablica Dominicana, especialmente en Punta Cana, destino que ha experimentado un increase en vuelos desde Espa\u00f1a, mientras la demanda desde EEUU empieza a levantarse.<\/p>\n<p><a rel=\"nofollow noopener\" target=\"_blank\" href=\"https:\/\/www.arecoa.com\/wp-content\/uploads\/2021\/04\/vacunacion-pc1.jpg\"><img decoding=\"async\" class=\"alignleft  wp-image-130839\" src=\"https:\/\/www.arecoa.com\/wp-content\/uploads\/2021\/04\/vacunacion-pc1.jpg\" alt=\"\" width=\"288\" height=\"361\" srcset=\"https:\/\/www.arecoa.com\/wp-content\/uploads\/2021\/04\/vacunacion-pc1.jpg 667w, https:\/\/www.arecoa.com\/wp-content\/uploads\/2021\/04\/vacunacion-pc1-240x300.jpg 240w, https:\/\/www.arecoa.com\/wp-content\/uploads\/2021\/04\/vacunacion-pc1-250x313.jpg 250w, https:\/\/www.arecoa.com\/wp-content\/uploads\/2021\/04\/vacunacion-pc1-423x530.jpg 423w\" sizes=\"(max-width: 288px) 100vw, 288px\" \/><\/a><\/p>\n<p><!-- AddThis Advanced Settings above via filter on the_content --><!-- AddThis Advanced Settings below via filter on the_content --><!-- AddThis Advanced Settings generic via filter on the_content --><!-- AddThis Share Buttons above via filter on the_content --><!-- AddThis Share Buttons below via filter on the_content --><!-- AddThis Share Buttons generic via filter on the_content --><\/div>\n<hr class=\"noCss\" \/><\/div>\n\n<p><em> &#8221; Fuentes www.arecoa.com &#8221; <\/em><\/p>\n","protected":false},"excerpt":{"rendered":"<p>Ya se han inmunizado 2,111 personas en las 20 estaciones ubicadas en la Terminal B Proceso de vacunaci\u00f3n acelera la recuperaci\u00f3n del turismo Temas relacionados: B\u00e1varo-Punta Cana, Ministerio de Salud P\u00fablica, Punta Cana, Rep\u00fablica Dominicana, vacuna anticovid 7 abril, 2021 Por M.S. &#13; 2 comentarios A buen ritmo marcha el proceso de vacunaci\u00f3n en la [&hellip;]<\/p>\n","protected":false},"author":4,"featured_media":0,"comment_status":"open","ping_status":"closed","sticky":false,"template":"","format":"standard","meta":{"om_disable_all_campaigns":false,"jnews-multi-image_gallery":[],"jnews_single_post":[],"jnews_primary_category":[],"jnews_social_meta":[],"footnotes":""},"categories":[40],"tags":[],"class_list":["post-119334","post","type-post","status-publish","format-standard","hentry","category-industria"],"_links":{"self":[{"href":"https:\/\/dimensionturistica.com\/es\/wp-json\/wp\/v2\/posts\/119334","targetHints":{"allow":["GET"]}}],"collection":[{"href":"https:\/\/dimensionturistica.com\/es\/wp-json\/wp\/v2\/posts"}],"about":[{"href":"https:\/\/dimensionturistica.com\/es\/wp-json\/wp\/v2\/types\/post"}],"author":[{"embeddable":true,"href":"https:\/\/dimensionturistica.com\/es\/wp-json\/wp\/v2\/users\/4"}],"replies":[{"embeddable":true,"href":"https:\/\/dimensionturistica.com\/es\/wp-json\/wp\/v2\/comments?post=119334"}],"version-history":[{"count":0,"href":"https:\/\/dimensionturistica.com\/es\/wp-json\/wp\/v2\/posts\/119334\/revisions"}],"wp:attachment":[{"href":"https:\/\/dimensionturistica.com\/es\/wp-json\/wp\/v2\/media?parent=119334"}],"wp:term":[{"taxonomy":"category","embeddable":true,"href":"https:\/\/dimensionturistica.com\/es\/wp-json\/wp\/v2\/categories?post=119334"},{"taxonomy":"post_tag","embeddable":true,"href":"https:\/\/dimensionturistica.com\/es\/wp-json\/wp\/v2\/tags?post=119334"}],"curies":[{"name":"wp","href":"https:\/\/api.w.org\/{rel}","templated":true}]}}