{"id":119325,"date":"2021-04-30T20:21:24","date_gmt":"2021-04-30T20:21:24","guid":{"rendered":"https:\/\/dimensionturistica.com\/es\/?p=119325"},"modified":"2021-04-30T20:21:25","modified_gmt":"2021-04-30T20:21:25","slug":"habitantes-de-el-crucero-se-suman-a-jornada-voluntaria-de-vacunacion-contra-el-covid-19","status":"publish","type":"post","link":"https:\/\/dimensionturistica.com\/es\/habitantes-de-el-crucero-se-suman-a-jornada-voluntaria-de-vacunacion-contra-el-covid-19\/","title":{"rendered":"Habitantes de El Crucero se suman a jornada voluntaria de vacunaci\u00f3n contra el Covid-19"},"content":{"rendered":"<p> <br \/>\n<\/p>\n<div>\n<p>Adultos mayores y personas con cardiopat\u00edas o patolog\u00edas relacionadas con el<strong> c\u00e1ncer en El Crucero<\/strong>, se sumaron este viernes a la<strong> jornada de vacunaci\u00f3n voluntaria contra la Covid-19.<\/strong><\/p>\n<p>De acuerdo con la<strong> Doctora Meyling Brenes, directora del Silais-Managua<\/strong> se trata de la recta ultimate de la primera etapa de esta jornada, por lo que period el turno de este municipio.<\/p>\n<p>\u201c<em>Hay una buena aceptaci\u00f3n de parte de la poblaci\u00f3n adulto mayor, y de los pacientes que est\u00e1n recibiendo la vacuna voluntaria contra la Covid-19\u201d<\/em>, coment\u00f3.<\/p>\n<p><img decoding=\"async\" src=\"https:\/\/dimensionturistica.com\/es\/wp-content\/uploads\/2021\/04\/Habitantes-de-El-Crucero-se-suman-a-jornada-voluntaria-de.jpg\" alt=\"MATEARE\"\/><\/p>\n<p>\u201c<em>Para nosotros es un gusto poder ver a todos nuestros ancianitos venir aqu\u00ed y poder aplicar con amor, con cari\u00f1o todo este proceso de la vacunaci\u00f3n que ha sido tan efectivo y que parte de la restituci\u00f3n de los derechos de nuestras familias, de nuestros adultos mayores y que lo estamos haciendo de una manera segura, con todo el protocolo que nosotros ya tenemos establecidos para garantizar que los pacientes est\u00e9n estables al momento de aplicarse la primera vacuna, la primera dosis\u201d<\/em>, mencion\u00f3.<\/p>\n<p>Roger Carballo, uno de los que decidi\u00f3 aplicarse el f\u00e1rmaco, manifest\u00f3 que fue atendido muy oportunamente.<\/p>\n<p>\u201c<em>Ha sido una buena atenci\u00f3n. Esto fue voluntario, me a<\/em><em>pu<\/em><em>ntaron y me dijeron que viniera a aplicarme la vacuna del covid, tranquilo me siento gracias a Dios yo me he sentido bien, d\u00e1ndole gracias a Jesucristo y el Gobierno bueno que tenemos\u201d<\/em>, destac\u00f3.<\/p>\n<p><img decoding=\"async\" src=\"https:\/\/dimensionturistica.com\/es\/wp-content\/uploads\/2021\/04\/1619814079_949_Habitantes-de-El-Crucero-se-suman-a-jornada-voluntaria-de.jpg\" alt=\"MATEARE\"\/><\/p>\n<p>Asimismo, Julio C\u00e9sar Silva Alem\u00e1n, valor\u00f3 la buena atenci\u00f3n recibida y el buen actuar del <strong>Gobierno Sandinista<\/strong> priorizando ante todo la salud del pueblo.<\/p>\n<p>\u201c<em>Ha sido un proceso buen\u00edsimo. Agradeci\u00e9ndole al Gobierno y a la se\u00f1ora <strong>Rosario Murillo<\/strong> por toda la atenci\u00f3n y la vacuna que nos mand\u00f3\u201d<\/em>, dijo.<\/p>\n<p>Para que los pacientes queden inmunizados deben aplicarse la segunda dosis despu\u00e9s de 9 semanas. La vacuna que est\u00e1 siendo aplicada a este grupo es la Covishield, manufacturada en la India.<\/p>\n<p><img decoding=\"async\" src=\"https:\/\/dimensionturistica.com\/es\/wp-content\/uploads\/2021\/04\/1619814080_382_Habitantes-de-El-Crucero-se-suman-a-jornada-voluntaria-de.jpg\" alt=\"MATEARE\"\/><\/p>\n<p><img decoding=\"async\" src=\"https:\/\/dimensionturistica.com\/es\/wp-content\/uploads\/2021\/04\/1619814083_482_Habitantes-de-El-Crucero-se-suman-a-jornada-voluntaria-de.jpg\" alt=\"MATEARE\"\/><\/p>\n<p>\u00a0<\/p>\n<p>            <!-- \/\/\/\/\/\/\/Social Network shared and Links\/\/\/\/\/\/\/\/\/ --><\/p><\/div>\n<p><script>(function(d, s, id) {\n\t  var js, fjs = d.getElementsByTagName(s)[0];\n\t  if (d.getElementById(id)) return;\n\t  js = d.createElement(s); js.id = id;\n\t  js.src = \"https:\/\/connect.facebook.net\/es_LA\/sdk.js#xfbml=1&appId=595006310565831&version=v2.0\";\n\t  fjs.parentNode.insertBefore(js, fjs);\n\t}(document, 'script', 'facebook-jssdk'));<\/script><br \/>\n<br \/><\/p>\n<p><em> &#8221; Fuentes www.el19digital.com &#8221; <\/em><\/p>\n","protected":false},"excerpt":{"rendered":"<p>Adultos mayores y personas con cardiopat\u00edas o patolog\u00edas relacionadas con el c\u00e1ncer en El Crucero, se sumaron este viernes a la jornada de vacunaci\u00f3n voluntaria contra la Covid-19. De acuerdo con la Doctora Meyling Brenes, directora del Silais-Managua se trata de la recta ultimate de la primera etapa de esta jornada, por lo que period [&hellip;]<\/p>\n","protected":false},"author":4,"featured_media":0,"comment_status":"open","ping_status":"closed","sticky":false,"template":"","format":"standard","meta":{"om_disable_all_campaigns":false,"jnews-multi-image_gallery":[],"jnews_single_post":[],"jnews_primary_category":[],"jnews_social_meta":[],"footnotes":""},"categories":[41],"tags":[510,22911,22910,22909,10944],"class_list":["post-119325","post","type-post","status-publish","format-standard","hentry","category-cruceros","tag-covid-19","tag-jornada-de-vacunacion","tag-jornada-voluntaria","tag-mateare","tag-vacunacion"],"_links":{"self":[{"href":"https:\/\/dimensionturistica.com\/es\/wp-json\/wp\/v2\/posts\/119325","targetHints":{"allow":["GET"]}}],"collection":[{"href":"https:\/\/dimensionturistica.com\/es\/wp-json\/wp\/v2\/posts"}],"about":[{"href":"https:\/\/dimensionturistica.com\/es\/wp-json\/wp\/v2\/types\/post"}],"author":[{"embeddable":true,"href":"https:\/\/dimensionturistica.com\/es\/wp-json\/wp\/v2\/users\/4"}],"replies":[{"embeddable":true,"href":"https:\/\/dimensionturistica.com\/es\/wp-json\/wp\/v2\/comments?post=119325"}],"version-history":[{"count":0,"href":"https:\/\/dimensionturistica.com\/es\/wp-json\/wp\/v2\/posts\/119325\/revisions"}],"wp:attachment":[{"href":"https:\/\/dimensionturistica.com\/es\/wp-json\/wp\/v2\/media?parent=119325"}],"wp:term":[{"taxonomy":"category","embeddable":true,"href":"https:\/\/dimensionturistica.com\/es\/wp-json\/wp\/v2\/categories?post=119325"},{"taxonomy":"post_tag","embeddable":true,"href":"https:\/\/dimensionturistica.com\/es\/wp-json\/wp\/v2\/tags?post=119325"}],"curies":[{"name":"wp","href":"https:\/\/api.w.org\/{rel}","templated":true}]}}