{"id":119319,"date":"2021-04-30T20:16:42","date_gmt":"2021-04-30T20:16:42","guid":{"rendered":"https:\/\/dimensionturistica.com\/es\/?p=119319"},"modified":"2021-04-30T20:16:42","modified_gmt":"2021-04-30T20:16:42","slug":"se-formo-en-viedma-el-ente-mixto-de-promocion-turistica","status":"publish","type":"post","link":"https:\/\/dimensionturistica.com\/es\/se-formo-en-viedma-el-ente-mixto-de-promocion-turistica\/","title":{"rendered":"Se form\u00f3 en Viedma el Ente Mixto de Promoci\u00f3n Tur\u00edstica"},"content":{"rendered":"<p> <br \/>\n<\/p>\n<div>\n<p>\t\t\t\t\t\t\t\t\t<noscript><a rel=\"nofollow noopener\" target=\"_blank\" href=\"https:\/\/ads.e-planning.net\/ei\/3\/4d3e\/Notas\/Notas_AB1?it=i&amp;rnd=$RANDOM\"><img decoding=\"async\" width=\"300\" height=\"250\" alt=\"e-planning.net ad\" src=\"https:\/\/ads.e-planning.net\/eb\/3\/4d3e\/Notas\/Notas_AB1?o=i&amp;rnd=$RANDOM\" border=\"0\"\/><\/a><\/noscript>    <\/p>\n<p>El Ente Mixto de Promoci\u00f3n Tur\u00edstica (Envitur) de Viedma, creado en diciembre pasado por ordenanza del Concejo Deliberante, <strong>tuvo su reuni\u00f3n constitutiva en el catamar\u00e1n Curr\u00fa Leuv\u00fa y fueron elegidos los integrantes del directorio.<\/strong><\/p>\n<div class=\"wp-block-lazyblock-leer-mas lazyblock-leer-mas-19wGb3\">\n<article class=\"news news--summary news--55-81\">\n<figure class=\"news__media\">\n\t\t\t\t\t<a rel=\"nofollow noopener\" target=\"_blank\" href=\"https:\/\/www.rionegro.com.ar\/rio-negro-pedira-pcr-negativo-a-quienes-ingresen-desde-otras-provincias-1793704\/\" title=\"R\u00edo Negro pedir\u00e1 PCR negativo a quienes ingresen desde otras provincias\"><br \/>\n\t\t\t\t\t\t<img decoding=\"async\" loading=\"lazy\" src=\"https:\/\/www.rionegro.com.ar\/wp-content\/uploads\/2021\/04\/rodrigo.jpeg?w=650&amp;h=350\" width=\"215\" height=\"120\" alt=\"\"\/><br \/>\n\t\t\t\t\t<\/a><br \/>\n\t\t\t\t<\/figure>\n<\/article>\n<\/div>\n<p><strong>La presidencia recay\u00f3 en el precise subsecretario de Turismo del municipio, Sergio Rodr\u00edguez, propuesto por el intendente Pedro Pesatti<\/strong>, tal como establece la ordenanza,  y el resto de los cargos fueron aprobados por unanimidad durante el desarrollo del encuentro.<\/p>\n<p>Como <strong>vicepresidente fue elegido Carlos Steding, representante del SKAL Comarca Viedma y Patagones; la designaci\u00f3n de secretario recay\u00f3 en Agust\u00edn Rodr\u00edguez, de la Asociaci\u00f3n de Hoteleros y Gastron\u00f3micos de la Zona Atl\u00e1ntica (FEHGRA)<\/strong>; como tesorera actuar\u00e1 Romina Sagarzazu, de la C\u00e1mara de Comercio, Turismo, Industria y Producci\u00f3n; professional tesorero ser\u00e1 Juan Gorosito, secretario de Turismo, Cultura y Deportes de la Municipalidad; y finalmente como directores fueron elegidos Marcelo Mancini, secretario de Turismo y Deportes de la Provincia, el concejal Marco Magnanelli, por el Concejo Deliberante; y Jorge F\u00e1bregues, por la Federaci\u00f3n de Empresas de Viajes y Turismo (FAEVYT).<\/p>\n<p>A partir de la puesta en marcha del ente, <strong>se proyectar\u00e1n acciones promocionales y de difusi\u00f3n integral del destino tur\u00edstico Viedma,<\/strong> con sus productos y servicios; a trav\u00e9s de un trabajo en conjunto y consensuado que potencie los esfuerzos de la acci\u00f3n p\u00fablica y privada del sector.<\/p>\n<p>Sergio Rodriguez resalt\u00f3 que <strong>\u201cel ente de promoci\u00f3n tur\u00edstica de Viedma va a constituir en una gran herramienta para impulsar una estrategia sistem\u00e1tica de promoci\u00f3n tur\u00edstica de nuestra ciudad, acordada entre los sectores p\u00fablico, y privado <\/strong>y con fondos espec\u00edficos establecidos por ordenanza. El objetivo es que con el Envitur, la promoci\u00f3n tur\u00edstica pueda posicionarse en los mercados y esto se convierta en pol\u00edtica de estado\u201d<\/p>\n<p>En la reunion estuvieron presentes representes del Poder Ejecutivo Municipal, del Concejo Deliberante, Ministerio de Turismo y Deporte de R\u00edo Negro, asociaciones intermedias, representantes del SKAL, FEHGRA, la Federaci\u00f3n de Empresas de Viajes y Turismo Regi\u00f3n Atl\u00e1ntica (FAEVIT) y la C\u00e1mara de Comercio, Turismo, Industria y Producci\u00f3n de la capital provincial.<\/p>\n<p>\t\t\t\t\t\t\t\t\t<br class=\"clear\"\/><\/p>\n<p>\t\t\t\t\t\t\t<!--\n\n<div id=\"suscribe_widget\"><\/div>\n\n --><\/p>\n<div class=\"modulo-news-nota-inferior\">\n<p><b>SUSCRIBITE A NOTICIAS DIARIAS <\/b><br \/>Todos los d\u00edas un correo con las noticias m\u00e1s importantes del d\u00eda.<\/p>\n<p>\t\t<iframe loading=\"lazy\" width=\"100%\" height=\"130\" src=\"https:\/\/especiales-rionegro.s3.amazonaws.com\/news\/form-landing-noticias-diarias.html\" frameborder=\"0\" scrolling=\"no\" allowfullscreen=\"\"><\/iframe>\n\t\t\t<\/div><\/div>\n<p><script type=\"text\/javascript\">\n\t\t\t(function(d, s, id) {var js, fjs = d.getElementsByTagName(s)[0];if (d.getElementById(id)) return;js = d.createElement(s); js.id = id;js.src=\"https:\/\/connect.facebook.net\/es_ES\/sdk.js#xfbml=1&version=v3.0&appId=1410314005864209&autoLogAppEvents=1\";fjs.parentNode.insertBefore(js, fjs);}(document, 'script', 'facebook-jssdk'));\n\t\t<\/script><br \/>\n<br \/><\/p>\n<p><em> &#8221; Fuentes www.rionegro.com.ar &#8221; <\/em><\/p>\n","protected":false},"excerpt":{"rendered":"<p>El Ente Mixto de Promoci\u00f3n Tur\u00edstica (Envitur) de Viedma, creado en diciembre pasado por ordenanza del Concejo Deliberante, tuvo su reuni\u00f3n constitutiva en el catamar\u00e1n Curr\u00fa Leuv\u00fa y fueron elegidos los integrantes del directorio. La presidencia recay\u00f3 en el precise subsecretario de Turismo del municipio, Sergio Rodr\u00edguez, propuesto por el intendente Pedro Pesatti, tal como [&hellip;]<\/p>\n","protected":false},"author":4,"featured_media":0,"comment_status":"open","ping_status":"closed","sticky":false,"template":"","format":"standard","meta":{"om_disable_all_campaigns":false,"jnews-multi-image_gallery":[],"jnews_single_post":[],"jnews_primary_category":[],"jnews_social_meta":[],"footnotes":""},"categories":[40],"tags":[],"class_list":["post-119319","post","type-post","status-publish","format-standard","hentry","category-industria"],"_links":{"self":[{"href":"https:\/\/dimensionturistica.com\/es\/wp-json\/wp\/v2\/posts\/119319","targetHints":{"allow":["GET"]}}],"collection":[{"href":"https:\/\/dimensionturistica.com\/es\/wp-json\/wp\/v2\/posts"}],"about":[{"href":"https:\/\/dimensionturistica.com\/es\/wp-json\/wp\/v2\/types\/post"}],"author":[{"embeddable":true,"href":"https:\/\/dimensionturistica.com\/es\/wp-json\/wp\/v2\/users\/4"}],"replies":[{"embeddable":true,"href":"https:\/\/dimensionturistica.com\/es\/wp-json\/wp\/v2\/comments?post=119319"}],"version-history":[{"count":0,"href":"https:\/\/dimensionturistica.com\/es\/wp-json\/wp\/v2\/posts\/119319\/revisions"}],"wp:attachment":[{"href":"https:\/\/dimensionturistica.com\/es\/wp-json\/wp\/v2\/media?parent=119319"}],"wp:term":[{"taxonomy":"category","embeddable":true,"href":"https:\/\/dimensionturistica.com\/es\/wp-json\/wp\/v2\/categories?post=119319"},{"taxonomy":"post_tag","embeddable":true,"href":"https:\/\/dimensionturistica.com\/es\/wp-json\/wp\/v2\/tags?post=119319"}],"curies":[{"name":"wp","href":"https:\/\/api.w.org\/{rel}","templated":true}]}}